{"id":18542,"date":"2023-06-13T17:38:46","date_gmt":"2023-06-13T15:38:46","guid":{"rendered":"https:\/\/allzone.es\/blog\/?p=18542"},"modified":"2023-10-04T10:52:27","modified_gmt":"2023-10-04T08:52:27","slug":"como-elegir-un-ventilador-de-techo","status":"publish","type":"post","link":"https:\/\/shopenzona.es\/blog\/como-elegir-un-ventilador-de-techo\/","title":{"rendered":"C\u00f3mo elegir un ventilador de techo"},"content":{"rendered":"\n<p>Se acercan los meses m\u00e1s calurosos del a\u00f1o y los ventiladores de techo son una gran opci\u00f3n para mantener el aire fresco y c\u00f3modo en tu hogar durante estos meses. Adem\u00e1s de proporcionar una brisa refrescante, pueden ser una adici\u00f3n estil\u00edstica a la decoraci\u00f3n de tu hogar. Sin embargo, con tantas opciones disponibles en el mercado, puede resultar abrumador elegir el ventilador de techo adecuado para la <a href=\"https:\/\/shopenzona.es\/1747-climatizacion\" target=\"_blank\" rel=\"noreferrer noopener\">climatizaci\u00f3n<\/a> de tu hogar. En esta gu\u00eda, te proporcionaremos cuales son los pasos principales, las caracter\u00edsticas a considerar y algunos consejos \u00fatiles para ayudarte a elegir el ventilador de techo perfecto seg\u00fan tus necesidades.&nbsp;<\/p>\n\n\n\n<h2><strong>Pasos principales para elegir qu\u00e9 ventilador de techo comprar<\/strong><\/h2>\n\n\n\n<h3>Paso 1: Tama\u00f1o adecuado<\/h3>\n\n\n\n<p>El primer paso para elegir un ventilador de techo es determinar el tama\u00f1o adecuado. Mide la habitaci\u00f3n donde planeas instalar el ventilador y ten en cuenta que el tama\u00f1o del ventilador debe estar en proporci\u00f3n con el espacio. Aqu\u00ed hay una gu\u00eda general para ayudarte:<\/p>\n\n\n\n<p>Habitaciones peque\u00f1as (hasta 30 m2): Ventiladores de techo de 36 a 42 pulgadas.<\/p>\n\n\n\n<p>Habitaciones medianas ( 30 a 68 m2): Ventiladores de techo de 44 a 50 pulgadas.<\/p>\n\n\n\n<p>Habitaciones grandes (m\u00e1s de 68 m2): Ventiladores de techo de 52 pulgadas o m\u00e1s.<\/p>\n\n\n\n<p>Los ventiladores vienen en una variedad de tama\u00f1os, desde modelos peque\u00f1os de 30 pulgadas hasta modelos grandes de 60 pulgadas o m\u00e1s. Como regla general, cuanto m\u00e1s grande sea la habitaci\u00f3n, m\u00e1s grande debe ser el tama\u00f1o del ventilador.<\/p>\n\n\n\n<h3>Paso 2: Eficiencia energ\u00e9tica<\/h3>\n\n\n\n<p>La eficiencia energ\u00e9tica es importante para reducir el consumo de electricidad y ahorrar dinero a largo plazo. Busca ventiladores de techo con certificaci\u00f3n Energy Star, ya que cumplen con est\u00e1ndares de eficiencia energ\u00e9tica establecidos. Adem\u00e1s, considera los ventiladores con motores de corriente continua (DC), que son a\u00fan m\u00e1s eficientes energ\u00e9ticamente que los motores de corriente alterna (AC) convencionales.<\/p>\n\n\n\n<h3>Paso 3: Elige el estilo y el dise\u00f1o<\/h3>\n\n\n\n<p>Los ventiladores de techo est\u00e1n disponibles en una amplia variedad de estilos y dise\u00f1os para adaptarse a diferentes gustos y decoraciones de interiores. Desde dise\u00f1os modernos y minimalistas hasta estilos m\u00e1s tradicionales o r\u00fasticos, aseg\u00farate de elegir un ventilador que complemente el estilo general de tu hogar. Tambi\u00e9n puedes considerar caracter\u00edsticas como las aspas del ventilador, que pueden ser reversibles para cambiar el aspecto estacionalmente.<\/p>\n\n\n\n<div class=\"wp-block-image\"><figure class=\"aligncenter size-full\"><a href=\"https:\/\/shopenzona.es\/ventiladores\/360641-ventilador-de-techo-con-lampara-marron-oscuro-76-cm-8720286145937.html\" target=\"_blank\" rel=\"noopener\"><img loading=\"lazy\" width=\"600\" height=\"600\" src=\"https:\/\/shopenzona.es\/blog\/wp-content\/uploads\/2023\/06\/ventilador-de-techo-con-lampara-marron-oscuro-76-cm.jpg\" alt=\"Ventilador de techo con aspas reversibles.\" class=\"wp-image-18548\" srcset=\"https:\/\/shopenzona.es\/blog\/wp-content\/uploads\/2023\/06\/ventilador-de-techo-con-lampara-marron-oscuro-76-cm.jpg 600w, https:\/\/shopenzona.es\/blog\/wp-content\/uploads\/2023\/06\/ventilador-de-techo-con-lampara-marron-oscuro-76-cm-300x300.jpg 300w, https:\/\/shopenzona.es\/blog\/wp-content\/uploads\/2023\/06\/ventilador-de-techo-con-lampara-marron-oscuro-76-cm-150x150.jpg 150w\" sizes=\"(max-width: 600px) 100vw, 600px\" \/><\/a><\/figure><\/div>\n\n\n\n<h3>Paso 4: Verifica el nivel de ruido<\/h3>\n\n\n\n<p>Si planeas instalar el ventilador de techo en una habitaci\u00f3n donde el ruido puede ser molesto, como el dormitorio o la sala de estar, es importante verificar el nivel de ruido del ventilador. Busca modelos que tengan motores silenciosos y opciones de control de velocidad para ajustar el ruido seg\u00fan tus preferencias.<\/p>\n\n\n\n<h3>Paso 5: Altura del techo<\/h3>\n\n\n\n<p>Es necesario verificar la altura del techo donde quieres instalar el ventilador. Para techos bajos, elige un ventilador con perfil bajo o considera la opci\u00f3n de ventiladores de techo sin aspas para evitar posibles problemas de espacio.<\/p>\n\n\n\n<h2><strong>Caracter\u00edsticas y funciones adicionales&nbsp;<\/strong><\/h2>\n\n\n\n<p>Si no sabes que ventilador de techo comprar debes tener en cuenta ciertas caracter\u00edsticas y funciones adicionales que pueden variar seg\u00fan tus necesidades, pues algunos ventiladores de techo tienen ciertas caracter\u00edsticas adicionales que pueden hacerlos a\u00fan m\u00e1s atractivos de usar.&nbsp;<\/p>\n\n\n\n<h3>Control remoto<\/h3>\n\n\n\n<p>Esta funci\u00f3n facilita el ajuste de la velocidad, la direcci\u00f3n y la luz del ventilador desde la comodidad de tu asiento.<\/p>\n\n\n\n<h3>Funci\u00f3n de inversi\u00f3n<\/h3>\n\n\n\n<p>Permite que el ventilador gire en sentido contrario para redistribuir el aire caliente en invierno.<\/p>\n\n\n\n<h3>Iluminaci\u00f3n integrada<\/h3>\n\n\n\n<p>Algunos ventiladores de techo vienen con luces integradas, lo que puede ser conveniente si necesitas iluminaci\u00f3n adicional en la habitaci\u00f3n.<\/p>\n\n\n\n<div class=\"wp-block-image\"><figure class=\"aligncenter size-full\"><a href=\"https:\/\/shopenzona.es\/ventiladores\/201572-ventilador-de-techo-adornado-con-lampara-128-cm-blanco-8718475508854.html\" target=\"_blank\" rel=\"noopener\"><img loading=\"lazy\" width=\"600\" height=\"600\" src=\"https:\/\/shopenzona.es\/blog\/wp-content\/uploads\/2023\/06\/ventilador-de-techo-adornado-con-lampara-128-cm-blanco-1.jpg\" alt=\"Ventilador de techo con luz integrada.\" class=\"wp-image-18550\" srcset=\"https:\/\/shopenzona.es\/blog\/wp-content\/uploads\/2023\/06\/ventilador-de-techo-adornado-con-lampara-128-cm-blanco-1.jpg 600w, https:\/\/shopenzona.es\/blog\/wp-content\/uploads\/2023\/06\/ventilador-de-techo-adornado-con-lampara-128-cm-blanco-1-300x300.jpg 300w, https:\/\/shopenzona.es\/blog\/wp-content\/uploads\/2023\/06\/ventilador-de-techo-adornado-con-lampara-128-cm-blanco-1-150x150.jpg 150w\" sizes=\"(max-width: 600px) 100vw, 600px\" \/><\/a><\/figure><\/div>\n\n\n\n<h3>Temporizador programable<\/h3>\n\n\n\n<p>Esta funci\u00f3n nos permite programar el encendido y apagado del ventilador de forma sencilla y sin necesidad de estar en la estancia.<\/p>\n\n\n\n<p><\/p>\n\n\n\n<h2><strong>Consejos para saber como elegir tu ventilador de techo ideal<\/strong><strong><\/strong><\/h2>\n\n\n\n<p>Desde Allzone te aconsejamos evaluar que caracter\u00edsticas adicionales de las nombradas anteriormente son importantes para ti, para que puedas elegir un ventilador de techo que las tenga, adem\u00e1s de tener en cuenta otros factores antes de realizar la compra como son: el presupuesto, la calidad y la garant\u00eda del mismo.<\/p>\n\n\n\n<ul><li>Presupuesto: Establece un presupuesto para tu compra y busca opciones que se ajusten a \u00e9l. Hay una amplia gama de ventiladores de techo disponibles en diferentes rangos de precios, por lo que podr\u00e1s encontrar uno que se ajuste a tus necesidades y presupuesto.<\/li><\/ul>\n\n\n\n<ul><li>Calidad y garant\u00eda: Investiga sobre la reputaci\u00f3n de la marca y la calidad del ventilador de techo que est\u00e1s considerando comprar. Aseg\u00farate de que ofrezca una garant\u00eda adecuada que te brinde tranquilidad en caso de problemas futuros.<\/li><\/ul>\n\n\n\n<p>En conclusi\u00f3n elegir un ventilador de techo adecuado para tu hogar implica considerar el tama\u00f1o, la eficiencia energ\u00e9tica, el estilo, el nivel de ruido y las funciones adicionales.&nbsp;<\/p>\n\n\n\n<p>Os dejamos cuatro ejemplos de <a href=\"https:\/\/shopenzona.es\/1813-ventiladores\">ventiladores<\/a> de nuestro cat\u00e1logo para que puedas decantarte por que ventilador de techo comprar.<\/p>\n\n\n\n<h3>1. Ventilador de techo con luz<\/h3>\n\n\n\n<p>Fabricado en cromo y MDF, este ventilador de techo es resistente y duradero. Cuenta con 3 niveles de velocidad diferentes y funci\u00f3n de temporizador. Gracias al mando a distancia incluido, el ventilador se puede controlar c\u00f3modamente. Con la l\u00e1mpara incorporada, el ventilador de techo ilumina la habitaci\u00f3n y crea un ambiente agradable en tu hogar.<\/p>\n\n\n\n<div class=\"wp-block-image\"><figure class=\"aligncenter size-full\"><a href=\"https:\/\/shopenzona.es\/ventiladores\/361087-ventilador-de-techo-con-luz-con-mando-marron-oscuro-108-cm-8720286145968.html\" target=\"_blank\" rel=\"noopener\"><img loading=\"lazy\" width=\"600\" height=\"600\" src=\"https:\/\/shopenzona.es\/blog\/wp-content\/uploads\/2023\/06\/ventilador-de-techo-con-luz-con-mando-marron-oscuro-108-cm-1.jpg\" alt=\"Ventilador de techo con l\u00e1mpara incorporada.\" class=\"wp-image-18553\" srcset=\"https:\/\/shopenzona.es\/blog\/wp-content\/uploads\/2023\/06\/ventilador-de-techo-con-luz-con-mando-marron-oscuro-108-cm-1.jpg 600w, https:\/\/shopenzona.es\/blog\/wp-content\/uploads\/2023\/06\/ventilador-de-techo-con-luz-con-mando-marron-oscuro-108-cm-1-300x300.jpg 300w, https:\/\/shopenzona.es\/blog\/wp-content\/uploads\/2023\/06\/ventilador-de-techo-con-luz-con-mando-marron-oscuro-108-cm-1-150x150.jpg 150w\" sizes=\"(max-width: 600px) 100vw, 600px\" \/><\/a><\/figure><\/div>\n\n\n\n<div class=\"wp-container-1 wp-block-buttons\">\n<div class=\"wp-block-button aligncenter\"><a class=\"wp-block-button__link\" href=\"https:\/\/shopenzona.es\/ventiladores\/361087-ventilador-de-techo-con-luz-con-mando-marron-oscuro-108-cm-8720286145968.html\" target=\"_blank\" rel=\"noreferrer noopener\">VENTILADOR DE TECHO CON LUZ<\/a><\/div>\n<\/div>\n\n\n\n<div style=\"height:22px\" aria-hidden=\"true\" class=\"wp-block-spacer\"><\/div>\n\n\n\n<h3>2. Ventilador de techo adornado<\/h3>\n\n\n\n<p>Este gran ventilador de techo tiene un di\u00e1metro total de 128 cm que garantizar\u00e1 una perfecta circulaci\u00f3n del aire en tu habitaci\u00f3n. El ventilador ha sido dise\u00f1ado para ser convenientemente controlado con el mando a distancia incluido. Su velocidad se puede ajustar en 3 niveles diferentes.  <\/p>\n\n\n\n<div class=\"wp-block-image\"><figure class=\"aligncenter size-full\"><a href=\"https:\/\/shopenzona.es\/ventiladores\/201572-ventilador-de-techo-adornado-con-lampara-128-cm-blanco-8718475508854.html\" target=\"_blank\" rel=\"noopener\"><img loading=\"lazy\" width=\"600\" height=\"600\" src=\"https:\/\/shopenzona.es\/blog\/wp-content\/uploads\/2023\/06\/ventilador-de-techo-adornado-con-lampara-128-cm-blanco-1-1.jpg\" alt=\"Ventilador de techo con 3 niveles de velocidad.\" class=\"wp-image-18551\" srcset=\"https:\/\/shopenzona.es\/blog\/wp-content\/uploads\/2023\/06\/ventilador-de-techo-adornado-con-lampara-128-cm-blanco-1-1.jpg 600w, https:\/\/shopenzona.es\/blog\/wp-content\/uploads\/2023\/06\/ventilador-de-techo-adornado-con-lampara-128-cm-blanco-1-1-300x300.jpg 300w, https:\/\/shopenzona.es\/blog\/wp-content\/uploads\/2023\/06\/ventilador-de-techo-adornado-con-lampara-128-cm-blanco-1-1-150x150.jpg 150w\" sizes=\"(max-width: 600px) 100vw, 600px\" \/><\/a><\/figure><\/div>\n\n\n\n<div class=\"wp-container-2 wp-block-buttons\">\n<div class=\"wp-block-button aligncenter\"><a class=\"wp-block-button__link\" href=\"https:\/\/shopenzona.es\/ventiladores\/201572-ventilador-de-techo-adornado-con-lampara-128-cm-blanco-8718475508854.html\" target=\"_blank\" rel=\"noreferrer noopener\">VENTILADOR DE TECHO ADORNADO<\/a><\/div>\n<\/div>\n\n\n\n<div style=\"height:22px\" aria-hidden=\"true\" class=\"wp-block-spacer\"><\/div>\n\n\n\n<h3>3. Ventilador de techo con l\u00e1mpara <\/h3>\n\n\n\n<p>Fabricado en cromo y MDF, este ventilador de techo es robusto y duradero. Cuenta con 3 niveles de velocidad diferentes. Al tirar de la cadena, puedes establecer el nivel deseado c\u00f3modamente. Con la l\u00e1mpara incorporada, el ventilador de techo ilumina la habitaci\u00f3n y crea un ambiente agradable en tu hogar. <\/p>\n\n\n\n<div class=\"wp-block-image\"><figure class=\"aligncenter size-full\"><a href=\"https:\/\/shopenzona.es\/ventiladores\/361085-ventilador-de-techo-con-lampara-marron-claro-76-cm-8720286145944.html\" target=\"_blank\" rel=\"noopener\"><img loading=\"lazy\" width=\"600\" height=\"600\" src=\"https:\/\/shopenzona.es\/blog\/wp-content\/uploads\/2023\/06\/ventilador-de-techo-con-lampara-marron-claro-76-cm.jpg\" alt=\"Ventilador de techo robusto con 3 niveles de velocidad diferentes.\" class=\"wp-image-18545\" srcset=\"https:\/\/shopenzona.es\/blog\/wp-content\/uploads\/2023\/06\/ventilador-de-techo-con-lampara-marron-claro-76-cm.jpg 600w, https:\/\/shopenzona.es\/blog\/wp-content\/uploads\/2023\/06\/ventilador-de-techo-con-lampara-marron-claro-76-cm-300x300.jpg 300w, https:\/\/shopenzona.es\/blog\/wp-content\/uploads\/2023\/06\/ventilador-de-techo-con-lampara-marron-claro-76-cm-150x150.jpg 150w\" sizes=\"(max-width: 600px) 100vw, 600px\" \/><\/a><\/figure><\/div>\n\n\n\n<div class=\"wp-container-3 wp-block-buttons\">\n<div class=\"wp-block-button aligncenter\"><a class=\"wp-block-button__link\" href=\"https:\/\/shopenzona.es\/ventiladores\/361085-ventilador-de-techo-con-lampara-marron-claro-76-cm-8720286145944.html\" target=\"_blank\" rel=\"noreferrer noopener\">VENTILADOR DE TECHO CON L\u00c1MPARA<\/a><\/div>\n<\/div>\n\n\n\n<div style=\"height:22px\" aria-hidden=\"true\" class=\"wp-block-spacer\"><\/div>\n\n\n\n<h3>4. Ventilador de techo con temporizador<\/h3>\n\n\n\n<p>Fabricado en cromo y MDF, este ventilador de techo es resistente y duradero. Con la l\u00e1mpara incorporada, el ventilador de techo ilumina la habitaci\u00f3n y crea un ambiente agradable en tu hogar. Gracias al mando a distancia incluido, el ventilador se puede controlar c\u00f3modamente. Cuenta con 3 niveles de velocidad diferentes y funci\u00f3n de temporizador seg\u00fan tus preferencias.<\/p>\n\n\n\n<div class=\"wp-block-image\"><figure class=\"aligncenter size-full\"><a href=\"https:\/\/shopenzona.es\/ventiladores\/361089-ventiladores-ventilador-de-techo-con-luz-con-mando-marron-oscuro-76-cm-vxl51493-8720286145982.html\" target=\"_blank\" rel=\"noopener\"><img loading=\"lazy\" width=\"600\" height=\"600\" src=\"https:\/\/shopenzona.es\/blog\/wp-content\/uploads\/2023\/06\/ventiladores-ventilador-de-techo-con-luz-con-mando-marron-oscuro-76-cm-vxl51493.jpg\" alt=\"Ventilador de techo con l\u00e1mpara incorporada con 3 niveles de velocidad.\" class=\"wp-image-18546\" srcset=\"https:\/\/shopenzona.es\/blog\/wp-content\/uploads\/2023\/06\/ventiladores-ventilador-de-techo-con-luz-con-mando-marron-oscuro-76-cm-vxl51493.jpg 600w, https:\/\/shopenzona.es\/blog\/wp-content\/uploads\/2023\/06\/ventiladores-ventilador-de-techo-con-luz-con-mando-marron-oscuro-76-cm-vxl51493-300x300.jpg 300w, https:\/\/shopenzona.es\/blog\/wp-content\/uploads\/2023\/06\/ventiladores-ventilador-de-techo-con-luz-con-mando-marron-oscuro-76-cm-vxl51493-150x150.jpg 150w\" sizes=\"(max-width: 600px) 100vw, 600px\" \/><\/a><\/figure><\/div>\n\n\n\n<div class=\"wp-container-4 wp-block-buttons\">\n<div class=\"wp-block-button aligncenter\"><a class=\"wp-block-button__link\" href=\"https:\/\/shopenzona.es\/ventiladores\/361089-ventiladores-ventilador-de-techo-con-luz-con-mando-marron-oscuro-76-cm-vxl51493-8720286145982.html\" target=\"_blank\" rel=\"noreferrer noopener\">VENTILADOR DE TECHO CON TEMPORIZADOR<\/a><\/div>\n<\/div>\n\n\n\n<div style=\"height:22px\" aria-hidden=\"true\" class=\"wp-block-spacer\"><\/div>\n\n\n\n<p>T\u00f3mate tu tiempo para investigar y comparar diferentes modelos antes de tomar una decisi\u00f3n. Recuerda que un ventilador de techo bien elegido no solo te mantendr\u00e1 fresco durante los d\u00edas calurosos, sino que tambi\u00e9n puede agregar estilo y funcionalidad a tu hogar. Disfruta del confort y la belleza que un ventilador de techo puede brindarte con las ofertas de Allzone por su 5\u00ba aniversario con descuentos de hasta el 50%.&nbsp;<\/p>\n","protected":false},"excerpt":{"rendered":"<p>Se acercan los meses m\u00e1s calurosos del a\u00f1o y los ventiladores de techo son una gran opci\u00f3n para mantener el aire fresco y c\u00f3modo en tu hogar durante estos meses. Adem\u00e1s de proporcionar una brisa refrescante, pueden ser una adici\u00f3n estil\u00edstica a la decoraci\u00f3n de tu hogar. Sin embargo, con tantas opciones disponibles en el&hellip;<\/p>\n","protected":false},"author":1,"featured_media":18557,"comment_status":"closed","ping_status":"closed","sticky":false,"template":"","format":"standard","meta":[],"categories":[21,559,23],"tags":[],"yoast_head":"<!-- This site is optimized with the Yoast SEO plugin v19.13 - https:\/\/yoast.com\/wordpress\/plugins\/seo\/ -->\n<title>Ventilador de techo: \u00bfCu\u00e1l es mejor? - Allzone<\/title>\n<meta name=\"description\" content=\"Descubre los mejores ventiladores de techo para este a\u00f1o \u2705 Olv\u00eddate del calor y disfruta de un verano fresquito.\" \/>\n<meta name=\"robots\" content=\"index, follow, max-snippet:-1, max-image-preview:large, max-video-preview:-1\" \/>\n<link rel=\"canonical\" href=\"https:\/\/shopenzona.es\/blog\/como-elegir-un-ventilador-de-techo\/\" \/>\n<meta property=\"og:locale\" content=\"es_ES\" \/>\n<meta property=\"og:type\" content=\"article\" \/>\n<meta property=\"og:title\" content=\"Ventilador de techo: \u00bfCu\u00e1l es mejor? - Allzone\" \/>\n<meta property=\"og:description\" content=\"Descubre los mejores ventiladores de techo para este a\u00f1o \u2705 Olv\u00eddate del calor y disfruta de un verano fresquito.\" \/>\n<meta property=\"og:url\" content=\"https:\/\/shopenzona.es\/blog\/como-elegir-un-ventilador-de-techo\/\" \/>\n<meta property=\"og:site_name\" content=\"Allzone\" \/>\n<meta property=\"article:published_time\" content=\"2023-06-13T15:38:46+00:00\" \/>\n<meta property=\"article:modified_time\" content=\"2023-10-04T08:52:27+00:00\" \/>\n<meta property=\"og:image\" content=\"https:\/\/shopenzona.es\/blog\/wp-content\/uploads\/2023\/06\/Copia-de-blogs-coorporativo-74.jpg\" \/>\n\t<meta property=\"og:image:width\" content=\"1650\" \/>\n\t<meta property=\"og:image:height\" content=\"900\" \/>\n\t<meta property=\"og:image:type\" content=\"image\/jpeg\" \/>\n<meta name=\"author\" content=\"admin\" \/>\n<meta name=\"twitter:card\" content=\"summary_large_image\" \/>\n<meta name=\"twitter:label1\" content=\"Escrito por\" \/>\n\t<meta name=\"twitter:data1\" content=\"admin\" \/>\n\t<meta name=\"twitter:label2\" content=\"Tiempo de lectura\" \/>\n\t<meta name=\"twitter:data2\" content=\"7 minutos\" \/>\n<script type=\"application\/ld+json\" class=\"yoast-schema-graph\">{\"@context\":\"https:\/\/schema.org\",\"@graph\":[{\"@type\":\"WebPage\",\"@id\":\"https:\/\/shopenzona.es\/blog\/como-elegir-un-ventilador-de-techo\/\",\"url\":\"https:\/\/shopenzona.es\/blog\/como-elegir-un-ventilador-de-techo\/\",\"name\":\"Ventilador de techo: \u00bfCu\u00e1l es mejor? - Allzone\",\"isPartOf\":{\"@id\":\"https:\/\/shopenzona.es\/blog\/#website\"},\"datePublished\":\"2023-06-13T15:38:46+00:00\",\"dateModified\":\"2023-10-04T08:52:27+00:00\",\"author\":{\"@id\":\"https:\/\/shopenzona.es\/blog\/#\/schema\/person\/eedabeb0482bc0dd5720681ddbcda844\"},\"description\":\"Descubre los mejores ventiladores de techo para este a\u00f1o \u2705 Olv\u00eddate del calor y disfruta de un verano fresquito.\",\"breadcrumb\":{\"@id\":\"https:\/\/shopenzona.es\/blog\/como-elegir-un-ventilador-de-techo\/#breadcrumb\"},\"inLanguage\":\"es\",\"potentialAction\":[{\"@type\":\"ReadAction\",\"target\":[\"https:\/\/shopenzona.es\/blog\/como-elegir-un-ventilador-de-techo\/\"]}]},{\"@type\":\"BreadcrumbList\",\"@id\":\"https:\/\/shopenzona.es\/blog\/como-elegir-un-ventilador-de-techo\/#breadcrumb\",\"itemListElement\":[{\"@type\":\"ListItem\",\"position\":1,\"name\":\"Portada\",\"item\":\"https:\/\/shopenzona.es\/blog\/\"},{\"@type\":\"ListItem\",\"position\":2,\"name\":\"C\u00f3mo elegir un ventilador de techo\"}]},{\"@type\":\"WebSite\",\"@id\":\"https:\/\/shopenzona.es\/blog\/#website\",\"url\":\"https:\/\/shopenzona.es\/blog\/\",\"name\":\"Allzone\",\"description\":\"Blog de Allzone\",\"potentialAction\":[{\"@type\":\"SearchAction\",\"target\":{\"@type\":\"EntryPoint\",\"urlTemplate\":\"https:\/\/shopenzona.es\/blog\/?s={search_term_string}\"},\"query-input\":\"required name=search_term_string\"}],\"inLanguage\":\"es\"},{\"@type\":\"Person\",\"@id\":\"https:\/\/shopenzona.es\/blog\/#\/schema\/person\/eedabeb0482bc0dd5720681ddbcda844\",\"name\":\"admin\",\"image\":{\"@type\":\"ImageObject\",\"inLanguage\":\"es\",\"@id\":\"https:\/\/shopenzona.es\/blog\/#\/schema\/person\/image\/\",\"url\":\"https:\/\/secure.gravatar.com\/avatar\/561714c52e30f2a7a8e924873d2dc849?s=96&d=mm&r=g\",\"contentUrl\":\"https:\/\/secure.gravatar.com\/avatar\/561714c52e30f2a7a8e924873d2dc849?s=96&d=mm&r=g\",\"caption\":\"admin\"}}]}<\/script>\n<!-- \/ Yoast SEO plugin. -->","yoast_head_json":{"title":"Ventilador de techo: \u00bfCu\u00e1l es mejor? - Allzone","description":"Descubre los mejores ventiladores de techo para este a\u00f1o \u2705 Olv\u00eddate del calor y disfruta de un verano fresquito.","robots":{"index":"index","follow":"follow","max-snippet":"max-snippet:-1","max-image-preview":"max-image-preview:large","max-video-preview":"max-video-preview:-1"},"canonical":"https:\/\/shopenzona.es\/blog\/como-elegir-un-ventilador-de-techo\/","og_locale":"es_ES","og_type":"article","og_title":"Ventilador de techo: \u00bfCu\u00e1l es mejor? - Allzone","og_description":"Descubre los mejores ventiladores de techo para este a\u00f1o \u2705 Olv\u00eddate del calor y disfruta de un verano fresquito.","og_url":"https:\/\/shopenzona.es\/blog\/como-elegir-un-ventilador-de-techo\/","og_site_name":"Allzone","article_published_time":"2023-06-13T15:38:46+00:00","article_modified_time":"2023-10-04T08:52:27+00:00","og_image":[{"width":1650,"height":900,"url":"https:\/\/shopenzona.es\/blog\/wp-content\/uploads\/2023\/06\/Copia-de-blogs-coorporativo-74.jpg","type":"image\/jpeg"}],"author":"admin","twitter_card":"summary_large_image","twitter_misc":{"Escrito por":"admin","Tiempo de lectura":"7 minutos"},"schema":{"@context":"https:\/\/schema.org","@graph":[{"@type":"WebPage","@id":"https:\/\/shopenzona.es\/blog\/como-elegir-un-ventilador-de-techo\/","url":"https:\/\/shopenzona.es\/blog\/como-elegir-un-ventilador-de-techo\/","name":"Ventilador de techo: \u00bfCu\u00e1l es mejor? - Allzone","isPartOf":{"@id":"https:\/\/shopenzona.es\/blog\/#website"},"datePublished":"2023-06-13T15:38:46+00:00","dateModified":"2023-10-04T08:52:27+00:00","author":{"@id":"https:\/\/shopenzona.es\/blog\/#\/schema\/person\/eedabeb0482bc0dd5720681ddbcda844"},"description":"Descubre los mejores ventiladores de techo para este a\u00f1o \u2705 Olv\u00eddate del calor y disfruta de un verano fresquito.","breadcrumb":{"@id":"https:\/\/shopenzona.es\/blog\/como-elegir-un-ventilador-de-techo\/#breadcrumb"},"inLanguage":"es","potentialAction":[{"@type":"ReadAction","target":["https:\/\/shopenzona.es\/blog\/como-elegir-un-ventilador-de-techo\/"]}]},{"@type":"BreadcrumbList","@id":"https:\/\/shopenzona.es\/blog\/como-elegir-un-ventilador-de-techo\/#breadcrumb","itemListElement":[{"@type":"ListItem","position":1,"name":"Portada","item":"https:\/\/shopenzona.es\/blog\/"},{"@type":"ListItem","position":2,"name":"C\u00f3mo elegir un ventilador de techo"}]},{"@type":"WebSite","@id":"https:\/\/shopenzona.es\/blog\/#website","url":"https:\/\/shopenzona.es\/blog\/","name":"Allzone","description":"Blog de Allzone","potentialAction":[{"@type":"SearchAction","target":{"@type":"EntryPoint","urlTemplate":"https:\/\/shopenzona.es\/blog\/?s={search_term_string}"},"query-input":"required name=search_term_string"}],"inLanguage":"es"},{"@type":"Person","@id":"https:\/\/shopenzona.es\/blog\/#\/schema\/person\/eedabeb0482bc0dd5720681ddbcda844","name":"admin","image":{"@type":"ImageObject","inLanguage":"es","@id":"https:\/\/shopenzona.es\/blog\/#\/schema\/person\/image\/","url":"https:\/\/secure.gravatar.com\/avatar\/561714c52e30f2a7a8e924873d2dc849?s=96&d=mm&r=g","contentUrl":"https:\/\/secure.gravatar.com\/avatar\/561714c52e30f2a7a8e924873d2dc849?s=96&d=mm&r=g","caption":"admin"}}]}},"_links":{"self":[{"href":"https:\/\/shopenzona.es\/blog\/wp-json\/wp\/v2\/posts\/18542"}],"collection":[{"href":"https:\/\/shopenzona.es\/blog\/wp-json\/wp\/v2\/posts"}],"about":[{"href":"https:\/\/shopenzona.es\/blog\/wp-json\/wp\/v2\/types\/post"}],"author":[{"embeddable":true,"href":"https:\/\/shopenzona.es\/blog\/wp-json\/wp\/v2\/users\/1"}],"replies":[{"embeddable":true,"href":"https:\/\/shopenzona.es\/blog\/wp-json\/wp\/v2\/comments?post=18542"}],"version-history":[{"count":6,"href":"https:\/\/shopenzona.es\/blog\/wp-json\/wp\/v2\/posts\/18542\/revisions"}],"predecessor-version":[{"id":18566,"href":"https:\/\/shopenzona.es\/blog\/wp-json\/wp\/v2\/posts\/18542\/revisions\/18566"}],"wp:featuredmedia":[{"embeddable":true,"href":"https:\/\/shopenzona.es\/blog\/wp-json\/wp\/v2\/media\/18557"}],"wp:attachment":[{"href":"https:\/\/shopenzona.es\/blog\/wp-json\/wp\/v2\/media?parent=18542"}],"wp:term":[{"taxonomy":"category","embeddable":true,"href":"https:\/\/shopenzona.es\/blog\/wp-json\/wp\/v2\/categories?post=18542"},{"taxonomy":"post_tag","embeddable":true,"href":"https:\/\/shopenzona.es\/blog\/wp-json\/wp\/v2\/tags?post=18542"}],"curies":[{"name":"wp","href":"https:\/\/api.w.org\/{rel}","templated":true}]}}