{"id":18835,"date":"2023-06-23T13:07:37","date_gmt":"2023-06-23T11:07:37","guid":{"rendered":"https:\/\/allzone.es\/blog\/?p=18835"},"modified":"2023-10-04T10:48:56","modified_gmt":"2023-10-04T08:48:56","slug":"airpods-pro-2-vs-airpods-pro-1","status":"publish","type":"post","link":"https:\/\/shopenzona.es\/blog\/airpods-pro-2-vs-airpods-pro-1\/","title":{"rendered":"\u00bfMerecen la pena los Airpods Pro 2? Vs Airpods Pro 1"},"content":{"rendered":"\n<p>En el mundo de los auriculares inal\u00e1mbricos, Apple es un l\u00edder destacado con su popular l\u00ednea de AirPods. Los AirPods Pro, lanzados originalmente en 2019. Son considerados uno de los productos m\u00e1s deseados por los usuarios, pues&nbsp; impresionaron con su calidad de sonido, cancelaci\u00f3n de ruido y ajuste c\u00f3modo. Sin embargo, con los AirPods Pro 2 en el mercado muchos se preguntan si realmente vale la pena dar el salto a la pr\u00f3xima generaci\u00f3n. En este art\u00edculo, vamos a comparar los AirPods Pro 2 con su predecesor, los AirPods Pro 1, para ayudarte a tomar una decisi\u00f3n informada. Analizaremos las caracter\u00edsticas y funciones de los AirPods Pro de segunda generaci\u00f3n, as\u00ed como las opiniones y valoraciones de los usuarios de forma general.<\/p>\n\n\n\n<p>Si est\u00e1s pensando en comprar unos auriculares inal\u00e1mbricos de alta gama, \u00a1sigue leyendo para descubrir si merecen la pena los <a href=\"https:\/\/shopenzona.es\/auriculares\/522638-apple-airpods-pro-2da-generacion-194253397458.html\" target=\"_blank\" rel=\"noreferrer noopener\">AirPods Pro 2<\/a> en comparaci\u00f3n con los AirPods Pro 1!<\/p>\n\n\n\n<div class=\"wp-block-image\"><figure class=\"aligncenter size-full is-resized\"><a href=\"https:\/\/shopenzona.es\/auriculares\/522638-apple-airpods-pro-2da-generacion-194253397458.html\" target=\"_blank\" rel=\"noopener\"><img src=\"https:\/\/shopenzona.es\/blog\/wp-content\/uploads\/2023\/06\/Copia-de-OUTLET-HOGAR.bloggin-edited.jpg\" alt=\"\" class=\"wp-image-18911\" width=\"865\" srcset=\"https:\/\/shopenzona.es\/blog\/wp-content\/uploads\/2023\/06\/Copia-de-OUTLET-HOGAR.bloggin-edited.jpg 720w, https:\/\/shopenzona.es\/blog\/wp-content\/uploads\/2023\/06\/Copia-de-OUTLET-HOGAR.bloggin-edited-300x188.jpg 300w\" sizes=\"(max-width: 720px) 100vw, 720px\" \/><\/a><\/figure><\/div>\n\n\n\n<h2><strong>Caracter\u00edsticas y funciones AirPods Pro 2<\/strong><\/h2>\n\n\n\n<p>Estos auriculares presentan mejoras significativas, sobre todo internas, en comparaci\u00f3n con su predecesor, los AirPods Pro 1. Una de las caracter\u00edsticas m\u00e1s destacadas es la <strong>mejora de la cancelaci\u00f3n de ruido<\/strong>, que ya era impresionante en la primera generaci\u00f3n. Con los AirPods Pro 2, la cancelaci\u00f3n de ruido se perfecciona a\u00fan m\u00e1s, sumergi\u00e9ndote en un sonido de alta calidad y eliminando distracciones no deseadas.<\/p>\n\n\n\n<p>Adem\u00e1s, los AirPods Pro 2 cuentan con un <strong>controlador t\u00e1ctil intuitivo<\/strong> en cada auricular, lo que te permite acceder f\u00e1cilmente a diversas funciones como reproducir, pausar o cambiar de canci\u00f3n con solo tocar suavemente los auriculares. Esta caracter\u00edstica mejora la experiencia de uso y la comodidad al interactuar con los AirPods.<\/p>\n\n\n\n<p>Otra mejora importante en los AirPods Pro 2 es la<strong> vida \u00fatil de la bater\u00eda<\/strong> tanto en los auriculares como en el estuche de carga. Gracias a su eficiencia energ\u00e9tica optimizada, los auriculares y el estuche de carga ofrecen una mayor duraci\u00f3n de la bater\u00eda, permiti\u00e9ndote disfrutar de tu m\u00fasica favorita durante m\u00e1s tiempo sin interrupciones.&nbsp;<\/p>\n\n\n\n<p>La \u00faltima mejora notoria a destacar es interna, uno de los cambios m\u00e1s interesantes de la segunda generaci\u00f3n de los AirPods Pro. Consiste en la <strong>incorporaci\u00f3n de dos nuevos chips<\/strong> que no ten\u00edan los AirPods hasta ahora, el ya conocido U1 para usar los AirPods como si de un AirTag se tratase, y el nuevo SiP basado en H2, el cual lo cambia absolutamente todo, ya que permite una conectividad inal\u00e1mbrica m\u00e1s r\u00e1pida, incluyendo Bluetooth 5.3.&nbsp;<\/p>\n\n\n\n<p>Fuera de estas mejoras, el resto de caracter\u00edsticas y prestaciones siguen siendo las mismas que la primera generaci\u00f3n, ya que se mantiene la resistencia al agua y sudor IPX4, compatibilidad para la carga a trav\u00e9s de MagSafe e inal\u00e1mbrica mediante el est\u00e1ndar Qi y diferentes puntas de silicona incluidas en la caja del producto que podremos ajustar a nuestro gusto personal para conseguir el sello adecuado.<\/p>\n\n\n\n<p>A continuaci\u00f3n, una tabla comparativa con los aspectos m\u00e1s relevantes entre ambos AirPods Pro.<\/p>\n\n\n\n<figure class=\"wp-block-table is-style-stripes\"><table><tbody><tr><td><strong>Caracter\u00edsticas<\/strong><\/td><td><strong>AirPods Pro 1<\/strong><\/td><td><strong>AirPods Pro 2<\/strong><\/td><\/tr><tr><td><strong>Cancelaci\u00f3n de ruido<\/strong><\/td><td>Si<\/td><td>Si<\/td><\/tr><tr><td><strong>Modo de sonido ambiente<\/strong><\/td><td>Si<\/td><td>Si<\/td><\/tr><tr><td><strong>Seguimiento din\u00e1mico cabeza<\/strong><\/td><td>Si<\/td><td>Si<\/td><\/tr><tr><td><strong>Chip<\/strong><\/td><td>H1<\/td><td>H2<\/td><\/tr><tr><td><strong>Resistencia al sudor y al agua<\/strong><\/td><td>Si<\/td><td>Si<\/td><\/tr><tr><td><strong>Estuche de carga MagSafe<\/strong><\/td><td>Si<\/td><td>Si<\/td><\/tr><tr><td><strong>Conexiones<\/strong><\/td><td>Bluetooth 5.0<\/td><td>Bluetooth 5.3<\/td><\/tr><tr><td><strong>Cambio dispositivo autom\u00e1tico<\/strong><\/td><td>Si<\/td><td>Si<\/td><\/tr><tr><td><strong>Oye Siri<\/strong><\/td><td>Si<\/td><td>Si<\/td><\/tr><tr><td><strong>Bater\u00eda<\/strong><\/td><td>4,5 horas con una carga y m\u00e1s de 24 horas de<br>reproducci\u00f3n de audio con estuche de carga.<\/td><td>6 horas con una carga y m\u00e1s de 30 horas de <br>reproducci\u00f3n de audio con el estuche de carga.<\/td><\/tr><tr><td><strong>Sensor de piel<\/strong><\/td><td>No<\/td><td>Si<\/td><\/tr><tr><td><strong>Peso estuche<\/strong><\/td><td>45,6 g<\/td><td>50,8 g<\/td><\/tr><\/tbody><\/table><\/figure>\n\n\n\n<h2><strong>AirPods pro 2 generaci\u00f3n opiniones<\/strong><\/h2>\n\n\n\n<p>Las opiniones de los usuarios respecto a los AirPods Pro 2 son totalmente positivas. Muchos destacan la calidad de sonido mejorada y la eficacia de la cancelaci\u00f3n de ruido, que les brinda una experiencia auditiva inmersiva. Adem\u00e1s, el control t\u00e1ctil y la duraci\u00f3n de la bater\u00eda mejorada son aspectos apreciados por los usuarios, que valoran la comodidad y la practicidad de estos auriculares.<\/p>\n\n\n\n<p>La segunda generaci\u00f3n de los auriculares inal\u00e1mbricos Pro de Apple, demuestran ser una actualizaci\u00f3n notable en comparaci\u00f3n con los de primera generaci\u00f3n. Las mejoras en la cancelaci\u00f3n de ruido, el control t\u00e1ctil y la duraci\u00f3n de la bater\u00eda han sido bien recibidas por los usuarios, que encuentran en estos auriculares una experiencia auditiva de alta calidad y comodidad.&nbsp;<\/p>\n\n\n\n<h2>AirPods Pro 2 Review<\/h2>\n\n\n\n<p>En conclusi\u00f3n, cuando adquieres los AirPods Pro de segunda generaci\u00f3n, la primera impresi\u00f3n es que no ha habido cambios significativos en el dise\u00f1o. Mantienen una apariencia muy similar a la primera generaci\u00f3n, con ligeras variaciones apenas perceptibles. Sin embargo, las verdaderas diferencias se encuentran en su interior, y son realmente sorprendentes.<\/p>\n\n\n\n<p>Es un modelo m\u00e1s actual que a\u00f1ade algunas novedades con respecto a la primera versi\u00f3n cuya funci\u00f3n es completar un producto que ya de por s\u00ed era bastante polivalente, pero que ahora alcanzan un siguiente nivel.<\/p>\n\n\n\n<p>Bien es cierto que la segunda generaci\u00f3n ha incrementado ligeramente su precio con respecto al precio de venta al p\u00fablico que encontr\u00e1bamos en los AirPods Pro originales. Bajo nuestro punto de vista si merece la pena dar el salto al nuevo modelo, pues el incremento es m\u00ednimo en comparaci\u00f3n a las nuevas caracter\u00edsticas que incorporan los AirPods Pro 2, aunque antes de tomar una decisi\u00f3n de compra con un alto coste siempre hay que tener en cuenta aspectos individuales como el presupuesto y las necesidades propias de cada usuario.<\/p>\n\n\n\n<p>Si buscas una experiencia sonora inmersiva y funciones avanzadas en unos auriculares inal\u00e1mbricos, los AirPods Pro 2 son una opci\u00f3n que debes considerar. Por ello te recomendamos visitar nuestra web para encontrar estos <a href=\"https:\/\/shopenzona.es\/8048-auriculares\" target=\"_blank\" rel=\"noreferrer noopener\">auriculares<\/a> y otros de segunda generaci\u00f3n &nbsp;por si te quedan dudas, todos al mejor precio del mercado, 100% originales, nuevos y con gastos de env\u00edo gratuitos.<\/p>\n\n\n\n<p>En caso de que te hayas decidido ya y est\u00e9s deseando comprar los AirPods Pro 2da generaci\u00f3n, \u00a1en Allzone te lo ponemos f\u00e1cil! Estos auriculares pueden ser tuyos ya mismo con tan solo hacer click en el bot\u00f3n del producto.<\/p>\n\n\n\n<div class=\"wp-block-image\"><figure class=\"aligncenter\"><a href=\"https:\/\/shopenzona.es\/auriculares\/522638-apple-airpods-pro-2da-generacion-194253397458.html\" target=\"_blank\" rel=\"noopener\"><img src=\"https:\/\/media2.allzone.es\/1469443-large_default\/apple-airpods-pro-2da-generacion.jpg\" alt=\"Apple AirPods Pro 2da Generaci\u00f3n M 1\"\/><\/a><\/figure><\/div>\n\n\n\n<div class=\"wp-container-1 wp-block-buttons\">\n<div class=\"wp-block-button aligncenter\"><a class=\"wp-block-button__link\" href=\"https:\/\/shopenzona.es\/auriculares\/522638-apple-airpods-pro-2da-generacion-194253397458.html\" target=\"_blank\" rel=\"noreferrer noopener\">AIRPODS PRO 2<\/a><\/div>\n<\/div>\n","protected":false},"excerpt":{"rendered":"<p>En el mundo de los auriculares inal\u00e1mbricos, Apple es un l\u00edder destacado con su popular l\u00ednea de AirPods. Los AirPods Pro, lanzados originalmente en 2019. Son considerados uno de los productos m\u00e1s deseados por los usuarios, pues&nbsp; impresionaron con su calidad de sonido, cancelaci\u00f3n de ruido y ajuste c\u00f3modo. Sin embargo, con los AirPods Pro&hellip;<\/p>\n","protected":false},"author":1,"featured_media":18836,"comment_status":"closed","ping_status":"closed","sticky":false,"template":"","format":"standard","meta":[],"categories":[556,552],"tags":[],"yoast_head":"<!-- This site is optimized with the Yoast SEO plugin v19.13 - https:\/\/yoast.com\/wordpress\/plugins\/seo\/ -->\n<title>\u00bfMerecen la pena los Airpods Pro 2? Vs Airpods Pro 1 - Allzone<\/title>\n<meta name=\"description\" content=\"Airpods Pro 2 o Airpods Pro 1, \u00bfcu\u00e1l es la mejor opci\u00f3n? \u00bfEn qu\u00e9 se diferencian? Descubre todas sus diferencias aqu\u00ed.\" \/>\n<meta name=\"robots\" content=\"index, follow, max-snippet:-1, max-image-preview:large, max-video-preview:-1\" \/>\n<link rel=\"canonical\" href=\"https:\/\/shopenzona.es\/blog\/airpods-pro-2-vs-airpods-pro-1\/\" \/>\n<meta property=\"og:locale\" content=\"es_ES\" \/>\n<meta property=\"og:type\" content=\"article\" \/>\n<meta property=\"og:title\" content=\"\u00bfMerecen la pena los Airpods Pro 2? Vs Airpods Pro 1 - Allzone\" \/>\n<meta property=\"og:description\" content=\"Airpods Pro 2 o Airpods Pro 1, \u00bfcu\u00e1l es la mejor opci\u00f3n? \u00bfEn qu\u00e9 se diferencian? Descubre todas sus diferencias aqu\u00ed.\" \/>\n<meta property=\"og:url\" content=\"https:\/\/shopenzona.es\/blog\/airpods-pro-2-vs-airpods-pro-1\/\" \/>\n<meta property=\"og:site_name\" content=\"Allzone\" \/>\n<meta property=\"article:published_time\" content=\"2023-06-23T11:07:37+00:00\" \/>\n<meta property=\"article:modified_time\" content=\"2023-10-04T08:48:56+00:00\" \/>\n<meta property=\"og:image\" content=\"https:\/\/shopenzona.es\/blog\/wp-content\/uploads\/2023\/06\/Copia-de-blogs-coorporativo-79.jpg\" \/>\n\t<meta property=\"og:image:width\" content=\"1650\" \/>\n\t<meta property=\"og:image:height\" content=\"900\" \/>\n\t<meta property=\"og:image:type\" content=\"image\/jpeg\" \/>\n<meta name=\"author\" content=\"admin\" \/>\n<meta name=\"twitter:card\" content=\"summary_large_image\" \/>\n<meta name=\"twitter:label1\" content=\"Escrito por\" \/>\n\t<meta name=\"twitter:data1\" content=\"admin\" \/>\n\t<meta name=\"twitter:label2\" content=\"Tiempo de lectura\" \/>\n\t<meta name=\"twitter:data2\" content=\"5 minutos\" \/>\n<script type=\"application\/ld+json\" class=\"yoast-schema-graph\">{\"@context\":\"https:\/\/schema.org\",\"@graph\":[{\"@type\":\"WebPage\",\"@id\":\"https:\/\/shopenzona.es\/blog\/airpods-pro-2-vs-airpods-pro-1\/\",\"url\":\"https:\/\/shopenzona.es\/blog\/airpods-pro-2-vs-airpods-pro-1\/\",\"name\":\"\u00bfMerecen la pena los Airpods Pro 2? Vs Airpods Pro 1 - Allzone\",\"isPartOf\":{\"@id\":\"https:\/\/shopenzona.es\/blog\/#website\"},\"datePublished\":\"2023-06-23T11:07:37+00:00\",\"dateModified\":\"2023-10-04T08:48:56+00:00\",\"author\":{\"@id\":\"https:\/\/shopenzona.es\/blog\/#\/schema\/person\/eedabeb0482bc0dd5720681ddbcda844\"},\"description\":\"Airpods Pro 2 o Airpods Pro 1, \u00bfcu\u00e1l es la mejor opci\u00f3n? \u00bfEn qu\u00e9 se diferencian? Descubre todas sus diferencias aqu\u00ed.\",\"breadcrumb\":{\"@id\":\"https:\/\/shopenzona.es\/blog\/airpods-pro-2-vs-airpods-pro-1\/#breadcrumb\"},\"inLanguage\":\"es\",\"potentialAction\":[{\"@type\":\"ReadAction\",\"target\":[\"https:\/\/shopenzona.es\/blog\/airpods-pro-2-vs-airpods-pro-1\/\"]}]},{\"@type\":\"BreadcrumbList\",\"@id\":\"https:\/\/shopenzona.es\/blog\/airpods-pro-2-vs-airpods-pro-1\/#breadcrumb\",\"itemListElement\":[{\"@type\":\"ListItem\",\"position\":1,\"name\":\"Portada\",\"item\":\"https:\/\/shopenzona.es\/blog\/\"},{\"@type\":\"ListItem\",\"position\":2,\"name\":\"\u00bfMerecen la pena los Airpods Pro 2? Vs Airpods Pro 1\"}]},{\"@type\":\"WebSite\",\"@id\":\"https:\/\/shopenzona.es\/blog\/#website\",\"url\":\"https:\/\/shopenzona.es\/blog\/\",\"name\":\"Allzone\",\"description\":\"Blog de Allzone\",\"potentialAction\":[{\"@type\":\"SearchAction\",\"target\":{\"@type\":\"EntryPoint\",\"urlTemplate\":\"https:\/\/shopenzona.es\/blog\/?s={search_term_string}\"},\"query-input\":\"required name=search_term_string\"}],\"inLanguage\":\"es\"},{\"@type\":\"Person\",\"@id\":\"https:\/\/shopenzona.es\/blog\/#\/schema\/person\/eedabeb0482bc0dd5720681ddbcda844\",\"name\":\"admin\",\"image\":{\"@type\":\"ImageObject\",\"inLanguage\":\"es\",\"@id\":\"https:\/\/shopenzona.es\/blog\/#\/schema\/person\/image\/\",\"url\":\"https:\/\/secure.gravatar.com\/avatar\/561714c52e30f2a7a8e924873d2dc849?s=96&d=mm&r=g\",\"contentUrl\":\"https:\/\/secure.gravatar.com\/avatar\/561714c52e30f2a7a8e924873d2dc849?s=96&d=mm&r=g\",\"caption\":\"admin\"}}]}<\/script>\n<!-- \/ Yoast SEO plugin. -->","yoast_head_json":{"title":"\u00bfMerecen la pena los Airpods Pro 2? Vs Airpods Pro 1 - Allzone","description":"Airpods Pro 2 o Airpods Pro 1, \u00bfcu\u00e1l es la mejor opci\u00f3n? \u00bfEn qu\u00e9 se diferencian? Descubre todas sus diferencias aqu\u00ed.","robots":{"index":"index","follow":"follow","max-snippet":"max-snippet:-1","max-image-preview":"max-image-preview:large","max-video-preview":"max-video-preview:-1"},"canonical":"https:\/\/shopenzona.es\/blog\/airpods-pro-2-vs-airpods-pro-1\/","og_locale":"es_ES","og_type":"article","og_title":"\u00bfMerecen la pena los Airpods Pro 2? Vs Airpods Pro 1 - Allzone","og_description":"Airpods Pro 2 o Airpods Pro 1, \u00bfcu\u00e1l es la mejor opci\u00f3n? \u00bfEn qu\u00e9 se diferencian? Descubre todas sus diferencias aqu\u00ed.","og_url":"https:\/\/shopenzona.es\/blog\/airpods-pro-2-vs-airpods-pro-1\/","og_site_name":"Allzone","article_published_time":"2023-06-23T11:07:37+00:00","article_modified_time":"2023-10-04T08:48:56+00:00","og_image":[{"width":1650,"height":900,"url":"https:\/\/shopenzona.es\/blog\/wp-content\/uploads\/2023\/06\/Copia-de-blogs-coorporativo-79.jpg","type":"image\/jpeg"}],"author":"admin","twitter_card":"summary_large_image","twitter_misc":{"Escrito por":"admin","Tiempo de lectura":"5 minutos"},"schema":{"@context":"https:\/\/schema.org","@graph":[{"@type":"WebPage","@id":"https:\/\/shopenzona.es\/blog\/airpods-pro-2-vs-airpods-pro-1\/","url":"https:\/\/shopenzona.es\/blog\/airpods-pro-2-vs-airpods-pro-1\/","name":"\u00bfMerecen la pena los Airpods Pro 2? Vs Airpods Pro 1 - Allzone","isPartOf":{"@id":"https:\/\/shopenzona.es\/blog\/#website"},"datePublished":"2023-06-23T11:07:37+00:00","dateModified":"2023-10-04T08:48:56+00:00","author":{"@id":"https:\/\/shopenzona.es\/blog\/#\/schema\/person\/eedabeb0482bc0dd5720681ddbcda844"},"description":"Airpods Pro 2 o Airpods Pro 1, \u00bfcu\u00e1l es la mejor opci\u00f3n? \u00bfEn qu\u00e9 se diferencian? Descubre todas sus diferencias aqu\u00ed.","breadcrumb":{"@id":"https:\/\/shopenzona.es\/blog\/airpods-pro-2-vs-airpods-pro-1\/#breadcrumb"},"inLanguage":"es","potentialAction":[{"@type":"ReadAction","target":["https:\/\/shopenzona.es\/blog\/airpods-pro-2-vs-airpods-pro-1\/"]}]},{"@type":"BreadcrumbList","@id":"https:\/\/shopenzona.es\/blog\/airpods-pro-2-vs-airpods-pro-1\/#breadcrumb","itemListElement":[{"@type":"ListItem","position":1,"name":"Portada","item":"https:\/\/shopenzona.es\/blog\/"},{"@type":"ListItem","position":2,"name":"\u00bfMerecen la pena los Airpods Pro 2? Vs Airpods Pro 1"}]},{"@type":"WebSite","@id":"https:\/\/shopenzona.es\/blog\/#website","url":"https:\/\/shopenzona.es\/blog\/","name":"Allzone","description":"Blog de Allzone","potentialAction":[{"@type":"SearchAction","target":{"@type":"EntryPoint","urlTemplate":"https:\/\/shopenzona.es\/blog\/?s={search_term_string}"},"query-input":"required name=search_term_string"}],"inLanguage":"es"},{"@type":"Person","@id":"https:\/\/shopenzona.es\/blog\/#\/schema\/person\/eedabeb0482bc0dd5720681ddbcda844","name":"admin","image":{"@type":"ImageObject","inLanguage":"es","@id":"https:\/\/shopenzona.es\/blog\/#\/schema\/person\/image\/","url":"https:\/\/secure.gravatar.com\/avatar\/561714c52e30f2a7a8e924873d2dc849?s=96&d=mm&r=g","contentUrl":"https:\/\/secure.gravatar.com\/avatar\/561714c52e30f2a7a8e924873d2dc849?s=96&d=mm&r=g","caption":"admin"}}]}},"_links":{"self":[{"href":"https:\/\/shopenzona.es\/blog\/wp-json\/wp\/v2\/posts\/18835"}],"collection":[{"href":"https:\/\/shopenzona.es\/blog\/wp-json\/wp\/v2\/posts"}],"about":[{"href":"https:\/\/shopenzona.es\/blog\/wp-json\/wp\/v2\/types\/post"}],"author":[{"embeddable":true,"href":"https:\/\/shopenzona.es\/blog\/wp-json\/wp\/v2\/users\/1"}],"replies":[{"embeddable":true,"href":"https:\/\/shopenzona.es\/blog\/wp-json\/wp\/v2\/comments?post=18835"}],"version-history":[{"count":8,"href":"https:\/\/shopenzona.es\/blog\/wp-json\/wp\/v2\/posts\/18835\/revisions"}],"predecessor-version":[{"id":18941,"href":"https:\/\/shopenzona.es\/blog\/wp-json\/wp\/v2\/posts\/18835\/revisions\/18941"}],"wp:featuredmedia":[{"embeddable":true,"href":"https:\/\/shopenzona.es\/blog\/wp-json\/wp\/v2\/media\/18836"}],"wp:attachment":[{"href":"https:\/\/shopenzona.es\/blog\/wp-json\/wp\/v2\/media?parent=18835"}],"wp:term":[{"taxonomy":"category","embeddable":true,"href":"https:\/\/shopenzona.es\/blog\/wp-json\/wp\/v2\/categories?post=18835"},{"taxonomy":"post_tag","embeddable":true,"href":"https:\/\/shopenzona.es\/blog\/wp-json\/wp\/v2\/tags?post=18835"}],"curies":[{"name":"wp","href":"https:\/\/api.w.org\/{rel}","templated":true}]}}