{"id":22352,"date":"2023-11-08T15:06:37","date_gmt":"2023-11-08T14:06:37","guid":{"rendered":"https:\/\/allzone.es\/blog\/?p=22352"},"modified":"2024-12-27T13:22:19","modified_gmt":"2024-12-27T12:22:19","slug":"como-decorar-vitrina-salon","status":"publish","type":"post","link":"https:\/\/shopenzona.es\/blog\/como-decorar-vitrina-salon\/","title":{"rendered":"Ideas acerca de c\u00f3mo decorar una vitrina de sal\u00f3n"},"content":{"rendered":"\n<p>La decoraci\u00f3n de una vitrina en el sal\u00f3n puede transformar por completo el ambiente, a\u00f1adiendo personalidad y estilo a tu espacio. Las vitrinas no solo son funcionales para el almacenamiento, sino que tambi\u00e9n se convierten en elementos decorativos destacados. Al elegir la decoraci\u00f3n adecuada, puedes resaltar tus objetos favoritos y crear un punto focal atractivo en la sala.<\/p>\n\n\n\n<p>En este sentido, es crucial considerar el estilo general de tu sal\u00f3n y seleccionar elementos que armonicen con la est\u00e9tica que deseas lograr. Elementos como jarrones, figuras decorativas, libros y obras de arte pueden ser excelentes opciones para llenar tu vitrina y a\u00f1adir un toque personal.<\/p>\n\n\n\n<p>Adem\u00e1s, jugar con la <a href=\"https:\/\/shopenzona.es\/4193-iluminacion\">iluminaci\u00f3n<\/a> puede potenciar la exhibici\u00f3n de tus objetos. Incorporar luces LED o l\u00e1mparas de foco direccionales puede resaltar de manera efectiva ciertos elementos y crear un ambiente acogedor y atractivo. En el pr\u00f3ximo apartado, exploraremos ideas espec\u00edficas de decoraci\u00f3n para vitrinas que te inspirar\u00e1n a transformar tu sal\u00f3n.<\/p>\n\n\n\n<div style=\"height:10px\" aria-hidden=\"true\" class=\"wp-block-spacer\"><\/div>\n\n\n\n<h2>C\u00f3mo decorar una vitrina de comedor<\/h2>\n\n\n\n<p>La decoraci\u00f3n de una vitrina en el comedor es una oportunidad para exhibir tu estilo y personalidad. A\u00f1adir elementos como platos, vasos, cuberter\u00eda y una vajilla de dise\u00f1o puede transformar por completo el ambiente. Para empezar, considera el estilo de tu comedor y elige piezas que se integren arm\u00f3nicamente. Opta por una vajilla que complemente la paleta de colores de tu espacio, y a\u00f1ade detalles que aporten contraste y textura.<\/p>\n\n\n\n<p>Una forma efectiva de organizar la vitrina es crear una composici\u00f3n equilibrada. Coloca los platos y vasos de manera estrat\u00e9gica, alternando alturas y tama\u00f1os para lograr un efecto visual atractivo. No temas jugar con la simetr\u00eda y la asimetr\u00eda para a\u00f1adir inter\u00e9s visual.<\/p>\n\n\n\n<p>En resumen, decorar una vitrina en el comedor es una oportunidad para expresar tu estilo personal y realzar la belleza de tu espacio. Aprovecha esta ocasi\u00f3n para mostrar tu creatividad y transformar tu comedor en un lugar \u00fanico y acogedor. No olvides dejar espacios vac\u00edos para evitar la saturaci\u00f3n visual y permitir que cada pieza destaque por s\u00ed misma.<\/p>\n\n\n\n<div style=\"height:10px\" aria-hidden=\"true\" class=\"wp-block-spacer\"><\/div>\n\n\n\n<p>En <a href=\"https:\/\/shopenzona.es\/\" target=\"_blank\" rel=\"noreferrer noopener\">Allzone<\/a> ofrecemos una amplia gama de vitrinas para satisfacer tus necesidades de almacenamiento y decoraci\u00f3n. Nuestras vitrinas destacan por su dise\u00f1o funcional y est\u00e9tico, ideales para realzar la elegancia de tu espacio. Disponibles en diversos estilos y tama\u00f1os, encontrar\u00e1s la vitrina perfecta para adaptarse a la configuraci\u00f3n de tu hogar.<\/p>\n\n\n\n<div class=\"wp-block-image\"><figure class=\"aligncenter size-full\"><a href=\"https:\/\/shopenzona.es\/aparadores-y-mesas-de-consola\/324881-vitrina-de-aglomerado-blanco-120x305x70-cm-8720286134689.html\" target=\"_blank\" rel=\"noopener\"><img loading=\"lazy\" width=\"600\" height=\"600\" src=\"https:\/\/shopenzona.es\/blog\/wp-content\/uploads\/2023\/11\/vitrina-de-aglomerado-blanco-120x305x70-cm.jpg\" alt=\"\" class=\"wp-image-22393\" srcset=\"https:\/\/shopenzona.es\/blog\/wp-content\/uploads\/2023\/11\/vitrina-de-aglomerado-blanco-120x305x70-cm.jpg 600w, https:\/\/shopenzona.es\/blog\/wp-content\/uploads\/2023\/11\/vitrina-de-aglomerado-blanco-120x305x70-cm-300x300.jpg 300w, https:\/\/shopenzona.es\/blog\/wp-content\/uploads\/2023\/11\/vitrina-de-aglomerado-blanco-120x305x70-cm-150x150.jpg 150w\" sizes=\"(max-width: 600px) 100vw, 600px\" \/><\/a><\/figure><\/div>\n\n\n\n<div class=\"wp-container-1 wp-block-buttons\">\n<div class=\"wp-block-button aligncenter\"><a class=\"wp-block-button__link\" href=\"https:\/\/shopenzona.es\/aparadores-y-mesas-de-consola\/324881-vitrina-de-aglomerado-blanco-120x305x70-cm-8720286134689.html\" target=\"_blank\" rel=\"noreferrer noopener\">VITRINA DE AGLOMERADO BLANCO<\/a><\/div>\n<\/div>\n\n\n\n<div style=\"height:23px\" aria-hidden=\"true\" class=\"wp-block-spacer\"><\/div>\n\n\n\n<div class=\"wp-block-image\"><figure class=\"aligncenter size-full\"><a href=\"https:\/\/shopenzona.es\/armarios\/443882-vitrina-de-acero-y-vidrio-templado-negra-90x40x180-cm-8720286564448.html\" target=\"_blank\" rel=\"noopener\"><img loading=\"lazy\" width=\"600\" height=\"600\" src=\"https:\/\/shopenzona.es\/blog\/wp-content\/uploads\/2023\/11\/vitrina-de-acero-y-vidrio-templado-negra-90x40x180-cm.jpg\" alt=\"\" class=\"wp-image-22395\" srcset=\"https:\/\/shopenzona.es\/blog\/wp-content\/uploads\/2023\/11\/vitrina-de-acero-y-vidrio-templado-negra-90x40x180-cm.jpg 600w, https:\/\/shopenzona.es\/blog\/wp-content\/uploads\/2023\/11\/vitrina-de-acero-y-vidrio-templado-negra-90x40x180-cm-300x300.jpg 300w, https:\/\/shopenzona.es\/blog\/wp-content\/uploads\/2023\/11\/vitrina-de-acero-y-vidrio-templado-negra-90x40x180-cm-150x150.jpg 150w\" sizes=\"(max-width: 600px) 100vw, 600px\" \/><\/a><\/figure><\/div>\n\n\n\n<div class=\"wp-container-2 wp-block-buttons\">\n<div class=\"wp-block-button aligncenter\"><a class=\"wp-block-button__link\" href=\"https:\/\/shopenzona.es\/armarios\/443882-vitrina-de-acero-y-vidrio-templado-negra-90x40x180-cm-8720286564448.html\" target=\"_blank\" rel=\"noreferrer noopener\">VITRINA DE ACERO Y VIDRIO TEMPLADO<\/a><\/div>\n<\/div>\n\n\n\n<div style=\"height:23px\" aria-hidden=\"true\" class=\"wp-block-spacer\"><\/div>\n\n\n\n<div class=\"wp-block-image\"><figure class=\"aligncenter size-full\"><a href=\"https:\/\/shopenzona.es\/estanterias\/518749-vitrina-madera-contrachapada-roble-marron-825x305x1855-cm-8720286952870.html\" target=\"_blank\" rel=\"noopener\"><img loading=\"lazy\" width=\"600\" height=\"600\" src=\"https:\/\/shopenzona.es\/blog\/wp-content\/uploads\/2023\/11\/vitrina-madera-contrachapada-roble-marron-825x305x1855-cm-1.jpg\" alt=\"\" class=\"wp-image-22397\" srcset=\"https:\/\/shopenzona.es\/blog\/wp-content\/uploads\/2023\/11\/vitrina-madera-contrachapada-roble-marron-825x305x1855-cm-1.jpg 600w, https:\/\/shopenzona.es\/blog\/wp-content\/uploads\/2023\/11\/vitrina-madera-contrachapada-roble-marron-825x305x1855-cm-1-300x300.jpg 300w, https:\/\/shopenzona.es\/blog\/wp-content\/uploads\/2023\/11\/vitrina-madera-contrachapada-roble-marron-825x305x1855-cm-1-150x150.jpg 150w\" sizes=\"(max-width: 600px) 100vw, 600px\" \/><\/a><\/figure><\/div>\n\n\n\n<div class=\"wp-container-3 wp-block-buttons\">\n<div class=\"wp-block-button aligncenter\"><a class=\"wp-block-button__link\" href=\"https:\/\/shopenzona.es\/estanterias\/518749-vitrina-madera-contrachapada-roble-marron-825x305x1855-cm-8720286952870.html\" target=\"_blank\" rel=\"noreferrer noopener\">VITRINA MADERA ROBLE&nbsp;<\/a><\/div>\n<\/div>\n\n\n\n<div style=\"height:30px\" aria-hidden=\"true\" class=\"wp-block-spacer\"><\/div>\n\n\n\n<h2>Objetos de decoraci\u00f3n para vitrinas<\/h2>\n\n\n\n<p>Cuando se trata de decorar vitrinas, hay una amplia variedad de objetos que puedes utilizar para crear una presentaci\u00f3n visualmente atractiva. Aqu\u00ed te proporcionamos algunas ideas de objetos de decoraci\u00f3n para vitrinas que pueden transformar por completo el aspecto de tu espacio. Entre los destacados se encuentran los <strong>marcos y portafotos<\/strong>, estos son elementos esenciales para personalizar tu vitrina. Permiten mostrar tus recuerdos y momentos especiales de manera elegante y decorativa. Nuestra gama de marcos y portafotos incluye opciones que van desde estilos cl\u00e1sicos hasta modernos, asegurando que encuentres la opci\u00f3n perfecta para tu espacio.<\/p>\n\n\n\n<div class=\"wp-block-image\"><figure class=\"aligncenter size-full\"><img loading=\"lazy\" width=\"600\" height=\"600\" src=\"https:\/\/shopenzona.es\/blog\/wp-content\/uploads\/2023\/11\/marco-de-foto-collage-triple-marron-claro-22x15cm2x10x15cm-1.jpg\" alt=\"\" class=\"wp-image-22402\" srcset=\"https:\/\/shopenzona.es\/blog\/wp-content\/uploads\/2023\/11\/marco-de-foto-collage-triple-marron-claro-22x15cm2x10x15cm-1.jpg 600w, https:\/\/shopenzona.es\/blog\/wp-content\/uploads\/2023\/11\/marco-de-foto-collage-triple-marron-claro-22x15cm2x10x15cm-1-300x300.jpg 300w, https:\/\/shopenzona.es\/blog\/wp-content\/uploads\/2023\/11\/marco-de-foto-collage-triple-marron-claro-22x15cm2x10x15cm-1-150x150.jpg 150w\" sizes=\"(max-width: 600px) 100vw, 600px\" \/><\/figure><\/div>\n\n\n\n<div class=\"wp-container-4 wp-block-buttons\">\n<div class=\"wp-block-button aligncenter\"><a class=\"wp-block-button__link\">MARCO DE FOTO COLLAGE TRIPLE<\/a><\/div>\n<\/div>\n\n\n\n<div style=\"height:24px\" aria-hidden=\"true\" class=\"wp-block-spacer\"><\/div>\n\n\n\n<p>Adem\u00e1s, las <strong>velas y fragancias<\/strong> para el hogar son elementos que a\u00f1aden un toque de calidez y aroma agradable a tu ambiente. No solo proporcionan un ambiente acogedor, sino que tambi\u00e9n pueden ser elementos decorativos por s\u00ed mismos. Nuestra selecci\u00f3n de velas y fragancias est\u00e1 pensada para adaptarse a diferentes gustos y estilos de decoraci\u00f3n.<\/p>\n\n\n\n<div class=\"wp-block-image\"><figure class=\"aligncenter size-full\"><a href=\"https:\/\/shopenzona.es\/velas\/654519-bolsius-velas-rusticas-shine-3-unidades-gris-oscuro-100x100-mm-8717847148193.html\" target=\"_blank\" rel=\"noopener\"><img loading=\"lazy\" width=\"600\" height=\"600\" src=\"https:\/\/shopenzona.es\/blog\/wp-content\/uploads\/2023\/11\/bolsius-velas-rusticas-shine-3-unidades-gris-oscuro-100x100-mm.jpg\" alt=\"\" class=\"wp-image-22403\" srcset=\"https:\/\/shopenzona.es\/blog\/wp-content\/uploads\/2023\/11\/bolsius-velas-rusticas-shine-3-unidades-gris-oscuro-100x100-mm.jpg 600w, https:\/\/shopenzona.es\/blog\/wp-content\/uploads\/2023\/11\/bolsius-velas-rusticas-shine-3-unidades-gris-oscuro-100x100-mm-300x300.jpg 300w, https:\/\/shopenzona.es\/blog\/wp-content\/uploads\/2023\/11\/bolsius-velas-rusticas-shine-3-unidades-gris-oscuro-100x100-mm-150x150.jpg 150w\" sizes=\"(max-width: 600px) 100vw, 600px\" \/><\/a><\/figure><\/div>\n\n\n\n<div class=\"wp-container-5 wp-block-buttons\">\n<div class=\"wp-block-button aligncenter\"><a class=\"wp-block-button__link\" href=\"https:\/\/shopenzona.es\/velas\/654519-bolsius-velas-rusticas-shine-3-unidades-gris-oscuro-100x100-mm-8717847148193.html\" target=\"_blank\" rel=\"noreferrer noopener\">&nbsp;VELAS R\u00daSTICAS<\/a><\/div>\n<\/div>\n\n\n\n<div style=\"height:24px\" aria-hidden=\"true\" class=\"wp-block-spacer\"><\/div>\n\n\n\n<p>Para los amantes de los libros, ofrecemos una variedad de <strong>sujetalibros<\/strong> que no solo cumplen la funci\u00f3n de mantener tus libros organizados, sino que tambi\u00e9n pueden ser una expresi\u00f3n de tu personalidad y estilo. Desde dise\u00f1os minimalistas hasta piezas m\u00e1s elaboradas, encontrar\u00e1s opciones para todos los gustos.<\/p>\n\n\n\n<div class=\"wp-block-image\"><figure class=\"aligncenter size-full\"><a href=\"https:\/\/shopenzona.es\/sujetalibros\/197762-sujetalibros-globo-2-uds-8718475860013.html\" target=\"_blank\" rel=\"noopener\"><img loading=\"lazy\" width=\"600\" height=\"600\" src=\"https:\/\/shopenzona.es\/blog\/wp-content\/uploads\/2023\/11\/sujetalibros-globo-2-uds.jpg\" alt=\"\" class=\"wp-image-22404\" srcset=\"https:\/\/shopenzona.es\/blog\/wp-content\/uploads\/2023\/11\/sujetalibros-globo-2-uds.jpg 600w, https:\/\/shopenzona.es\/blog\/wp-content\/uploads\/2023\/11\/sujetalibros-globo-2-uds-300x300.jpg 300w, https:\/\/shopenzona.es\/blog\/wp-content\/uploads\/2023\/11\/sujetalibros-globo-2-uds-150x150.jpg 150w\" sizes=\"(max-width: 600px) 100vw, 600px\" \/><\/a><\/figure><\/div>\n\n\n\n<div class=\"wp-container-6 wp-block-buttons\">\n<div class=\"wp-block-button aligncenter\"><a class=\"wp-block-button__link\" href=\"https:\/\/shopenzona.es\/sujetalibros\/197762-sujetalibros-globo-2-uds-8718475860013.html\" target=\"_blank\" rel=\"noreferrer noopener\">SUJETALIBROS GLOBO<\/a><\/div>\n<\/div>\n\n\n\n<div style=\"height:24px\" aria-hidden=\"true\" class=\"wp-block-spacer\"><\/div>\n\n\n\n<p>Por otro lado, los <strong>textiles<\/strong>, como mantas, pa\u00f1uelos o cojines, ofrecen una versatilidad \u00fanica en la decoraci\u00f3n de vitrinas. Pueden ser h\u00e1bilmente plegados y dispuestos de manera art\u00edstica, a\u00f1adiendo una capa de calidez y comodidad al conjunto. Estos elementos suelen proporcionar un contraste interesante con objetos m\u00e1s s\u00f3lidos y r\u00edgidos, creando un equilibrio visual que invita a la contemplaci\u00f3n. La elecci\u00f3n de colores y texturas en los textiles puede acentuar o complementar el tema general de la vitrina, permitiendo una mayor personalizaci\u00f3n y creatividad en la presentaci\u00f3n.<\/p>\n\n\n\n<div class=\"wp-block-image\"><figure class=\"aligncenter size-full\"><a href=\"https:\/\/shopenzona.es\/hogar-y-decoracion\/198520-manta-en-espiguilla-de-algodon-azul-marino-220x250-cm-8718475573852.html\" target=\"_blank\" rel=\"noopener\"><img loading=\"lazy\" width=\"600\" height=\"600\" src=\"https:\/\/shopenzona.es\/blog\/wp-content\/uploads\/2023\/11\/manta-en-espiguilla-de-algodon-azul-marino-220x250-cm.jpg\" alt=\"\" class=\"wp-image-22405\" srcset=\"https:\/\/shopenzona.es\/blog\/wp-content\/uploads\/2023\/11\/manta-en-espiguilla-de-algodon-azul-marino-220x250-cm.jpg 600w, https:\/\/shopenzona.es\/blog\/wp-content\/uploads\/2023\/11\/manta-en-espiguilla-de-algodon-azul-marino-220x250-cm-300x300.jpg 300w, https:\/\/shopenzona.es\/blog\/wp-content\/uploads\/2023\/11\/manta-en-espiguilla-de-algodon-azul-marino-220x250-cm-150x150.jpg 150w\" sizes=\"(max-width: 600px) 100vw, 600px\" \/><\/a><\/figure><\/div>\n\n\n\n<div class=\"wp-container-7 wp-block-buttons\">\n<div class=\"wp-block-button aligncenter\"><a class=\"wp-block-button__link\" href=\"https:\/\/shopenzona.es\/hogar-y-decoracion\/198520-manta-en-espiguilla-de-algodon-azul-marino-220x250-cm-8718475573852.html\" target=\"_blank\" rel=\"noreferrer noopener\">MANTA EN ESPIGUILLA<\/a><\/div>\n<\/div>\n\n\n\n<div style=\"height:30px\" aria-hidden=\"true\" class=\"wp-block-spacer\"><\/div>\n\n\n\n<p>Para una experiencia visual completa, te invitamos a explorar los productos de <a href=\"https:\/\/shopenzona.es\/1753-hogar-y-decoracion\">hogar y decoraci\u00f3n<\/a> para vitrinas en nuestra web. Encontrar\u00e1s inspiraci\u00f3n y opciones para transformar tu vitrina en un elemento central y atractivo en tu espacio. No dudes en contactarnos si necesitas asesoramiento adicional o tienes alguna pregunta sobre nuestros productos. Estamos aqu\u00ed para ayudarte a crear el ambiente perfecto en tu hogar.<\/p>\n","protected":false},"excerpt":{"rendered":"<p>La decoraci\u00f3n de una vitrina en el sal\u00f3n puede transformar por completo el ambiente, a\u00f1adiendo personalidad y estilo a tu espacio. Las vitrinas no solo son funcionales para el almacenamiento, sino que tambi\u00e9n se convierten en elementos decorativos destacados. Al elegir la decoraci\u00f3n adecuada, puedes resaltar tus objetos favoritos y crear un punto focal atractivo&hellip;<\/p>\n","protected":false},"author":1,"featured_media":22354,"comment_status":"closed","ping_status":"closed","sticky":false,"template":"","format":"standard","meta":[],"categories":[21,23],"tags":[],"yoast_head":"<!-- This site is optimized with the Yoast SEO plugin v19.13 - https:\/\/yoast.com\/wordpress\/plugins\/seo\/ -->\n<title>C\u00f3mo Decorar una Vitrina de Sal\u00f3n: Ideas y Objetos | Allzone<\/title>\n<meta name=\"description\" content=\"\u00bfBuscas inspiraci\u00f3n para decorar tu vitrina de sal\u00f3n? Encuentra ideas creativas y consejos pr\u00e1cticos de iluminaci\u00f3n y objetos.\" \/>\n<meta name=\"robots\" content=\"index, follow, max-snippet:-1, max-image-preview:large, max-video-preview:-1\" \/>\n<link rel=\"canonical\" href=\"https:\/\/shopenzona.es\/blog\/como-decorar-vitrina-salon\/\" \/>\n<meta property=\"og:locale\" content=\"es_ES\" \/>\n<meta property=\"og:type\" content=\"article\" \/>\n<meta property=\"og:title\" content=\"C\u00f3mo Decorar una Vitrina de Sal\u00f3n: Ideas y Objetos | Allzone\" \/>\n<meta property=\"og:description\" content=\"\u00bfBuscas inspiraci\u00f3n para decorar tu vitrina de sal\u00f3n? Encuentra ideas creativas y consejos pr\u00e1cticos de iluminaci\u00f3n y objetos.\" \/>\n<meta property=\"og:url\" content=\"https:\/\/shopenzona.es\/blog\/como-decorar-vitrina-salon\/\" \/>\n<meta property=\"og:site_name\" content=\"Allzone\" \/>\n<meta property=\"article:published_time\" content=\"2023-11-08T14:06:37+00:00\" \/>\n<meta property=\"article:modified_time\" content=\"2024-12-27T12:22:19+00:00\" \/>\n<meta property=\"og:image\" content=\"https:\/\/shopenzona.es\/blog\/wp-content\/uploads\/2023\/11\/07.11-M.jpg\" \/>\n\t<meta property=\"og:image:width\" content=\"1650\" \/>\n\t<meta property=\"og:image:height\" content=\"900\" \/>\n\t<meta property=\"og:image:type\" content=\"image\/jpeg\" \/>\n<meta name=\"author\" content=\"admin\" \/>\n<meta name=\"twitter:card\" content=\"summary_large_image\" \/>\n<meta name=\"twitter:label1\" content=\"Escrito por\" \/>\n\t<meta name=\"twitter:data1\" content=\"admin\" \/>\n\t<meta name=\"twitter:label2\" content=\"Tiempo de lectura\" \/>\n\t<meta name=\"twitter:data2\" content=\"5 minutos\" \/>\n<script type=\"application\/ld+json\" class=\"yoast-schema-graph\">{\"@context\":\"https:\/\/schema.org\",\"@graph\":[{\"@type\":\"WebPage\",\"@id\":\"https:\/\/shopenzona.es\/blog\/como-decorar-vitrina-salon\/\",\"url\":\"https:\/\/shopenzona.es\/blog\/como-decorar-vitrina-salon\/\",\"name\":\"C\u00f3mo Decorar una Vitrina de Sal\u00f3n: Ideas y Objetos | Allzone\",\"isPartOf\":{\"@id\":\"https:\/\/shopenzona.es\/blog\/#website\"},\"datePublished\":\"2023-11-08T14:06:37+00:00\",\"dateModified\":\"2024-12-27T12:22:19+00:00\",\"author\":{\"@id\":\"https:\/\/shopenzona.es\/blog\/#\/schema\/person\/eedabeb0482bc0dd5720681ddbcda844\"},\"description\":\"\u00bfBuscas inspiraci\u00f3n para decorar tu vitrina de sal\u00f3n? Encuentra ideas creativas y consejos pr\u00e1cticos de iluminaci\u00f3n y objetos.\",\"breadcrumb\":{\"@id\":\"https:\/\/shopenzona.es\/blog\/como-decorar-vitrina-salon\/#breadcrumb\"},\"inLanguage\":\"es\",\"potentialAction\":[{\"@type\":\"ReadAction\",\"target\":[\"https:\/\/shopenzona.es\/blog\/como-decorar-vitrina-salon\/\"]}]},{\"@type\":\"BreadcrumbList\",\"@id\":\"https:\/\/shopenzona.es\/blog\/como-decorar-vitrina-salon\/#breadcrumb\",\"itemListElement\":[{\"@type\":\"ListItem\",\"position\":1,\"name\":\"Portada\",\"item\":\"https:\/\/shopenzona.es\/blog\/\"},{\"@type\":\"ListItem\",\"position\":2,\"name\":\"Ideas acerca de c\u00f3mo decorar una vitrina de sal\u00f3n\"}]},{\"@type\":\"WebSite\",\"@id\":\"https:\/\/shopenzona.es\/blog\/#website\",\"url\":\"https:\/\/shopenzona.es\/blog\/\",\"name\":\"Allzone\",\"description\":\"Blog de Allzone\",\"potentialAction\":[{\"@type\":\"SearchAction\",\"target\":{\"@type\":\"EntryPoint\",\"urlTemplate\":\"https:\/\/shopenzona.es\/blog\/?s={search_term_string}\"},\"query-input\":\"required name=search_term_string\"}],\"inLanguage\":\"es\"},{\"@type\":\"Person\",\"@id\":\"https:\/\/shopenzona.es\/blog\/#\/schema\/person\/eedabeb0482bc0dd5720681ddbcda844\",\"name\":\"admin\",\"image\":{\"@type\":\"ImageObject\",\"inLanguage\":\"es\",\"@id\":\"https:\/\/shopenzona.es\/blog\/#\/schema\/person\/image\/\",\"url\":\"https:\/\/secure.gravatar.com\/avatar\/561714c52e30f2a7a8e924873d2dc849?s=96&d=mm&r=g\",\"contentUrl\":\"https:\/\/secure.gravatar.com\/avatar\/561714c52e30f2a7a8e924873d2dc849?s=96&d=mm&r=g\",\"caption\":\"admin\"}}]}<\/script>\n<!-- \/ Yoast SEO plugin. -->","yoast_head_json":{"title":"C\u00f3mo Decorar una Vitrina de Sal\u00f3n: Ideas y Objetos | Allzone","description":"\u00bfBuscas inspiraci\u00f3n para decorar tu vitrina de sal\u00f3n? Encuentra ideas creativas y consejos pr\u00e1cticos de iluminaci\u00f3n y objetos.","robots":{"index":"index","follow":"follow","max-snippet":"max-snippet:-1","max-image-preview":"max-image-preview:large","max-video-preview":"max-video-preview:-1"},"canonical":"https:\/\/shopenzona.es\/blog\/como-decorar-vitrina-salon\/","og_locale":"es_ES","og_type":"article","og_title":"C\u00f3mo Decorar una Vitrina de Sal\u00f3n: Ideas y Objetos | Allzone","og_description":"\u00bfBuscas inspiraci\u00f3n para decorar tu vitrina de sal\u00f3n? Encuentra ideas creativas y consejos pr\u00e1cticos de iluminaci\u00f3n y objetos.","og_url":"https:\/\/shopenzona.es\/blog\/como-decorar-vitrina-salon\/","og_site_name":"Allzone","article_published_time":"2023-11-08T14:06:37+00:00","article_modified_time":"2024-12-27T12:22:19+00:00","og_image":[{"width":1650,"height":900,"url":"https:\/\/shopenzona.es\/blog\/wp-content\/uploads\/2023\/11\/07.11-M.jpg","type":"image\/jpeg"}],"author":"admin","twitter_card":"summary_large_image","twitter_misc":{"Escrito por":"admin","Tiempo de lectura":"5 minutos"},"schema":{"@context":"https:\/\/schema.org","@graph":[{"@type":"WebPage","@id":"https:\/\/shopenzona.es\/blog\/como-decorar-vitrina-salon\/","url":"https:\/\/shopenzona.es\/blog\/como-decorar-vitrina-salon\/","name":"C\u00f3mo Decorar una Vitrina de Sal\u00f3n: Ideas y Objetos | Allzone","isPartOf":{"@id":"https:\/\/shopenzona.es\/blog\/#website"},"datePublished":"2023-11-08T14:06:37+00:00","dateModified":"2024-12-27T12:22:19+00:00","author":{"@id":"https:\/\/shopenzona.es\/blog\/#\/schema\/person\/eedabeb0482bc0dd5720681ddbcda844"},"description":"\u00bfBuscas inspiraci\u00f3n para decorar tu vitrina de sal\u00f3n? Encuentra ideas creativas y consejos pr\u00e1cticos de iluminaci\u00f3n y objetos.","breadcrumb":{"@id":"https:\/\/shopenzona.es\/blog\/como-decorar-vitrina-salon\/#breadcrumb"},"inLanguage":"es","potentialAction":[{"@type":"ReadAction","target":["https:\/\/shopenzona.es\/blog\/como-decorar-vitrina-salon\/"]}]},{"@type":"BreadcrumbList","@id":"https:\/\/shopenzona.es\/blog\/como-decorar-vitrina-salon\/#breadcrumb","itemListElement":[{"@type":"ListItem","position":1,"name":"Portada","item":"https:\/\/shopenzona.es\/blog\/"},{"@type":"ListItem","position":2,"name":"Ideas acerca de c\u00f3mo decorar una vitrina de sal\u00f3n"}]},{"@type":"WebSite","@id":"https:\/\/shopenzona.es\/blog\/#website","url":"https:\/\/shopenzona.es\/blog\/","name":"Allzone","description":"Blog de Allzone","potentialAction":[{"@type":"SearchAction","target":{"@type":"EntryPoint","urlTemplate":"https:\/\/shopenzona.es\/blog\/?s={search_term_string}"},"query-input":"required name=search_term_string"}],"inLanguage":"es"},{"@type":"Person","@id":"https:\/\/shopenzona.es\/blog\/#\/schema\/person\/eedabeb0482bc0dd5720681ddbcda844","name":"admin","image":{"@type":"ImageObject","inLanguage":"es","@id":"https:\/\/shopenzona.es\/blog\/#\/schema\/person\/image\/","url":"https:\/\/secure.gravatar.com\/avatar\/561714c52e30f2a7a8e924873d2dc849?s=96&d=mm&r=g","contentUrl":"https:\/\/secure.gravatar.com\/avatar\/561714c52e30f2a7a8e924873d2dc849?s=96&d=mm&r=g","caption":"admin"}}]}},"_links":{"self":[{"href":"https:\/\/shopenzona.es\/blog\/wp-json\/wp\/v2\/posts\/22352"}],"collection":[{"href":"https:\/\/shopenzona.es\/blog\/wp-json\/wp\/v2\/posts"}],"about":[{"href":"https:\/\/shopenzona.es\/blog\/wp-json\/wp\/v2\/types\/post"}],"author":[{"embeddable":true,"href":"https:\/\/shopenzona.es\/blog\/wp-json\/wp\/v2\/users\/1"}],"replies":[{"embeddable":true,"href":"https:\/\/shopenzona.es\/blog\/wp-json\/wp\/v2\/comments?post=22352"}],"version-history":[{"count":11,"href":"https:\/\/shopenzona.es\/blog\/wp-json\/wp\/v2\/posts\/22352\/revisions"}],"predecessor-version":[{"id":33418,"href":"https:\/\/shopenzona.es\/blog\/wp-json\/wp\/v2\/posts\/22352\/revisions\/33418"}],"wp:featuredmedia":[{"embeddable":true,"href":"https:\/\/shopenzona.es\/blog\/wp-json\/wp\/v2\/media\/22354"}],"wp:attachment":[{"href":"https:\/\/shopenzona.es\/blog\/wp-json\/wp\/v2\/media?parent=22352"}],"wp:term":[{"taxonomy":"category","embeddable":true,"href":"https:\/\/shopenzona.es\/blog\/wp-json\/wp\/v2\/categories?post=22352"},{"taxonomy":"post_tag","embeddable":true,"href":"https:\/\/shopenzona.es\/blog\/wp-json\/wp\/v2\/tags?post=22352"}],"curies":[{"name":"wp","href":"https:\/\/api.w.org\/{rel}","templated":true}]}}