{"id":27605,"date":"2024-04-03T09:25:53","date_gmt":"2024-04-03T07:25:53","guid":{"rendered":"https:\/\/allzone.es\/blog\/?p=27605"},"modified":"2024-12-27T12:03:42","modified_gmt":"2024-12-27T11:03:42","slug":"que-imac-elegir-caracteristicas-y-modelos","status":"publish","type":"post","link":"https:\/\/shopenzona.es\/blog\/que-imac-elegir-caracteristicas-y-modelos\/","title":{"rendered":"\u00bfQu\u00e9 iMac elegir? Conoce todas sus caracter\u00edsticas y modelos"},"content":{"rendered":"\n<p>Al explorar las opciones de iMac, es esencial entender las diversas caracter\u00edsticas y modelos disponibles para encontrar el m\u00e1s adecuado a tus necesidades. Los iMac son reconocidos por su potencia, dise\u00f1o elegante y rendimiento excepcional, lo que los convierte en una elecci\u00f3n popular para usuarios profesionales y dom\u00e9sticos por igual. Desde el iMac est\u00e1ndar hasta el iMac Pro, cada modelo ofrece distintas especificaciones que se adaptan a diferentes usos, ya sea para dise\u00f1o gr\u00e1fico, edici\u00f3n de video o tareas cotidianas. Te ofrecemos una amplia selecci\u00f3n de iMac para que encuentres el perfecto para ti. Explora nuestras opciones y descubre el iMac ideal que se ajuste a tus necesidades.<\/p>\n\n\n\n<div style=\"height:20px\" aria-hidden=\"true\" class=\"wp-block-spacer\"><\/div>\n\n\n\n<h2>Conoce la historia del iMac<\/h2>\n\n\n\n<h3>Origen y evoluci\u00f3n del iMac<\/h3>\n\n\n\n<p>El iMac, desde su concepci\u00f3n en 1998, ha sido pionero en la innovaci\u00f3n tecnol\u00f3gica y el dise\u00f1o revolucionario. Con su lanzamiento, Apple introdujo una nueva era en la inform\u00e1tica dom\u00e9stica al fusionar hardware potente con un monitor integrado. A lo largo de los a\u00f1os, el iMac ha experimentado m\u00faltiples transformaciones, desde cambios en su dise\u00f1o hasta actualizaciones de hardware y software. Desde el ic\u00f3nico iMac G3 hasta las versiones m\u00e1s recientes con pantallas Retina, la evoluci\u00f3n del iMac ha estado marcada por la constante b\u00fasqueda de la excelencia en rendimiento y est\u00e9tica.<\/p>\n\n\n\n<div style=\"height:16px\" aria-hidden=\"true\" class=\"wp-block-spacer\"><\/div>\n\n\n\n<h3>Significado y relevancia en la actualidad<\/h3>\n\n\n\n<p>El iMac ha adquirido una relevancia destacada en la actualidad, consolid\u00e1ndose como un s\u00edmbolo de innovaci\u00f3n y dise\u00f1o en el mundo de la inform\u00e1tica. Su significado va m\u00e1s all\u00e1 de ser simplemente un ordenador; representa la excelencia tecnol\u00f3gica de Apple y la preferencia de usuarios que valoran el rendimiento y la est\u00e9tica en sus dispositivos. El iMac ha evolucionado constantemente, adapt\u00e1ndose a las necesidades cambiantes del mercado y estableciendo nuevos est\u00e1ndares en cuanto a dise\u00f1o y funcionalidad. Con su dise\u00f1o elegante y componentes internos de alto rendimiento, el <a href=\"https:\/\/shopenzona.es\/1259-imac\" target=\"_blank\" rel=\"noreferrer noopener\">iMac<\/a> no solo se destaca como una herramienta de trabajo, sino tambi\u00e9n como una obra de arte tecnol\u00f3gica.<\/p>\n\n\n\n<div style=\"height:20px\" aria-hidden=\"true\" class=\"wp-block-spacer\"><\/div>\n\n\n\n<div class=\"wp-block-image\"><figure class=\"aligncenter size-full is-resized\"><a href=\"https:\/\/shopenzona.es\/imac\/851767-apple-imac-24-m3-8gb-ram-256gb-mqr93ya-plata-0194253776895.html\" target=\"_blank\" rel=\"noopener\"><img loading=\"lazy\" src=\"https:\/\/shopenzona.es\/blog\/wp-content\/uploads\/2024\/04\/apple-imac-24-m3-8gb-ram-256gb-mqr93ya-plata-1.jpg\" alt=\"\" class=\"wp-image-27629\" width=\"401\" height=\"401\" srcset=\"https:\/\/shopenzona.es\/blog\/wp-content\/uploads\/2024\/04\/apple-imac-24-m3-8gb-ram-256gb-mqr93ya-plata-1.jpg 600w, https:\/\/shopenzona.es\/blog\/wp-content\/uploads\/2024\/04\/apple-imac-24-m3-8gb-ram-256gb-mqr93ya-plata-1-300x300.jpg 300w, https:\/\/shopenzona.es\/blog\/wp-content\/uploads\/2024\/04\/apple-imac-24-m3-8gb-ram-256gb-mqr93ya-plata-1-150x150.jpg 150w\" sizes=\"(max-width: 401px) 100vw, 401px\" \/><\/a><\/figure><\/div>\n\n\n\n<div class=\"wp-container-1 wp-block-buttons\">\n<div class=\"wp-block-button aligncenter\"><a class=\"wp-block-button__link\" href=\"https:\/\/shopenzona.es\/imac\/851767-apple-imac-24-m3-8gb-ram-256gb-mqr93ya-plata-0194253776895.html\" target=\"_blank\" rel=\"noreferrer noopener\">APPLE IMAC 24&#8243; M3 8GB<\/a><\/div>\n<\/div>\n\n\n\n<div style=\"height:30px\" aria-hidden=\"true\" class=\"wp-block-spacer\"><\/div>\n\n\n\n<h2>Caracter\u00edsticas principales del iMac<\/h2>\n\n\n\n<h3>Dise\u00f1o y est\u00e9tica<\/h3>\n\n\n\n<p>El iMac destaca por su dise\u00f1o elegante y minimalista, siendo una pieza ic\u00f3nica en el mundo de la tecnolog\u00eda. Su estructura delgada y sin bordes, junto con su pantalla de alta resoluci\u00f3n, ofrece una experiencia visual impresionante. Con detalles cuidadosamente dise\u00f1ados, como el logo retroiluminado de Apple y su base ergon\u00f3mica, el <a href=\"https:\/\/shopenzona.es\/1259-imac\" target=\"_blank\" rel=\"noreferrer noopener\">iMac<\/a> se integra perfectamente en cualquier entorno. Adem\u00e1s, su construcci\u00f3n de aluminio y vidrio le confiere durabilidad y estilo atemporal.<\/p>\n\n\n\n<div style=\"height:16px\" aria-hidden=\"true\" class=\"wp-block-spacer\"><\/div>\n\n\n\n<h3>Rendimiento y potencia<\/h3>\n\n\n\n<p>Reconocido por su rendimiento y potencia excepcionales, impulsa sus avanzadas capacidades t\u00e9cnicas. Equipado con procesadores de \u00faltima generaci\u00f3n y opciones de memoria ampliables, ofrece un desempe\u00f1o fluido incluso en las tareas m\u00e1s exigentes. Su tarjeta gr\u00e1fica integrada garantiza una experiencia visual envolvente y de alta calidad en dise\u00f1o, edici\u00f3n de video y juegos. Adem\u00e1s, la tecnolog\u00eda de almacenamiento r\u00e1pido permite un acceso instant\u00e1neo a archivos y aplicaciones.<\/p>\n\n\n\n<div style=\"height:16px\" aria-hidden=\"true\" class=\"wp-block-spacer\"><\/div>\n\n\n\n<h3>Experiencia del usuario<\/h3>\n\n\n\n<p>Las caracter\u00edsticas principales del iMac incluyen una experiencia del usuario excepcional, destacando por la facilidad de uso y la fluidez del sistema operativo macOS. Con una interfaz intuitiva y funciones integradas, macOS ofrece una navegaci\u00f3n sin contratiempos y un acceso r\u00e1pido a todas las aplicaciones y herramientas necesarias para el trabajo y el entretenimiento. Adem\u00e1s, la integraci\u00f3n perfecta con otros dispositivos Apple, como <a href=\"https:\/\/shopenzona.es\/9511-iphone\" target=\"_blank\" rel=\"noreferrer noopener\">iPhone<\/a> y iPad, permite una experiencia conectada y sin interrupciones.<\/p>\n\n\n\n<div style=\"height:20px\" aria-hidden=\"true\" class=\"wp-block-spacer\"><\/div>\n\n\n\n<div class=\"wp-block-image\"><figure class=\"aligncenter size-full is-resized\"><a href=\"https:\/\/shopenzona.es\/imac\/859696-apple-imac-24-m3-8gb-ram-256gb-mqrt3ya-rosa-0194253782216.html\" target=\"_blank\" rel=\"noopener\"><img loading=\"lazy\" src=\"https:\/\/shopenzona.es\/blog\/wp-content\/uploads\/2024\/04\/apple-imac-24-m3-8gb-ram-256gb-mqrt3ya-rosa-2.jpg\" alt=\"\" class=\"wp-image-27630\" width=\"407\" height=\"407\" srcset=\"https:\/\/shopenzona.es\/blog\/wp-content\/uploads\/2024\/04\/apple-imac-24-m3-8gb-ram-256gb-mqrt3ya-rosa-2.jpg 600w, https:\/\/shopenzona.es\/blog\/wp-content\/uploads\/2024\/04\/apple-imac-24-m3-8gb-ram-256gb-mqrt3ya-rosa-2-300x300.jpg 300w, https:\/\/shopenzona.es\/blog\/wp-content\/uploads\/2024\/04\/apple-imac-24-m3-8gb-ram-256gb-mqrt3ya-rosa-2-150x150.jpg 150w\" sizes=\"(max-width: 407px) 100vw, 407px\" \/><\/a><\/figure><\/div>\n\n\n\n<div class=\"wp-container-2 wp-block-buttons\">\n<div class=\"wp-block-button aligncenter\"><a class=\"wp-block-button__link\" href=\"https:\/\/shopenzona.es\/imac\/859696-apple-imac-24-m3-8gb-ram-256gb-mqrt3ya-rosa-0194253782216.html\" target=\"_blank\" rel=\"noreferrer noopener\">APPLE IMAC 24&#8243; M3 256GB<\/a><\/div>\n<\/div>\n\n\n\n<div style=\"height:30px\" aria-hidden=\"true\" class=\"wp-block-spacer\"><\/div>\n\n\n\n<div class=\"wp-container-3 wp-block-buttons\"><\/div>\n\n\n\n<h2>C\u00f3mo elegir el iMac perfecto<\/h2>\n\n\n\n<h3>Factores a considerar<\/h3>\n\n\n\n<p>Al seleccionar el iMac ideal, es crucial considerar varios factores. El presupuesto juega un papel fundamental, ya que determinar\u00e1 qu\u00e9 modelo se ajusta mejor a tus posibilidades financieras. Tambi\u00e9n debes evaluar tus necesidades de uso: \u00bfes para tareas b\u00e1sicas o para actividades m\u00e1s exigentes como dise\u00f1o gr\u00e1fico o edici\u00f3n de video? El tama\u00f1o de la pantalla es otro aspecto importante, ya que afectar\u00e1 tu experiencia visual y la comodidad de trabajo. Adem\u00e1s, no olvides tener en cuenta la capacidad de almacenamiento, la potencia del procesador y la conectividad.<\/p>\n\n\n\n<div style=\"height:16px\" aria-hidden=\"true\" class=\"wp-block-spacer\"><\/div>\n\n\n\n<h3>Comparaci\u00f3n de modelos<\/h3>\n\n\n\n<p>Para elegir el iMac ideal es esencial comparar los modelos disponibles. Cada uno ofrece caracter\u00edsticas \u00fanicas que se adaptan a diferentes necesidades. El iMac est\u00e1ndar es una opci\u00f3n vers\u00e1til, ideal para tareas cotidianas y multitarea. El iMac Pro, dise\u00f1ado para profesionales creativos, ofrece un rendimiento excepcional con procesadores potentes y capacidades gr\u00e1ficas avanzadas. Por otro lado, el iMac mini es compacto y asequible, perfecto para usuarios que buscan un equipo b\u00e1sico o que prefieren personalizar su configuraci\u00f3n. Al evaluar estas opciones. podr\u00e1s tomar una decisi\u00f3n informada y encontrar el iMac perfecto para ti.<\/p>\n\n\n\n<div style=\"height:16px\" aria-hidden=\"true\" class=\"wp-block-spacer\"><\/div>\n\n\n\n<div class=\"wp-block-image\"><figure class=\"aligncenter size-full is-resized\"><a href=\"https:\/\/shopenzona.es\/imac\/713728-apple-mac-studio-m2-max-12-core-32gb-ram-512gb-gris-plata-0194253434252.html\" target=\"_blank\" rel=\"noopener\"><img loading=\"lazy\" src=\"https:\/\/shopenzona.es\/blog\/wp-content\/uploads\/2024\/04\/apple-mac-studio-m2-max-12-core-32gb-ram-512gb-gris-plata-1.jpg\" alt=\"\" class=\"wp-image-27639\" width=\"507\" height=\"263\" srcset=\"https:\/\/shopenzona.es\/blog\/wp-content\/uploads\/2024\/04\/apple-mac-studio-m2-max-12-core-32gb-ram-512gb-gris-plata-1.jpg 600w, https:\/\/shopenzona.es\/blog\/wp-content\/uploads\/2024\/04\/apple-mac-studio-m2-max-12-core-32gb-ram-512gb-gris-plata-1-300x156.jpg 300w\" sizes=\"(max-width: 507px) 100vw, 507px\" \/><\/a><\/figure><\/div>\n\n\n\n<div class=\"wp-container-4 wp-block-buttons\">\n<div class=\"wp-block-button aligncenter\"><a class=\"wp-block-button__link\" href=\"https:\/\/shopenzona.es\/imac\/713728-apple-mac-studio-m2-max-12-core-32gb-ram-512gb-gris-plata-0194253434252.html\" target=\"_blank\" rel=\"noreferrer noopener\">APPLE MAC STUDIO M2<\/a><\/div>\n<\/div>\n\n\n\n<div style=\"height:30px\" aria-hidden=\"true\" class=\"wp-block-spacer\"><\/div>\n\n\n\n<h2>Compra tu nuevo iMac en oferta en Allzone<\/h2>\n\n\n\n<p>Descubre las incre\u00edbles ofertas disponibles en <a href=\"https:\/\/shopenzona.es\/\" target=\"_blank\" rel=\"noreferrer noopener\">Allzone<\/a> para adquirir tu nuevo iMac. Con descuentos exclusivos y promociones especiales, ahora es el momento perfecto para renovar tu equipo inform\u00e1tico. Encuentra una amplia variedad de modelos de iMac a precios competitivos y disfruta de la calidad y rendimiento que solo Apple puede ofrecer. \u00a1Aprovecha estas oportunidades y hazte con tu iMac ideal hoy mismo!<\/p>\n","protected":false},"excerpt":{"rendered":"<p>Al explorar las opciones de iMac, es esencial entender las diversas caracter\u00edsticas y modelos disponibles para encontrar el m\u00e1s adecuado a tus necesidades. Los iMac son reconocidos por su potencia, dise\u00f1o elegante y rendimiento excepcional, lo que los convierte en una elecci\u00f3n popular para usuarios profesionales y dom\u00e9sticos por igual. Desde el iMac est\u00e1ndar hasta&hellip;<\/p>\n","protected":false},"author":1,"featured_media":27625,"comment_status":"closed","ping_status":"closed","sticky":false,"template":"","format":"standard","meta":[],"categories":[556,26],"tags":[],"yoast_head":"<!-- This site is optimized with the Yoast SEO plugin v19.13 - https:\/\/yoast.com\/wordpress\/plugins\/seo\/ -->\n<title>\u00bfQu\u00e9 iMac Elegir? Conoce todas sus Caracter\u00edsticas y Modelos<\/title>\n<meta name=\"description\" content=\"Descubre qu\u00e9 iMac elegir explorando las caracter\u00edsticas y modelos. Te ayudamos a encontrar el perfecto para satisfacer tus necesidades inform\u00e1ticas.\" \/>\n<meta name=\"robots\" content=\"index, follow, max-snippet:-1, max-image-preview:large, max-video-preview:-1\" \/>\n<link rel=\"canonical\" href=\"https:\/\/shopenzona.es\/blog\/que-imac-elegir-caracteristicas-y-modelos\/\" \/>\n<meta property=\"og:locale\" content=\"es_ES\" \/>\n<meta property=\"og:type\" content=\"article\" \/>\n<meta property=\"og:title\" content=\"\u00bfQu\u00e9 iMac Elegir? Conoce todas sus Caracter\u00edsticas y Modelos\" \/>\n<meta property=\"og:description\" content=\"Descubre qu\u00e9 iMac elegir explorando las caracter\u00edsticas y modelos. Te ayudamos a encontrar el perfecto para satisfacer tus necesidades inform\u00e1ticas.\" \/>\n<meta property=\"og:url\" content=\"https:\/\/shopenzona.es\/blog\/que-imac-elegir-caracteristicas-y-modelos\/\" \/>\n<meta property=\"og:site_name\" content=\"Allzone\" \/>\n<meta property=\"article:published_time\" content=\"2024-04-03T07:25:53+00:00\" \/>\n<meta property=\"article:modified_time\" content=\"2024-12-27T11:03:42+00:00\" \/>\n<meta property=\"og:image\" content=\"https:\/\/shopenzona.es\/blog\/wp-content\/uploads\/2024\/04\/Portadas-blogs-corporativo-8.jpg\" \/>\n\t<meta property=\"og:image:width\" content=\"825\" \/>\n\t<meta property=\"og:image:height\" content=\"450\" \/>\n\t<meta property=\"og:image:type\" content=\"image\/jpeg\" \/>\n<meta name=\"author\" content=\"admin\" \/>\n<meta name=\"twitter:card\" content=\"summary_large_image\" \/>\n<meta name=\"twitter:label1\" content=\"Escrito por\" \/>\n\t<meta name=\"twitter:data1\" content=\"admin\" \/>\n\t<meta name=\"twitter:label2\" content=\"Tiempo de lectura\" \/>\n\t<meta name=\"twitter:data2\" content=\"5 minutos\" \/>\n<script type=\"application\/ld+json\" class=\"yoast-schema-graph\">{\"@context\":\"https:\/\/schema.org\",\"@graph\":[{\"@type\":\"WebPage\",\"@id\":\"https:\/\/shopenzona.es\/blog\/que-imac-elegir-caracteristicas-y-modelos\/\",\"url\":\"https:\/\/shopenzona.es\/blog\/que-imac-elegir-caracteristicas-y-modelos\/\",\"name\":\"\u00bfQu\u00e9 iMac Elegir? Conoce todas sus Caracter\u00edsticas y Modelos\",\"isPartOf\":{\"@id\":\"https:\/\/shopenzona.es\/blog\/#website\"},\"datePublished\":\"2024-04-03T07:25:53+00:00\",\"dateModified\":\"2024-12-27T11:03:42+00:00\",\"author\":{\"@id\":\"https:\/\/shopenzona.es\/blog\/#\/schema\/person\/eedabeb0482bc0dd5720681ddbcda844\"},\"description\":\"Descubre qu\u00e9 iMac elegir explorando las caracter\u00edsticas y modelos. Te ayudamos a encontrar el perfecto para satisfacer tus necesidades inform\u00e1ticas.\",\"breadcrumb\":{\"@id\":\"https:\/\/shopenzona.es\/blog\/que-imac-elegir-caracteristicas-y-modelos\/#breadcrumb\"},\"inLanguage\":\"es\",\"potentialAction\":[{\"@type\":\"ReadAction\",\"target\":[\"https:\/\/shopenzona.es\/blog\/que-imac-elegir-caracteristicas-y-modelos\/\"]}]},{\"@type\":\"BreadcrumbList\",\"@id\":\"https:\/\/shopenzona.es\/blog\/que-imac-elegir-caracteristicas-y-modelos\/#breadcrumb\",\"itemListElement\":[{\"@type\":\"ListItem\",\"position\":1,\"name\":\"Portada\",\"item\":\"https:\/\/shopenzona.es\/blog\/\"},{\"@type\":\"ListItem\",\"position\":2,\"name\":\"\u00bfQu\u00e9 iMac elegir? Conoce todas sus caracter\u00edsticas y modelos\"}]},{\"@type\":\"WebSite\",\"@id\":\"https:\/\/shopenzona.es\/blog\/#website\",\"url\":\"https:\/\/shopenzona.es\/blog\/\",\"name\":\"Allzone\",\"description\":\"Blog de Allzone\",\"potentialAction\":[{\"@type\":\"SearchAction\",\"target\":{\"@type\":\"EntryPoint\",\"urlTemplate\":\"https:\/\/shopenzona.es\/blog\/?s={search_term_string}\"},\"query-input\":\"required name=search_term_string\"}],\"inLanguage\":\"es\"},{\"@type\":\"Person\",\"@id\":\"https:\/\/shopenzona.es\/blog\/#\/schema\/person\/eedabeb0482bc0dd5720681ddbcda844\",\"name\":\"admin\",\"image\":{\"@type\":\"ImageObject\",\"inLanguage\":\"es\",\"@id\":\"https:\/\/shopenzona.es\/blog\/#\/schema\/person\/image\/\",\"url\":\"https:\/\/secure.gravatar.com\/avatar\/561714c52e30f2a7a8e924873d2dc849?s=96&d=mm&r=g\",\"contentUrl\":\"https:\/\/secure.gravatar.com\/avatar\/561714c52e30f2a7a8e924873d2dc849?s=96&d=mm&r=g\",\"caption\":\"admin\"}}]}<\/script>\n<!-- \/ Yoast SEO plugin. -->","yoast_head_json":{"title":"\u00bfQu\u00e9 iMac Elegir? Conoce todas sus Caracter\u00edsticas y Modelos","description":"Descubre qu\u00e9 iMac elegir explorando las caracter\u00edsticas y modelos. Te ayudamos a encontrar el perfecto para satisfacer tus necesidades inform\u00e1ticas.","robots":{"index":"index","follow":"follow","max-snippet":"max-snippet:-1","max-image-preview":"max-image-preview:large","max-video-preview":"max-video-preview:-1"},"canonical":"https:\/\/shopenzona.es\/blog\/que-imac-elegir-caracteristicas-y-modelos\/","og_locale":"es_ES","og_type":"article","og_title":"\u00bfQu\u00e9 iMac Elegir? Conoce todas sus Caracter\u00edsticas y Modelos","og_description":"Descubre qu\u00e9 iMac elegir explorando las caracter\u00edsticas y modelos. Te ayudamos a encontrar el perfecto para satisfacer tus necesidades inform\u00e1ticas.","og_url":"https:\/\/shopenzona.es\/blog\/que-imac-elegir-caracteristicas-y-modelos\/","og_site_name":"Allzone","article_published_time":"2024-04-03T07:25:53+00:00","article_modified_time":"2024-12-27T11:03:42+00:00","og_image":[{"width":825,"height":450,"url":"https:\/\/shopenzona.es\/blog\/wp-content\/uploads\/2024\/04\/Portadas-blogs-corporativo-8.jpg","type":"image\/jpeg"}],"author":"admin","twitter_card":"summary_large_image","twitter_misc":{"Escrito por":"admin","Tiempo de lectura":"5 minutos"},"schema":{"@context":"https:\/\/schema.org","@graph":[{"@type":"WebPage","@id":"https:\/\/shopenzona.es\/blog\/que-imac-elegir-caracteristicas-y-modelos\/","url":"https:\/\/shopenzona.es\/blog\/que-imac-elegir-caracteristicas-y-modelos\/","name":"\u00bfQu\u00e9 iMac Elegir? Conoce todas sus Caracter\u00edsticas y Modelos","isPartOf":{"@id":"https:\/\/shopenzona.es\/blog\/#website"},"datePublished":"2024-04-03T07:25:53+00:00","dateModified":"2024-12-27T11:03:42+00:00","author":{"@id":"https:\/\/shopenzona.es\/blog\/#\/schema\/person\/eedabeb0482bc0dd5720681ddbcda844"},"description":"Descubre qu\u00e9 iMac elegir explorando las caracter\u00edsticas y modelos. Te ayudamos a encontrar el perfecto para satisfacer tus necesidades inform\u00e1ticas.","breadcrumb":{"@id":"https:\/\/shopenzona.es\/blog\/que-imac-elegir-caracteristicas-y-modelos\/#breadcrumb"},"inLanguage":"es","potentialAction":[{"@type":"ReadAction","target":["https:\/\/shopenzona.es\/blog\/que-imac-elegir-caracteristicas-y-modelos\/"]}]},{"@type":"BreadcrumbList","@id":"https:\/\/shopenzona.es\/blog\/que-imac-elegir-caracteristicas-y-modelos\/#breadcrumb","itemListElement":[{"@type":"ListItem","position":1,"name":"Portada","item":"https:\/\/shopenzona.es\/blog\/"},{"@type":"ListItem","position":2,"name":"\u00bfQu\u00e9 iMac elegir? Conoce todas sus caracter\u00edsticas y modelos"}]},{"@type":"WebSite","@id":"https:\/\/shopenzona.es\/blog\/#website","url":"https:\/\/shopenzona.es\/blog\/","name":"Allzone","description":"Blog de Allzone","potentialAction":[{"@type":"SearchAction","target":{"@type":"EntryPoint","urlTemplate":"https:\/\/shopenzona.es\/blog\/?s={search_term_string}"},"query-input":"required name=search_term_string"}],"inLanguage":"es"},{"@type":"Person","@id":"https:\/\/shopenzona.es\/blog\/#\/schema\/person\/eedabeb0482bc0dd5720681ddbcda844","name":"admin","image":{"@type":"ImageObject","inLanguage":"es","@id":"https:\/\/shopenzona.es\/blog\/#\/schema\/person\/image\/","url":"https:\/\/secure.gravatar.com\/avatar\/561714c52e30f2a7a8e924873d2dc849?s=96&d=mm&r=g","contentUrl":"https:\/\/secure.gravatar.com\/avatar\/561714c52e30f2a7a8e924873d2dc849?s=96&d=mm&r=g","caption":"admin"}}]}},"_links":{"self":[{"href":"https:\/\/shopenzona.es\/blog\/wp-json\/wp\/v2\/posts\/27605"}],"collection":[{"href":"https:\/\/shopenzona.es\/blog\/wp-json\/wp\/v2\/posts"}],"about":[{"href":"https:\/\/shopenzona.es\/blog\/wp-json\/wp\/v2\/types\/post"}],"author":[{"embeddable":true,"href":"https:\/\/shopenzona.es\/blog\/wp-json\/wp\/v2\/users\/1"}],"replies":[{"embeddable":true,"href":"https:\/\/shopenzona.es\/blog\/wp-json\/wp\/v2\/comments?post=27605"}],"version-history":[{"count":30,"href":"https:\/\/shopenzona.es\/blog\/wp-json\/wp\/v2\/posts\/27605\/revisions"}],"predecessor-version":[{"id":33363,"href":"https:\/\/shopenzona.es\/blog\/wp-json\/wp\/v2\/posts\/27605\/revisions\/33363"}],"wp:featuredmedia":[{"embeddable":true,"href":"https:\/\/shopenzona.es\/blog\/wp-json\/wp\/v2\/media\/27625"}],"wp:attachment":[{"href":"https:\/\/shopenzona.es\/blog\/wp-json\/wp\/v2\/media?parent=27605"}],"wp:term":[{"taxonomy":"category","embeddable":true,"href":"https:\/\/shopenzona.es\/blog\/wp-json\/wp\/v2\/categories?post=27605"},{"taxonomy":"post_tag","embeddable":true,"href":"https:\/\/shopenzona.es\/blog\/wp-json\/wp\/v2\/tags?post=27605"}],"curies":[{"name":"wp","href":"https:\/\/api.w.org\/{rel}","templated":true}]}}