{"id":30901,"date":"2024-08-27T09:19:02","date_gmt":"2024-08-27T07:19:02","guid":{"rendered":"https:\/\/allzone.es\/blog\/?p=30901"},"modified":"2024-12-26T18:16:25","modified_gmt":"2024-12-26T17:16:25","slug":"como-elegir-un-carro-de-bebe","status":"publish","type":"post","link":"https:\/\/shopenzona.es\/blog\/como-elegir-un-carro-de-bebe\/","title":{"rendered":"C\u00f3mo Elegir un Carro de Beb\u00e9"},"content":{"rendered":"\n<p>Elegir el carrito de beb\u00e9 adecuado es crucial para garantizar la comodidad y seguridad del peque\u00f1o, as\u00ed como para facilitar la vida diaria de los padres. Considera factores como la seguridad, asegur\u00e1ndote de que el carrito cumpla con los est\u00e1ndares de calidad y cuente con arneses adecuados. La maniobrabilidad es clave; un modelo que sea f\u00e1cil de manejar y plegar simplificar\u00e1 tus salidas. Tambi\u00e9n, eval\u00faa el tama\u00f1o y el peso del carrito en relaci\u00f3n con tu estilo de vida. Finalmente, el presupuesto juega un papel importante, as\u00ed que encuentra un equilibrio entre calidad y coste que se ajuste a tus necesidades.<\/p>\n\n\n\n<div style=\"height:23px\" aria-hidden=\"true\" class=\"wp-block-spacer\"><\/div>\n\n\n\n<h2>Componentes Clave de un Carrito de Beb\u00e9 Seguro y C\u00f3modo<\/h2>\n\n\n\n<div style=\"height:10px\" aria-hidden=\"true\" class=\"wp-block-spacer\"><\/div>\n\n\n\n<h3>Chasis<\/h3>\n\n\n\n<p>El chasis de un <a href=\"https:\/\/shopenzona.es\/4615-transporte-para-bebes\" target=\"_blank\" rel=\"noreferrer noopener\">carrito de beb\u00e9 <\/a>es fundamental para la estabilidad y seguridad del transporte. Un chasis robusto y bien dise\u00f1ado proporciona una base s\u00f3lida que evita que el carrito se tambalee, lo que es esencial para mantener al beb\u00e9 seguro en todo momento. La calidad de los materiales y el dise\u00f1o del chasis influyen directamente en la durabilidad y el confort del carrito. Al elegir, aseg\u00farate de que el chasis sea resistente pero ligero, para que sea f\u00e1cil de maniobrar sin sacrificar la seguridad. Esta estructura impacta tanto en el uso diario como en la protecci\u00f3n del peque\u00f1o.<\/p>\n\n\n\n<div style=\"height:23px\" aria-hidden=\"true\" class=\"wp-block-spacer\"><\/div>\n\n\n\n<h3>Capazo<\/h3>\n\n\n\n<p>El capazo resulta indispensable durante los primeros meses del beb\u00e9, proporcionando un entorno c\u00f3modo y seguro para el descanso. Su dise\u00f1o permite que el peque\u00f1o repose en una posici\u00f3n plana, crucial para su desarrollo y bienestar. Adem\u00e1s, el capazo se puede usar tanto en casa como al trasladarse en el carrito, facilitando el transporte sin interrumpir el sue\u00f1o del beb\u00e9. Opta por un capazo con buena ventilaci\u00f3n y materiales suaves para garantizar el m\u00e1ximo confort y protecci\u00f3n. Esta opci\u00f3n es ideal para crear un ambiente acogedor mientras el beb\u00e9 se adapta al mundo exterior.<\/p>\n\n\n\n<div style=\"height:23px\" aria-hidden=\"true\" class=\"wp-block-spacer\"><\/div>\n\n\n\n<h3>Silla de Paseo<\/h3>\n\n\n\n<p>La silla de paseo se puede comenzar a utilizar cuando el beb\u00e9 tenga al menos seis meses y haya desarrollado suficiente control de su cuello y espalda. En esta etapa, el peque\u00f1o ya puede sentarse erguido y disfrutar de los paseos de manera segura. A diferencia del capazo, la silla de paseo ofrece una posici\u00f3n m\u00e1s vertical que es adecuada para la exploraci\u00f3n y el est\u00edmulo visual del entorno. Es fundamental asegurarse de que la silla cuente con un buen sistema de seguridad y soporte, adapt\u00e1ndose a las necesidades del beb\u00e9 mientras crece.<\/p>\n\n\n\n<div style=\"height:23px\" aria-hidden=\"true\" class=\"wp-block-spacer\"><\/div>\n\n\n\n<h3>Grupo &#8216;0&#8217;<\/h3>\n\n\n\n<p>El grupo &#8216;0&#8217;, tambi\u00e9n conocido como maxicosi, es un asiento para autom\u00f3viles dise\u00f1ado para beb\u00e9s desde el nacimiento hasta aproximadamente los 13 kg, o hasta que el peque\u00f1o supere los 12 meses. Su principal funci\u00f3n es proporcionar seguridad y comodidad en los traslados en coche, ofreciendo un sistema de protecci\u00f3n que se adapta al tama\u00f1o del beb\u00e9. Se instala en el veh\u00edculo con un sistema de anclaje espec\u00edfico, garantizando una correcta sujeci\u00f3n. Adem\u00e1s, muchos modelos se pueden acoplar al chasis del carrito, facilitando el transporte del beb\u00e9 sin necesidad de sacarlo del asiento.<\/p>\n\n\n\n<div style=\"height:23px\" aria-hidden=\"true\" class=\"wp-block-spacer\"><\/div>\n\n\n\n<h2>\u00bfQu\u00e9 Debes Considerar al Elegir un Carrito de Beb\u00e9?<\/h2>\n\n\n\n<div style=\"height:10px\" aria-hidden=\"true\" class=\"wp-block-spacer\"><\/div>\n\n\n\n<h3>Seguridad<\/h3>\n\n\n\n<p>La seguridad es crucial al elegir un carro de beb\u00e9. Verifica que el modelo cuente con la homologaci\u00f3n necesaria, lo que asegura que ha pasado pruebas rigurosas de seguridad. Revisa que el carro tenga frenos confiables para evitar desplazamientos inesperados, y aseg\u00farate de que el chasis sea robusto y estable. Los anclajes tambi\u00e9n deben ser s\u00f3lidos y f\u00e1ciles de usar, garantizando que el asiento del beb\u00e9 se mantenga seguro en todo momento. Estos elementos contribuyen a la protecci\u00f3n del peque\u00f1o durante los paseos y desplazamientos.<\/p>\n\n\n\n<div style=\"height:23px\" aria-hidden=\"true\" class=\"wp-block-spacer\"><\/div>\n\n\n\n<h3>Comodidad<\/h3>\n\n\n\n<p>Al elegir un carro de beb\u00e9, la comodidad es esencial tanto para el peque\u00f1o como para el usuario. Verifica que el asiento del beb\u00e9 tenga un acolchado adecuado y un reclinado ajustable para adaptarse a sus necesidades de descanso. Aseg\u00farate de que el carrito ofrezca una altura ajustable en el manillar, lo que facilita su manejo sin causar molestias a quien lo empuja. Adem\u00e1s, el carro debe ser f\u00e1cil de plegar y maniobrar para simplificar su uso diario y transportarlo sin complicaciones. Estos aspectos contribuyen a una experiencia de paseo m\u00e1s c\u00f3moda y pr\u00e1ctica.<\/p>\n\n\n\n<div style=\"height:23px\" aria-hidden=\"true\" class=\"wp-block-spacer\"><\/div>\n\n\n\n<h3>Versatilidad<\/h3>\n\n\n\n<p>Al seleccionar un <a href=\"https:\/\/shopenzona.es\/4615-transporte-para-bebes\" target=\"_blank\" rel=\"noreferrer noopener\">carrito de beb\u00e9<\/a>, la versatilidad es clave para adaptarse a tu estilo de vida. Opta por un modelo que sea f\u00e1cil de plegar y desplegar, especialmente si usar\u00e1s transporte p\u00fablico con frecuencia. Verifica que el carrito sea compacto cuando est\u00e9 plegado para que encaje en el espacio del maletero del coche. Adem\u00e1s, considera carritos con caracter\u00edsticas ajustables y accesorios intercambiables que puedan adaptarse a diferentes etapas del crecimiento del beb\u00e9. Esto garantiza un uso prolongado y c\u00f3modo en diversas situaciones cotidianas.<\/p>\n\n\n\n<div style=\"height:23px\" aria-hidden=\"true\" class=\"wp-block-spacer\"><\/div>\n\n\n\n<h3>Previsi\u00f3n Futura<\/h3>\n\n\n\n<p>Es esencial anticipar el crecimiento del beb\u00e9 y las necesidades futuras al seleccionar un carrito. Optar por modelos modulares proporciona flexibilidad, ya que se pueden ajustar a diferentes etapas del desarrollo del ni\u00f1o. Estos carritos permiten adaptar los asientos y accesorios conforme el beb\u00e9 crece. Adem\u00e1s, elige opciones con amplio espacio de almacenamiento para llevar pa\u00f1ales, juguetes y otros art\u00edculos esenciales. Esta previsi\u00f3n asegura que el carrito contin\u00fae siendo \u00fatil y pr\u00e1ctico a lo largo de los a\u00f1os, ofreciendo un valor duradero y funcional.<\/p>\n\n\n\n<div style=\"height:23px\" aria-hidden=\"true\" class=\"wp-block-spacer\"><\/div>\n\n\n\n<h3>Caracter\u00edsticas del Carrito<\/h3>\n\n\n\n<p>El peso y las dimensiones del carrito afectan su maniobrabilidad y facilidad de transporte. Opta por un <a href=\"https:\/\/shopenzona.es\/4615-transporte-para-bebes\" target=\"_blank\" rel=\"noreferrer noopener\">carrito de beb\u00e9<\/a> ligero y compacto si buscas comodidad al plegarlo y guardarlo. El tipo de plegado debe ser sencillo y r\u00e1pido para facilitar su uso diario. La bidireccionalidad del asiento permite que el beb\u00e9 mire hacia ti o hacia el frente, adapt\u00e1ndose a sus necesidades y preferencias. Adem\u00e1s, verifica caracter\u00edsticas adicionales como la capacidad de almacenamiento y el sistema de suspensi\u00f3n para asegurar un paseo c\u00f3modo y funcional.<\/p>\n\n\n\n<div style=\"height:23px\" aria-hidden=\"true\" class=\"wp-block-spacer\"><\/div>\n\n\n\n<h2>Ofertas de Carritos de bebe que te pueden interesar<\/h2>\n\n\n\n<div style=\"height:10px\" aria-hidden=\"true\" class=\"wp-block-spacer\"><\/div>\n\n\n\n<h3>Cochecito de beb\u00e9 3 en 1 de acero<\/h3>\n\n\n\n<p>Este cochecito 3 en 1 ofrece versatilidad para todas las salidas con tu beb\u00e9. Su estructura de acero garantiza resistencia y durabilidad. El asiento ajustable se transforma f\u00e1cilmente en una silla de paseo c\u00f3moda, mientras el cintur\u00f3n de seguridad de 5 puntos asegura al beb\u00e9. El dosel ajustable protege de los rayos UVA, y la cesta inferior proporciona espacio adicional para almacenamiento. Su dise\u00f1o plegable facilita el guardado y transporte, y la silla de coche con asa incluida permite un transporte pr\u00e1ctico del beb\u00e9.<\/p>\n\n\n\n<div style=\"height:23px\" aria-hidden=\"true\" class=\"wp-block-spacer\"><\/div>\n\n\n\n<div class=\"wp-block-image\"><figure class=\"aligncenter size-full is-resized\"><a href=\"https:\/\/shopenzona.es\/carros-de-bebe\/931893-cochecito-de-bebe-3-en-1-de-acero-gris-claro-y-negro-8720286506059.html\" target=\"_blank\" rel=\"noopener\"><img loading=\"lazy\" src=\"https:\/\/shopenzona.es\/blog\/wp-content\/uploads\/2024\/08\/cochecito-de-bebe-3-en-1-de-acero-gris-claro-y-negro.jpg\" alt=\"\" class=\"wp-image-30902\" width=\"400\" height=\"400\" srcset=\"https:\/\/shopenzona.es\/blog\/wp-content\/uploads\/2024\/08\/cochecito-de-bebe-3-en-1-de-acero-gris-claro-y-negro.jpg 600w, https:\/\/shopenzona.es\/blog\/wp-content\/uploads\/2024\/08\/cochecito-de-bebe-3-en-1-de-acero-gris-claro-y-negro-300x300.jpg 300w, https:\/\/shopenzona.es\/blog\/wp-content\/uploads\/2024\/08\/cochecito-de-bebe-3-en-1-de-acero-gris-claro-y-negro-150x150.jpg 150w\" sizes=\"(max-width: 400px) 100vw, 400px\" \/><\/a><\/figure><\/div>\n\n\n\n<div class=\"wp-container-1 wp-block-buttons\">\n<div class=\"wp-block-button aligncenter\"><a class=\"wp-block-button__link\" href=\"https:\/\/shopenzona.es\/carros-de-bebe\/931893-cochecito-de-bebe-3-en-1-de-acero-gris-claro-y-negro-8720286506059.html\" target=\"_blank\" rel=\"noreferrer noopener\">Carro de beb\u00e9 3 en 1 de acero gris<\/a><\/div>\n<\/div>\n\n\n\n<div style=\"height:23px\" aria-hidden=\"true\" class=\"wp-block-spacer\"><\/div>\n\n\n\n<h3>Cochecito de beb\u00e9 de acero&nbsp;<\/h3>\n\n\n\n<p>Este cochecito de beb\u00e9 es ideal para la vida diaria y los viajes. Su mecanismo de plegado y despliegue es sencillo, facilitando el almacenamiento y transporte. Ofrece comodidad con un respaldo reclinable en varias posiciones y un reposapi\u00e9s ajustable. El dosel extensible protege contra la luz solar y el viento, mientras que la barra del parachoques delantero a\u00f1ade seguridad. Adem\u00e1s, la canasta de almacenamiento es espaciosa y pr\u00e1ctica para llevar todos tus elementos esenciales.<\/p>\n\n\n\n<div style=\"height:23px\" aria-hidden=\"true\" class=\"wp-block-spacer\"><\/div>\n\n\n\n<div class=\"wp-block-image\"><figure class=\"aligncenter size-full is-resized\"><a href=\"https:\/\/shopenzona.es\/carros-de-bebe\/421050-cochecito-de-bebe-de-acero-rojo-8720286432709.html\" target=\"_blank\" rel=\"noopener\"><img loading=\"lazy\" src=\"https:\/\/shopenzona.es\/blog\/wp-content\/uploads\/2024\/08\/cochecito-de-bebe-de-acero-rojo-1.jpg\" alt=\"\" class=\"wp-image-30903\" width=\"400\" height=\"400\" srcset=\"https:\/\/shopenzona.es\/blog\/wp-content\/uploads\/2024\/08\/cochecito-de-bebe-de-acero-rojo-1.jpg 600w, https:\/\/shopenzona.es\/blog\/wp-content\/uploads\/2024\/08\/cochecito-de-bebe-de-acero-rojo-1-300x300.jpg 300w, https:\/\/shopenzona.es\/blog\/wp-content\/uploads\/2024\/08\/cochecito-de-bebe-de-acero-rojo-1-150x150.jpg 150w\" sizes=\"(max-width: 400px) 100vw, 400px\" \/><\/a><\/figure><\/div>\n\n\n\n<div class=\"wp-container-2 wp-block-buttons\">\n<div class=\"wp-block-button aligncenter\"><a class=\"wp-block-button__link\" href=\"https:\/\/shopenzona.es\/carros-de-bebe\/421050-cochecito-de-bebe-de-acero-rojo-8720286432709.html\" target=\"_blank\" rel=\"noreferrer noopener\">Coche de beb\u00e9 de acero rojo<\/a><\/div>\n<\/div>\n\n\n\n<div style=\"height:23px\" aria-hidden=\"true\" class=\"wp-block-spacer\"><\/div>\n\n\n\n<h3>Carrito para 2 ni\u00f1os tandem&nbsp;<\/h3>\n\n\n\n<p>Este cochecito t\u00e1ndem es ideal para pasear a dos ni\u00f1os peque\u00f1os. Su estructura de acero garantiza durabilidad y fuerza, mientras que las dos capotas plegables protegen de la luz solar y los rayos UV. Con un sistema dual, el asiento trasero es perfecto para el beb\u00e9 que duerme, mientras que el ni\u00f1o mayor disfruta del asiento delantero. La cesta grande es \u00fatil para ir de compras y dar paseos largos. Las ruedas maniobrables y bloqueables facilitan el tr\u00e1nsito por puertas y pasillos. Compacto y f\u00e1cil de almacenar, es adecuado para ni\u00f1os de hasta 15 kg cada uno.<\/p>\n\n\n\n<div style=\"height:23px\" aria-hidden=\"true\" class=\"wp-block-spacer\"><\/div>\n\n\n\n<div class=\"wp-block-image\"><figure class=\"aligncenter size-full is-resized\"><a href=\"https:\/\/shopenzona.es\/carros-de-bebe\/204421-carrito-para-2-ninos-tandem-de-acero-rosa-y-negro-8718475732679.html\" target=\"_blank\" rel=\"noopener\"><img loading=\"lazy\" src=\"https:\/\/shopenzona.es\/blog\/wp-content\/uploads\/2024\/08\/carrito-para-2-ninos-tandem-de-acero-rosa-y-negro.jpg\" alt=\"\" class=\"wp-image-30904\" width=\"400\" height=\"400\" srcset=\"https:\/\/shopenzona.es\/blog\/wp-content\/uploads\/2024\/08\/carrito-para-2-ninos-tandem-de-acero-rosa-y-negro.jpg 600w, https:\/\/shopenzona.es\/blog\/wp-content\/uploads\/2024\/08\/carrito-para-2-ninos-tandem-de-acero-rosa-y-negro-300x300.jpg 300w, https:\/\/shopenzona.es\/blog\/wp-content\/uploads\/2024\/08\/carrito-para-2-ninos-tandem-de-acero-rosa-y-negro-150x150.jpg 150w\" sizes=\"(max-width: 400px) 100vw, 400px\" \/><\/a><\/figure><\/div>\n\n\n\n<div class=\"wp-container-3 wp-block-buttons\">\n<div class=\"wp-block-button aligncenter\"><a class=\"wp-block-button__link\" href=\"https:\/\/shopenzona.es\/carros-de-bebe\/204421-carrito-para-2-ninos-tandem-de-acero-rosa-y-negro-8718475732679.html\" target=\"_blank\" rel=\"noreferrer noopener\">Carrito para 2 ni\u00f1os tandem&nbsp;<\/a><\/div>\n<\/div>\n\n\n\n<div style=\"height:23px\" aria-hidden=\"true\" class=\"wp-block-spacer\"><\/div>\n\n\n\n<h3>Carrito para gemelos tandem&nbsp;<\/h3>\n\n\n\n<p>Este cochecito gemelar en t\u00e1ndem es perfecto para paseos, excursiones y compras con tus hijos. Fabricado con una estructura de acero resistente y un revestimiento de lino c\u00f3modo, garantiza durabilidad y confort. La capota ajustable protege a los beb\u00e9s de los rayos UV, ofreciendo una sombra adecuada en d\u00edas soleados. Adem\u00e1s, incluye una cesta de almacenamiento en la parte inferior, ideal para guardar juguetes, comida, mantas y otros esenciales. Su dise\u00f1o permite plegarlo de manera f\u00e1cil y compacta, lo que facilita el almacenamiento en espacios reducidos y el transporte. Es una opci\u00f3n pr\u00e1ctica y vers\u00e1til para familias con gemelos o ni\u00f1os peque\u00f1os.<\/p>\n\n\n\n<div style=\"height:23px\" aria-hidden=\"true\" class=\"wp-block-spacer\"><\/div>\n\n\n\n<div class=\"wp-block-image\"><figure class=\"aligncenter size-full is-resized\"><a href=\"https:\/\/shopenzona.es\/carros-de-bebe\/445821-carrito-para-gemelos-tandem-de-acero-gris-claro-8720286506233.html\" target=\"_blank\" rel=\"noopener\"><img loading=\"lazy\" src=\"https:\/\/shopenzona.es\/blog\/wp-content\/uploads\/2024\/08\/carrito-para-gemelos-tandem-de-acero-gris-claro.jpg\" alt=\"\" class=\"wp-image-30905\" width=\"400\" height=\"400\" srcset=\"https:\/\/shopenzona.es\/blog\/wp-content\/uploads\/2024\/08\/carrito-para-gemelos-tandem-de-acero-gris-claro.jpg 600w, https:\/\/shopenzona.es\/blog\/wp-content\/uploads\/2024\/08\/carrito-para-gemelos-tandem-de-acero-gris-claro-300x300.jpg 300w, https:\/\/shopenzona.es\/blog\/wp-content\/uploads\/2024\/08\/carrito-para-gemelos-tandem-de-acero-gris-claro-150x150.jpg 150w\" sizes=\"(max-width: 400px) 100vw, 400px\" \/><\/a><\/figure><\/div>\n\n\n\n<div class=\"wp-container-4 wp-block-buttons\">\n<div class=\"wp-block-button aligncenter\"><a class=\"wp-block-button__link\" href=\"https:\/\/shopenzona.es\/carros-de-bebe\/445821-carrito-para-gemelos-tandem-de-acero-gris-claro-8720286506233.html\" target=\"_blank\" rel=\"noreferrer noopener\">Carrito para gemelos tandem<\/a><\/div>\n<\/div>\n\n\n\n<h2>Conclusi\u00f3n<\/h2>\n\n\n\n<p>Al elegir un carrito de beb\u00e9, es crucial considerar la seguridad, el confort, la versatilidad y la facilidad de uso. Verifica que el carrito tenga caracter\u00edsticas de seguridad adecuadas, como frenos efectivos y un chasis estable. Aseg\u00farate de que ofrezca comodidad tanto para el beb\u00e9 como para el adulto que lo empuja. Eval\u00faa su adaptabilidad a diferentes necesidades y su capacidad de almacenamiento. Para explorar m\u00e1s opciones y encontrar el carrito perfecto, \u00a1visita nuestra categor\u00eda principal de <a href=\"https:\/\/shopenzona.es\/4615-transporte-para-bebes\" target=\"_blank\" rel=\"noreferrer noopener\">carritos de beb\u00e9<\/a> y compara los modelos disponibles!<\/p>\n","protected":false},"excerpt":{"rendered":"<p>Elegir el carrito de beb\u00e9 adecuado es crucial para garantizar la comodidad y seguridad del peque\u00f1o, as\u00ed como para facilitar la vida diaria de los padres. Considera factores como la seguridad, asegur\u00e1ndote de que el carrito cumpla con los est\u00e1ndares de calidad y cuente con arneses adecuados. La maniobrabilidad es clave; un modelo que sea&hellip;<\/p>\n","protected":false},"author":1,"featured_media":30907,"comment_status":"closed","ping_status":"closed","sticky":false,"template":"","format":"standard","meta":[],"categories":[21],"tags":[],"yoast_head":"<!-- This site is optimized with the Yoast SEO plugin v19.13 - https:\/\/yoast.com\/wordpress\/plugins\/seo\/ -->\n<title>C\u00f3mo Elegir un Carro de Beb\u00e9 - Allzone<\/title>\n<meta name=\"description\" content=\"Descubre c\u00f3mo elegir el mejor carrito de beb\u00e9 en 2024. Nuestra gu\u00eda te ayudar\u00e1 para hacer la elecci\u00f3n perfecta. \u00a1Encu\u00e9ntralo ya!\" \/>\n<meta name=\"robots\" content=\"index, follow, max-snippet:-1, max-image-preview:large, max-video-preview:-1\" \/>\n<link rel=\"canonical\" href=\"https:\/\/shopenzona.es\/blog\/como-elegir-un-carro-de-bebe\/\" \/>\n<meta property=\"og:locale\" content=\"es_ES\" \/>\n<meta property=\"og:type\" content=\"article\" \/>\n<meta property=\"og:title\" content=\"C\u00f3mo Elegir un Carro de Beb\u00e9 - Allzone\" \/>\n<meta property=\"og:description\" content=\"Descubre c\u00f3mo elegir el mejor carrito de beb\u00e9 en 2024. Nuestra gu\u00eda te ayudar\u00e1 para hacer la elecci\u00f3n perfecta. \u00a1Encu\u00e9ntralo ya!\" \/>\n<meta property=\"og:url\" content=\"https:\/\/shopenzona.es\/blog\/como-elegir-un-carro-de-bebe\/\" \/>\n<meta property=\"og:site_name\" content=\"Allzone\" \/>\n<meta property=\"article:published_time\" content=\"2024-08-27T07:19:02+00:00\" \/>\n<meta property=\"article:modified_time\" content=\"2024-12-26T17:16:25+00:00\" \/>\n<meta property=\"og:image\" content=\"https:\/\/shopenzona.es\/blog\/wp-content\/uploads\/2024\/08\/Portadas-blogs-corporativo-39.jpg\" \/>\n\t<meta property=\"og:image:width\" content=\"825\" \/>\n\t<meta property=\"og:image:height\" content=\"450\" \/>\n\t<meta property=\"og:image:type\" content=\"image\/jpeg\" \/>\n<meta name=\"author\" content=\"admin\" \/>\n<meta name=\"twitter:card\" content=\"summary_large_image\" \/>\n<meta name=\"twitter:label1\" content=\"Escrito por\" \/>\n\t<meta name=\"twitter:data1\" content=\"admin\" \/>\n\t<meta name=\"twitter:label2\" content=\"Tiempo de lectura\" \/>\n\t<meta name=\"twitter:data2\" content=\"8 minutos\" \/>\n<script type=\"application\/ld+json\" class=\"yoast-schema-graph\">{\"@context\":\"https:\/\/schema.org\",\"@graph\":[{\"@type\":\"WebPage\",\"@id\":\"https:\/\/shopenzona.es\/blog\/como-elegir-un-carro-de-bebe\/\",\"url\":\"https:\/\/shopenzona.es\/blog\/como-elegir-un-carro-de-bebe\/\",\"name\":\"C\u00f3mo Elegir un Carro de Beb\u00e9 - Allzone\",\"isPartOf\":{\"@id\":\"https:\/\/shopenzona.es\/blog\/#website\"},\"datePublished\":\"2024-08-27T07:19:02+00:00\",\"dateModified\":\"2024-12-26T17:16:25+00:00\",\"author\":{\"@id\":\"https:\/\/shopenzona.es\/blog\/#\/schema\/person\/eedabeb0482bc0dd5720681ddbcda844\"},\"description\":\"Descubre c\u00f3mo elegir el mejor carrito de beb\u00e9 en 2024. Nuestra gu\u00eda te ayudar\u00e1 para hacer la elecci\u00f3n perfecta. \u00a1Encu\u00e9ntralo ya!\",\"breadcrumb\":{\"@id\":\"https:\/\/shopenzona.es\/blog\/como-elegir-un-carro-de-bebe\/#breadcrumb\"},\"inLanguage\":\"es\",\"potentialAction\":[{\"@type\":\"ReadAction\",\"target\":[\"https:\/\/shopenzona.es\/blog\/como-elegir-un-carro-de-bebe\/\"]}]},{\"@type\":\"BreadcrumbList\",\"@id\":\"https:\/\/shopenzona.es\/blog\/como-elegir-un-carro-de-bebe\/#breadcrumb\",\"itemListElement\":[{\"@type\":\"ListItem\",\"position\":1,\"name\":\"Portada\",\"item\":\"https:\/\/shopenzona.es\/blog\/\"},{\"@type\":\"ListItem\",\"position\":2,\"name\":\"C\u00f3mo Elegir un Carro de Beb\u00e9\"}]},{\"@type\":\"WebSite\",\"@id\":\"https:\/\/shopenzona.es\/blog\/#website\",\"url\":\"https:\/\/shopenzona.es\/blog\/\",\"name\":\"Allzone\",\"description\":\"Blog de Allzone\",\"potentialAction\":[{\"@type\":\"SearchAction\",\"target\":{\"@type\":\"EntryPoint\",\"urlTemplate\":\"https:\/\/shopenzona.es\/blog\/?s={search_term_string}\"},\"query-input\":\"required name=search_term_string\"}],\"inLanguage\":\"es\"},{\"@type\":\"Person\",\"@id\":\"https:\/\/shopenzona.es\/blog\/#\/schema\/person\/eedabeb0482bc0dd5720681ddbcda844\",\"name\":\"admin\",\"image\":{\"@type\":\"ImageObject\",\"inLanguage\":\"es\",\"@id\":\"https:\/\/shopenzona.es\/blog\/#\/schema\/person\/image\/\",\"url\":\"https:\/\/secure.gravatar.com\/avatar\/561714c52e30f2a7a8e924873d2dc849?s=96&d=mm&r=g\",\"contentUrl\":\"https:\/\/secure.gravatar.com\/avatar\/561714c52e30f2a7a8e924873d2dc849?s=96&d=mm&r=g\",\"caption\":\"admin\"}}]}<\/script>\n<!-- \/ Yoast SEO plugin. -->","yoast_head_json":{"title":"C\u00f3mo Elegir un Carro de Beb\u00e9 - Allzone","description":"Descubre c\u00f3mo elegir el mejor carrito de beb\u00e9 en 2024. Nuestra gu\u00eda te ayudar\u00e1 para hacer la elecci\u00f3n perfecta. \u00a1Encu\u00e9ntralo ya!","robots":{"index":"index","follow":"follow","max-snippet":"max-snippet:-1","max-image-preview":"max-image-preview:large","max-video-preview":"max-video-preview:-1"},"canonical":"https:\/\/shopenzona.es\/blog\/como-elegir-un-carro-de-bebe\/","og_locale":"es_ES","og_type":"article","og_title":"C\u00f3mo Elegir un Carro de Beb\u00e9 - Allzone","og_description":"Descubre c\u00f3mo elegir el mejor carrito de beb\u00e9 en 2024. Nuestra gu\u00eda te ayudar\u00e1 para hacer la elecci\u00f3n perfecta. \u00a1Encu\u00e9ntralo ya!","og_url":"https:\/\/shopenzona.es\/blog\/como-elegir-un-carro-de-bebe\/","og_site_name":"Allzone","article_published_time":"2024-08-27T07:19:02+00:00","article_modified_time":"2024-12-26T17:16:25+00:00","og_image":[{"width":825,"height":450,"url":"https:\/\/shopenzona.es\/blog\/wp-content\/uploads\/2024\/08\/Portadas-blogs-corporativo-39.jpg","type":"image\/jpeg"}],"author":"admin","twitter_card":"summary_large_image","twitter_misc":{"Escrito por":"admin","Tiempo de lectura":"8 minutos"},"schema":{"@context":"https:\/\/schema.org","@graph":[{"@type":"WebPage","@id":"https:\/\/shopenzona.es\/blog\/como-elegir-un-carro-de-bebe\/","url":"https:\/\/shopenzona.es\/blog\/como-elegir-un-carro-de-bebe\/","name":"C\u00f3mo Elegir un Carro de Beb\u00e9 - Allzone","isPartOf":{"@id":"https:\/\/shopenzona.es\/blog\/#website"},"datePublished":"2024-08-27T07:19:02+00:00","dateModified":"2024-12-26T17:16:25+00:00","author":{"@id":"https:\/\/shopenzona.es\/blog\/#\/schema\/person\/eedabeb0482bc0dd5720681ddbcda844"},"description":"Descubre c\u00f3mo elegir el mejor carrito de beb\u00e9 en 2024. Nuestra gu\u00eda te ayudar\u00e1 para hacer la elecci\u00f3n perfecta. \u00a1Encu\u00e9ntralo ya!","breadcrumb":{"@id":"https:\/\/shopenzona.es\/blog\/como-elegir-un-carro-de-bebe\/#breadcrumb"},"inLanguage":"es","potentialAction":[{"@type":"ReadAction","target":["https:\/\/shopenzona.es\/blog\/como-elegir-un-carro-de-bebe\/"]}]},{"@type":"BreadcrumbList","@id":"https:\/\/shopenzona.es\/blog\/como-elegir-un-carro-de-bebe\/#breadcrumb","itemListElement":[{"@type":"ListItem","position":1,"name":"Portada","item":"https:\/\/shopenzona.es\/blog\/"},{"@type":"ListItem","position":2,"name":"C\u00f3mo Elegir un Carro de Beb\u00e9"}]},{"@type":"WebSite","@id":"https:\/\/shopenzona.es\/blog\/#website","url":"https:\/\/shopenzona.es\/blog\/","name":"Allzone","description":"Blog de Allzone","potentialAction":[{"@type":"SearchAction","target":{"@type":"EntryPoint","urlTemplate":"https:\/\/shopenzona.es\/blog\/?s={search_term_string}"},"query-input":"required name=search_term_string"}],"inLanguage":"es"},{"@type":"Person","@id":"https:\/\/shopenzona.es\/blog\/#\/schema\/person\/eedabeb0482bc0dd5720681ddbcda844","name":"admin","image":{"@type":"ImageObject","inLanguage":"es","@id":"https:\/\/shopenzona.es\/blog\/#\/schema\/person\/image\/","url":"https:\/\/secure.gravatar.com\/avatar\/561714c52e30f2a7a8e924873d2dc849?s=96&d=mm&r=g","contentUrl":"https:\/\/secure.gravatar.com\/avatar\/561714c52e30f2a7a8e924873d2dc849?s=96&d=mm&r=g","caption":"admin"}}]}},"_links":{"self":[{"href":"https:\/\/shopenzona.es\/blog\/wp-json\/wp\/v2\/posts\/30901"}],"collection":[{"href":"https:\/\/shopenzona.es\/blog\/wp-json\/wp\/v2\/posts"}],"about":[{"href":"https:\/\/shopenzona.es\/blog\/wp-json\/wp\/v2\/types\/post"}],"author":[{"embeddable":true,"href":"https:\/\/shopenzona.es\/blog\/wp-json\/wp\/v2\/users\/1"}],"replies":[{"embeddable":true,"href":"https:\/\/shopenzona.es\/blog\/wp-json\/wp\/v2\/comments?post=30901"}],"version-history":[{"count":3,"href":"https:\/\/shopenzona.es\/blog\/wp-json\/wp\/v2\/posts\/30901\/revisions"}],"predecessor-version":[{"id":30918,"href":"https:\/\/shopenzona.es\/blog\/wp-json\/wp\/v2\/posts\/30901\/revisions\/30918"}],"wp:featuredmedia":[{"embeddable":true,"href":"https:\/\/shopenzona.es\/blog\/wp-json\/wp\/v2\/media\/30907"}],"wp:attachment":[{"href":"https:\/\/shopenzona.es\/blog\/wp-json\/wp\/v2\/media?parent=30901"}],"wp:term":[{"taxonomy":"category","embeddable":true,"href":"https:\/\/shopenzona.es\/blog\/wp-json\/wp\/v2\/categories?post=30901"},{"taxonomy":"post_tag","embeddable":true,"href":"https:\/\/shopenzona.es\/blog\/wp-json\/wp\/v2\/tags?post=30901"}],"curies":[{"name":"wp","href":"https:\/\/api.w.org\/{rel}","templated":true}]}}