{"id":32227,"date":"2024-11-26T09:33:03","date_gmt":"2024-11-26T08:33:03","guid":{"rendered":"https:\/\/allzone.es\/blog\/?p=32227"},"modified":"2024-11-26T09:33:04","modified_gmt":"2024-11-26T08:33:04","slug":"medidas-maletas-de-cabina","status":"publish","type":"post","link":"https:\/\/shopenzona.es\/blog\/medidas-maletas-de-cabina\/","title":{"rendered":"Medidas maleta de cabina: Todo lo que necesitas saber para tu pr\u00f3ximo vuelo"},"content":{"rendered":"\n<p>Conocer las medidas correctas de la maleta de cabina es crucial para evitar sorpresas al momento de embarcar. Las aerol\u00edneas tienen pol\u00edticas cambiantes sobre el tama\u00f1o permitido, y una maleta que parece adecuada puede no serlo en un vuelo espec\u00edfico. Es fundamental elegir una maleta que cumpla con las normas generales, ya que cada compa\u00f1\u00eda tiene sus propios l\u00edmites. Asegurarse de que el equipaje cumpla con estas restricciones te permitir\u00e1 viajar sin problemas y sin costos adicionales por exceso de tama\u00f1o.<\/p>\n\n\n\n<div style=\"height:23px\" aria-hidden=\"true\" class=\"wp-block-spacer\"><\/div>\n\n\n\n<h2>Medidas est\u00e1ndar para las maletas de cabina en 2024<\/h2>\n\n\n\n<p>Las aerol\u00edneas suelen permitir <a href=\"https:\/\/shopenzona.es\/4692-maletas\" target=\"_blank\" rel=\"noreferrer noopener\">maletas de cabina <\/a>con dimensiones est\u00e1ndar que oscilan entre los 55x40x20 cm y 56x45x25 cm. Estas medidas aseguran que el equipaje pueda colocarse en los compartimentos de la cabina sin inconvenientes. Sin embargo, algunas compa\u00f1\u00edas permiten un poco m\u00e1s de espacio, especialmente si el peso total se ajusta a sus pol\u00edticas. Es importante comprobar siempre las regulaciones de cada aerol\u00ednea antes de viajar para evitar sorpresas en el aeropuerto.<\/p>\n\n\n\n<div style=\"height:23px\" aria-hidden=\"true\" class=\"wp-block-spacer\"><\/div>\n\n\n\n<h2>\u00bfCu\u00e1les son las medidas de equipaje de mano para diferentes aerol\u00edneas?<\/h2>\n\n\n\n<p>Cada aerol\u00ednea tiene pol\u00edticas espec\u00edficas para el equipaje de mano. Ryanair permite maletas de hasta 40x20x25 cm en su tarifa b\u00e1sica, mientras que Iberia autoriza medidas de hasta 56x40x25 cm. EasyJet, por su parte, permite maletas de hasta 56x45x25 cm, pero con un peso m\u00e1ximo de 15 kg. Aunque las dimensiones var\u00edan, es fundamental comprobar las restricciones de peso y tama\u00f1o, ya que algunas aerol\u00edneas permiten m\u00e1s espacio si no se excede el peso estipulado. Siempre es recomendable revisar las condiciones de cada aerol\u00ednea antes de viajar.<\/p>\n\n\n\n<div style=\"height:23px\" aria-hidden=\"true\" class=\"wp-block-spacer\"><\/div>\n\n\n\n<div class=\"wp-block-image\"><figure class=\"aligncenter size-full is-resized\"><a href=\"https:\/\/shopenzona.es\/maletas\/1009886-maleta-de-cabina-american-tourister-crosstrack-upright-55cm-55x40x20cm-2-ruedas-negro-y-gris-5400520065513.html\" target=\"_blank\" rel=\"noopener\"><img loading=\"lazy\" src=\"https:\/\/shopenzona.es\/blog\/wp-content\/uploads\/2024\/11\/maleta-de-cabina-american-tourister-crosstrack-upright-55cm-55x40x20cm-2-ruedas-negro-y-gris.jpg\" alt=\"\" class=\"wp-image-32230\" width=\"443\" height=\"443\" srcset=\"https:\/\/shopenzona.es\/blog\/wp-content\/uploads\/2024\/11\/maleta-de-cabina-american-tourister-crosstrack-upright-55cm-55x40x20cm-2-ruedas-negro-y-gris.jpg 600w, https:\/\/shopenzona.es\/blog\/wp-content\/uploads\/2024\/11\/maleta-de-cabina-american-tourister-crosstrack-upright-55cm-55x40x20cm-2-ruedas-negro-y-gris-300x300.jpg 300w, https:\/\/shopenzona.es\/blog\/wp-content\/uploads\/2024\/11\/maleta-de-cabina-american-tourister-crosstrack-upright-55cm-55x40x20cm-2-ruedas-negro-y-gris-150x150.jpg 150w\" sizes=\"(max-width: 443px) 100vw, 443px\" \/><\/a><\/figure><\/div>\n\n\n\n<div class=\"wp-container-1 wp-block-buttons\">\n<div class=\"wp-block-button aligncenter\"><a class=\"wp-block-button__link\" href=\"https:\/\/shopenzona.es\/maletas\/1009886-maleta-de-cabina-american-tourister-crosstrack-upright-55cm-55x40x20cm-2-ruedas-negro-y-gris-5400520065513.html\" target=\"_blank\" rel=\"noreferrer noopener\">American Tourister Crosstrack<\/a><\/div>\n<\/div>\n\n\n\n<div style=\"height:23px\" aria-hidden=\"true\" class=\"wp-block-spacer\"><\/div>\n\n\n\n<div style=\"height:23px\" aria-hidden=\"true\" class=\"wp-block-spacer\"><\/div>\n\n\n\n<div class=\"wp-block-image\"><figure class=\"aligncenter size-full is-resized\"><a href=\"https:\/\/shopenzona.es\/maletas\/215488-maleta-de-piloto-negra-8718475565611.html\" target=\"_blank\" rel=\"noopener\"><img loading=\"lazy\" src=\"https:\/\/shopenzona.es\/blog\/wp-content\/uploads\/2024\/11\/maleta-de-piloto-negra.jpg\" alt=\"\" class=\"wp-image-32234\" width=\"443\" height=\"443\" srcset=\"https:\/\/shopenzona.es\/blog\/wp-content\/uploads\/2024\/11\/maleta-de-piloto-negra.jpg 600w, https:\/\/shopenzona.es\/blog\/wp-content\/uploads\/2024\/11\/maleta-de-piloto-negra-300x300.jpg 300w, https:\/\/shopenzona.es\/blog\/wp-content\/uploads\/2024\/11\/maleta-de-piloto-negra-150x150.jpg 150w\" sizes=\"(max-width: 443px) 100vw, 443px\" \/><\/a><\/figure><\/div>\n\n\n\n<div class=\"wp-container-2 wp-block-buttons\">\n<div class=\"wp-block-button aligncenter\"><a class=\"wp-block-button__link\" href=\"https:\/\/shopenzona.es\/maletas\/215488-maleta-de-piloto-negra-8718475565611.html\" target=\"_blank\" rel=\"noreferrer noopener\">Maleta de piloto<\/a><\/div>\n<\/div>\n\n\n\n<div style=\"height:23px\" aria-hidden=\"true\" class=\"wp-block-spacer\"><\/div>\n\n\n\n<h2>Consejos para elegir la mejor maleta de cabina seg\u00fan las medidas<\/h2>\n\n\n\n<p>Al elegir una maleta de cabina, es importante considerar no solo las medidas, sino tambi\u00e9n su peso vac\u00edo. Opta por modelos ligeros que no resten capacidad al equipaje permitido. Los compartimentos interiores deben ser pr\u00e1cticos, con suficientes bolsillos para organizar tus pertenencias y facilitar el acceso. Adem\u00e1s, aseg\u00farate de que el material sea resistente, preferiblemente de policarbonato o nylon, para garantizar la durabilidad y proteger tus pertenencias durante el viaje. Una maleta bien equilibrada en estos aspectos mejorar\u00e1 tu experiencia en los vuelos.<\/p>\n\n\n\n<div style=\"height:23px\" aria-hidden=\"true\" class=\"wp-block-spacer\"><\/div>\n\n\n\n<div class=\"wp-block-image\"><figure class=\"aligncenter size-full is-resized\"><a href=\"https:\/\/shopenzona.es\/maletas\/215600-maleta-con-ruedas-trolley-rigida-rosa-dorado-abs-8719883562049.html\" target=\"_blank\" rel=\"noopener\"><img loading=\"lazy\" src=\"https:\/\/shopenzona.es\/blog\/wp-content\/uploads\/2024\/11\/maleta-con-ruedas-trolley-rigida-rosa-dorado-abs.jpg\" alt=\"\" class=\"wp-image-32231\" width=\"443\" height=\"443\" srcset=\"https:\/\/shopenzona.es\/blog\/wp-content\/uploads\/2024\/11\/maleta-con-ruedas-trolley-rigida-rosa-dorado-abs.jpg 600w, https:\/\/shopenzona.es\/blog\/wp-content\/uploads\/2024\/11\/maleta-con-ruedas-trolley-rigida-rosa-dorado-abs-300x300.jpg 300w, https:\/\/shopenzona.es\/blog\/wp-content\/uploads\/2024\/11\/maleta-con-ruedas-trolley-rigida-rosa-dorado-abs-150x150.jpg 150w\" sizes=\"(max-width: 443px) 100vw, 443px\" \/><\/a><\/figure><\/div>\n\n\n\n<div class=\"wp-container-3 wp-block-buttons\">\n<div class=\"wp-block-button aligncenter\"><a class=\"wp-block-button__link\" href=\"https:\/\/shopenzona.es\/maletas\/215600-maleta-con-ruedas-trolley-rigida-rosa-dorado-abs-8719883562049.html\" target=\"_blank\" rel=\"noreferrer noopener\">Maleta con ruedas trolley<\/a><\/div>\n<\/div>\n\n\n\n<div style=\"height:23px\" aria-hidden=\"true\" class=\"wp-block-spacer\"><\/div>\n\n\n\n<div class=\"wp-block-image\"><figure class=\"aligncenter size-full is-resized\"><a href=\"https:\/\/shopenzona.es\/maletas\/1009887-maleta-de-cabina-american-tourister-crosstrack-spinner-55cm-azul-5400520065582.html\" target=\"_blank\" rel=\"noopener\"><img loading=\"lazy\" src=\"https:\/\/shopenzona.es\/blog\/wp-content\/uploads\/2024\/11\/maleta-de-cabina-american-tourister-crosstrack-spinner-55cm-azul.jpg\" alt=\"\" class=\"wp-image-32232\" width=\"443\" height=\"443\" srcset=\"https:\/\/shopenzona.es\/blog\/wp-content\/uploads\/2024\/11\/maleta-de-cabina-american-tourister-crosstrack-spinner-55cm-azul.jpg 600w, https:\/\/shopenzona.es\/blog\/wp-content\/uploads\/2024\/11\/maleta-de-cabina-american-tourister-crosstrack-spinner-55cm-azul-300x300.jpg 300w, https:\/\/shopenzona.es\/blog\/wp-content\/uploads\/2024\/11\/maleta-de-cabina-american-tourister-crosstrack-spinner-55cm-azul-150x150.jpg 150w\" sizes=\"(max-width: 443px) 100vw, 443px\" \/><\/a><\/figure><\/div>\n\n\n\n<div class=\"wp-container-4 wp-block-buttons\">\n<div class=\"wp-block-button aligncenter\"><a class=\"wp-block-button__link\" href=\"https:\/\/shopenzona.es\/maletas\/1009887-maleta-de-cabina-american-tourister-crosstrack-spinner-55cm-azul-5400520065582.html\" target=\"_blank\" rel=\"noreferrer noopener\">American Tourister Spinner<\/a><\/div>\n<\/div>\n\n\n\n<div style=\"height:23px\" aria-hidden=\"true\" class=\"wp-block-spacer\"><\/div>\n\n\n\n<h2>C\u00f3mo medir correctamente tu maleta de cabina<\/h2>\n\n\n\n<p>Para medir correctamente tu maleta de cabina, comienza con el tama\u00f1o total, midiendo la altura, el ancho y la profundidad desde el punto m\u00e1s exterior. Incluye las ruedas y las asas, ya que forman parte del tama\u00f1o total. Usa una cinta m\u00e9trica y verifica cada dimensi\u00f3n cuidadosamente. Algunas aerol\u00edneas permiten las ruedas, pero aseg\u00farate de que no superen el l\u00edmite de las medidas est\u00e1ndar. Si es necesario, mide desde la base hasta la parte m\u00e1s alta de las asas para evitar sorpresas en el control de equipaje.<\/p>\n\n\n\n<div style=\"height:23px\" aria-hidden=\"true\" class=\"wp-block-spacer\"><\/div>\n\n\n\n<h2>\u00bfNecesitas una nueva maleta?<\/h2>\n\n\n\n<p>Elegir la <a href=\"https:\/\/shopenzona.es\/4692-maletas\" target=\"_blank\" rel=\"noreferrer noopener\">maleta adecuada<\/a> depende de varios factores como las medidas, la durabilidad del material y la facilidad de transporte. Es crucial que se ajuste a las normativas de equipaje de mano de las aerol\u00edneas y ofrezca suficiente espacio para tus pertenencias. Tambi\u00e9n considera el peso de la maleta vac\u00eda y la calidad de las ruedas. Si est\u00e1s buscando la opci\u00f3n perfecta para tu pr\u00f3ximo viaje, explora nuestra categor\u00eda de maletas y encuentra la que mejor se adapte a tus necesidades.<\/p>\n","protected":false},"excerpt":{"rendered":"<p>Conocer las medidas correctas de la maleta de cabina es crucial para evitar sorpresas al momento de embarcar. Las aerol\u00edneas tienen pol\u00edticas cambiantes sobre el tama\u00f1o permitido, y una maleta que parece adecuada puede no serlo en un vuelo espec\u00edfico. Es fundamental elegir una maleta que cumpla con las normas generales, ya que cada compa\u00f1\u00eda&hellip;<\/p>\n","protected":false},"author":1,"featured_media":32228,"comment_status":"closed","ping_status":"closed","sticky":false,"template":"","format":"standard","meta":[],"categories":[21],"tags":[],"yoast_head":"<!-- This site is optimized with the Yoast SEO plugin v19.13 - https:\/\/yoast.com\/wordpress\/plugins\/seo\/ -->\n<title>Conoce las Medidas de las Maletas de Cabina de las Aerol\u00edneas<\/title>\n<meta name=\"description\" content=\"Conoce las medidas exactas de las maletas de cabina seg\u00fan cada aerol\u00ednea. Aseg\u00farate de cumplir con las normativas y viaja sin preocupaciones.\" \/>\n<meta name=\"robots\" content=\"index, follow, max-snippet:-1, max-image-preview:large, max-video-preview:-1\" \/>\n<link rel=\"canonical\" href=\"https:\/\/shopenzona.es\/blog\/medidas-maletas-de-cabina\/\" \/>\n<meta property=\"og:locale\" content=\"es_ES\" \/>\n<meta property=\"og:type\" content=\"article\" \/>\n<meta property=\"og:title\" content=\"Conoce las Medidas de las Maletas de Cabina de las Aerol\u00edneas\" \/>\n<meta property=\"og:description\" content=\"Conoce las medidas exactas de las maletas de cabina seg\u00fan cada aerol\u00ednea. Aseg\u00farate de cumplir con las normativas y viaja sin preocupaciones.\" \/>\n<meta property=\"og:url\" content=\"https:\/\/shopenzona.es\/blog\/medidas-maletas-de-cabina\/\" \/>\n<meta property=\"og:site_name\" content=\"Allzone\" \/>\n<meta property=\"article:published_time\" content=\"2024-11-26T08:33:03+00:00\" \/>\n<meta property=\"article:modified_time\" content=\"2024-11-26T08:33:04+00:00\" \/>\n<meta property=\"og:image\" content=\"https:\/\/shopenzona.es\/blog\/wp-content\/uploads\/2024\/11\/Portadas-blogs-corporativo-67.jpg\" \/>\n\t<meta property=\"og:image:width\" content=\"825\" \/>\n\t<meta property=\"og:image:height\" content=\"450\" \/>\n\t<meta property=\"og:image:type\" content=\"image\/jpeg\" \/>\n<meta name=\"author\" content=\"admin\" \/>\n<meta name=\"twitter:card\" content=\"summary_large_image\" \/>\n<meta name=\"twitter:label1\" content=\"Escrito por\" \/>\n\t<meta name=\"twitter:data1\" content=\"admin\" \/>\n\t<meta name=\"twitter:label2\" content=\"Tiempo de lectura\" \/>\n\t<meta name=\"twitter:data2\" content=\"4 minutos\" \/>\n<script type=\"application\/ld+json\" class=\"yoast-schema-graph\">{\"@context\":\"https:\/\/schema.org\",\"@graph\":[{\"@type\":\"WebPage\",\"@id\":\"https:\/\/shopenzona.es\/blog\/medidas-maletas-de-cabina\/\",\"url\":\"https:\/\/shopenzona.es\/blog\/medidas-maletas-de-cabina\/\",\"name\":\"Conoce las Medidas de las Maletas de Cabina de las Aerol\u00edneas\",\"isPartOf\":{\"@id\":\"https:\/\/shopenzona.es\/blog\/#website\"},\"datePublished\":\"2024-11-26T08:33:03+00:00\",\"dateModified\":\"2024-11-26T08:33:04+00:00\",\"author\":{\"@id\":\"https:\/\/shopenzona.es\/blog\/#\/schema\/person\/eedabeb0482bc0dd5720681ddbcda844\"},\"description\":\"Conoce las medidas exactas de las maletas de cabina seg\u00fan cada aerol\u00ednea. Aseg\u00farate de cumplir con las normativas y viaja sin preocupaciones.\",\"breadcrumb\":{\"@id\":\"https:\/\/shopenzona.es\/blog\/medidas-maletas-de-cabina\/#breadcrumb\"},\"inLanguage\":\"es\",\"potentialAction\":[{\"@type\":\"ReadAction\",\"target\":[\"https:\/\/shopenzona.es\/blog\/medidas-maletas-de-cabina\/\"]}]},{\"@type\":\"BreadcrumbList\",\"@id\":\"https:\/\/shopenzona.es\/blog\/medidas-maletas-de-cabina\/#breadcrumb\",\"itemListElement\":[{\"@type\":\"ListItem\",\"position\":1,\"name\":\"Portada\",\"item\":\"https:\/\/shopenzona.es\/blog\/\"},{\"@type\":\"ListItem\",\"position\":2,\"name\":\"Medidas maleta de cabina: Todo lo que necesitas saber para tu pr\u00f3ximo vuelo\"}]},{\"@type\":\"WebSite\",\"@id\":\"https:\/\/shopenzona.es\/blog\/#website\",\"url\":\"https:\/\/shopenzona.es\/blog\/\",\"name\":\"Allzone\",\"description\":\"Blog de Allzone\",\"potentialAction\":[{\"@type\":\"SearchAction\",\"target\":{\"@type\":\"EntryPoint\",\"urlTemplate\":\"https:\/\/shopenzona.es\/blog\/?s={search_term_string}\"},\"query-input\":\"required name=search_term_string\"}],\"inLanguage\":\"es\"},{\"@type\":\"Person\",\"@id\":\"https:\/\/shopenzona.es\/blog\/#\/schema\/person\/eedabeb0482bc0dd5720681ddbcda844\",\"name\":\"admin\",\"image\":{\"@type\":\"ImageObject\",\"inLanguage\":\"es\",\"@id\":\"https:\/\/shopenzona.es\/blog\/#\/schema\/person\/image\/\",\"url\":\"https:\/\/secure.gravatar.com\/avatar\/561714c52e30f2a7a8e924873d2dc849?s=96&d=mm&r=g\",\"contentUrl\":\"https:\/\/secure.gravatar.com\/avatar\/561714c52e30f2a7a8e924873d2dc849?s=96&d=mm&r=g\",\"caption\":\"admin\"}}]}<\/script>\n<!-- \/ Yoast SEO plugin. -->","yoast_head_json":{"title":"Conoce las Medidas de las Maletas de Cabina de las Aerol\u00edneas","description":"Conoce las medidas exactas de las maletas de cabina seg\u00fan cada aerol\u00ednea. Aseg\u00farate de cumplir con las normativas y viaja sin preocupaciones.","robots":{"index":"index","follow":"follow","max-snippet":"max-snippet:-1","max-image-preview":"max-image-preview:large","max-video-preview":"max-video-preview:-1"},"canonical":"https:\/\/shopenzona.es\/blog\/medidas-maletas-de-cabina\/","og_locale":"es_ES","og_type":"article","og_title":"Conoce las Medidas de las Maletas de Cabina de las Aerol\u00edneas","og_description":"Conoce las medidas exactas de las maletas de cabina seg\u00fan cada aerol\u00ednea. Aseg\u00farate de cumplir con las normativas y viaja sin preocupaciones.","og_url":"https:\/\/shopenzona.es\/blog\/medidas-maletas-de-cabina\/","og_site_name":"Allzone","article_published_time":"2024-11-26T08:33:03+00:00","article_modified_time":"2024-11-26T08:33:04+00:00","og_image":[{"width":825,"height":450,"url":"https:\/\/shopenzona.es\/blog\/wp-content\/uploads\/2024\/11\/Portadas-blogs-corporativo-67.jpg","type":"image\/jpeg"}],"author":"admin","twitter_card":"summary_large_image","twitter_misc":{"Escrito por":"admin","Tiempo de lectura":"4 minutos"},"schema":{"@context":"https:\/\/schema.org","@graph":[{"@type":"WebPage","@id":"https:\/\/shopenzona.es\/blog\/medidas-maletas-de-cabina\/","url":"https:\/\/shopenzona.es\/blog\/medidas-maletas-de-cabina\/","name":"Conoce las Medidas de las Maletas de Cabina de las Aerol\u00edneas","isPartOf":{"@id":"https:\/\/shopenzona.es\/blog\/#website"},"datePublished":"2024-11-26T08:33:03+00:00","dateModified":"2024-11-26T08:33:04+00:00","author":{"@id":"https:\/\/shopenzona.es\/blog\/#\/schema\/person\/eedabeb0482bc0dd5720681ddbcda844"},"description":"Conoce las medidas exactas de las maletas de cabina seg\u00fan cada aerol\u00ednea. Aseg\u00farate de cumplir con las normativas y viaja sin preocupaciones.","breadcrumb":{"@id":"https:\/\/shopenzona.es\/blog\/medidas-maletas-de-cabina\/#breadcrumb"},"inLanguage":"es","potentialAction":[{"@type":"ReadAction","target":["https:\/\/shopenzona.es\/blog\/medidas-maletas-de-cabina\/"]}]},{"@type":"BreadcrumbList","@id":"https:\/\/shopenzona.es\/blog\/medidas-maletas-de-cabina\/#breadcrumb","itemListElement":[{"@type":"ListItem","position":1,"name":"Portada","item":"https:\/\/shopenzona.es\/blog\/"},{"@type":"ListItem","position":2,"name":"Medidas maleta de cabina: Todo lo que necesitas saber para tu pr\u00f3ximo vuelo"}]},{"@type":"WebSite","@id":"https:\/\/shopenzona.es\/blog\/#website","url":"https:\/\/shopenzona.es\/blog\/","name":"Allzone","description":"Blog de Allzone","potentialAction":[{"@type":"SearchAction","target":{"@type":"EntryPoint","urlTemplate":"https:\/\/shopenzona.es\/blog\/?s={search_term_string}"},"query-input":"required name=search_term_string"}],"inLanguage":"es"},{"@type":"Person","@id":"https:\/\/shopenzona.es\/blog\/#\/schema\/person\/eedabeb0482bc0dd5720681ddbcda844","name":"admin","image":{"@type":"ImageObject","inLanguage":"es","@id":"https:\/\/shopenzona.es\/blog\/#\/schema\/person\/image\/","url":"https:\/\/secure.gravatar.com\/avatar\/561714c52e30f2a7a8e924873d2dc849?s=96&d=mm&r=g","contentUrl":"https:\/\/secure.gravatar.com\/avatar\/561714c52e30f2a7a8e924873d2dc849?s=96&d=mm&r=g","caption":"admin"}}]}},"_links":{"self":[{"href":"https:\/\/shopenzona.es\/blog\/wp-json\/wp\/v2\/posts\/32227"}],"collection":[{"href":"https:\/\/shopenzona.es\/blog\/wp-json\/wp\/v2\/posts"}],"about":[{"href":"https:\/\/shopenzona.es\/blog\/wp-json\/wp\/v2\/types\/post"}],"author":[{"embeddable":true,"href":"https:\/\/shopenzona.es\/blog\/wp-json\/wp\/v2\/users\/1"}],"replies":[{"embeddable":true,"href":"https:\/\/shopenzona.es\/blog\/wp-json\/wp\/v2\/comments?post=32227"}],"version-history":[{"count":3,"href":"https:\/\/shopenzona.es\/blog\/wp-json\/wp\/v2\/posts\/32227\/revisions"}],"predecessor-version":[{"id":33818,"href":"https:\/\/shopenzona.es\/blog\/wp-json\/wp\/v2\/posts\/32227\/revisions\/33818"}],"wp:featuredmedia":[{"embeddable":true,"href":"https:\/\/shopenzona.es\/blog\/wp-json\/wp\/v2\/media\/32228"}],"wp:attachment":[{"href":"https:\/\/shopenzona.es\/blog\/wp-json\/wp\/v2\/media?parent=32227"}],"wp:term":[{"taxonomy":"category","embeddable":true,"href":"https:\/\/shopenzona.es\/blog\/wp-json\/wp\/v2\/categories?post=32227"},{"taxonomy":"post_tag","embeddable":true,"href":"https:\/\/shopenzona.es\/blog\/wp-json\/wp\/v2\/tags?post=32227"}],"curies":[{"name":"wp","href":"https:\/\/api.w.org\/{rel}","templated":true}]}}