{"id":3226,"date":"2020-03-09T17:31:02","date_gmt":"2020-03-09T16:31:02","guid":{"rendered":"https:\/\/blog.allzone.es\/?p=3226"},"modified":"2021-12-21T13:22:50","modified_gmt":"2021-12-21T12:22:50","slug":"galaxy-fold-movil-plegable-samsung","status":"publish","type":"post","link":"https:\/\/shopenzona.es\/blog\/galaxy-fold-movil-plegable-samsung\/","title":{"rendered":"Galaxy Fold: El M\u00f3vil Plegable de Samsung"},"content":{"rendered":"<p>A estas alturas estamos convencidos de que has o\u00eddo hablar del <a href=\"https:\/\/shopenzona.es\/9528-telefonos-moviles-samsung\"><strong>Samsung Galaxy Fold<\/strong><\/a>, el m\u00f3vil plegable de la marca, siendo m\u00f3vil y tablet al mismo tiempo.<\/p>\n<p>Se trata de un terminal que puede hacer funciones tanto de m\u00f3vil como de tablet seg\u00fan lo desee el usuario.<\/p>\n<p>Cuando est\u00e1 plegado se puede coger y manejar como cualquier smartphone pero cuando el usuario lo desee o necesite, se transforma en una pantalla de m\u00e1s de 7 pulgadas ofreciendo una apariencia de tablet.[\/vc_column_text][vc_column_text]<\/p>\n<h2>Ficha T\u00e9cnica Galaxy Fold<\/h2>\n<table class=\"tabla-datos\">\n<tbody>\n<tr>\n<th>DIMENSIONES Y PESO<\/th>\n<td>200 gramos (dimensiones por determinar)<\/td>\n<\/tr>\n<tr>\n<th>PANTALLA<\/th>\n<td>7.3\u201d QXGA+ Dynamic AMOLED (4.2:3) + 4.6\u201d HD+ Super AMOLED (21:9)<\/td>\n<\/tr>\n<tr>\n<th>PROCESADOR<\/th>\n<td>Snapdragon 855 \/ Exynos 9820 (seg\u00fan mercado)<\/td>\n<\/tr>\n<tr>\n<th>RAM<\/th>\n<td>12 GB<\/td>\n<\/tr>\n<tr>\n<th>ALMACENAMIENTO<\/th>\n<td>512 GB UFS 3.0<\/td>\n<\/tr>\n<tr>\n<th>SISTEMA OPERATIVO<\/th>\n<td>Android 9 Pie + One UI<\/td>\n<\/tr>\n<tr>\n<th>C\u00c1MARAS TRASERAS<\/th>\n<td>Triple c\u00e1mara trasera: gran angular, ultra gran angular y teleobjetivo<\/td>\n<\/tr>\n<tr>\n<th>C\u00c1MARAS FRONTALES<\/th>\n<td>Una en la cubierta, dos frontales internas gran angular y profundidad<\/td>\n<\/tr>\n<tr>\n<th>BATER\u00cdA<\/th>\n<td>4.380 mAh (doble bater\u00eda)<\/td>\n<\/tr>\n<tr>\n<th>PRECIO<\/th>\n<td>1.980 d\u00f3lares<\/td>\n<\/tr>\n<\/tbody>\n<\/table>\n<h3>Terminal Dos en Uno<\/h3>\n<p>Samsung se ha encargado de hacer un dispositivo totalmente funcional y con un sistema de bisagras dise\u00f1adas especialmente para este modelo, en concreto para garantizar una alta resistencia al gran n\u00famero de veces que se abre y cierra el terminal.<\/p>\n<p>As\u00ed, con el Galaxy Fold, se presenta un dispositivo con una pantalla de 4,6&#8243;, la cual se puede usar como cualquier smartphone de tama\u00f1o est\u00e1ndar. Y al mismo tiempo ofrece la ampliaci\u00f3n a una pantalla de 7,3&#8243; Infinity Flex Display, un material dise\u00f1ado para ofrecer flexibilidad y mayor resistencia.<\/p>\n<p>Incorpora muchas funciones de sus compa\u00f1eros como el lector de huella en el lateral.<\/p>\n<h3>La C\u00e1mara otro Aspecto a Destacar<\/h3>\n<p>Aunque lo m\u00e1s destacado de este terminal es la pantalla flexible, Samsung no ha querido renunciar a la tendencia de las c\u00e1maras.<\/p>\n<p>Si ya en el S10+, a muchos le parecieron muchas 5 c\u00e1maras &#8230; el Galaxy Fold incorpora una m\u00e1s, es decir 6 c\u00e1maras:<\/p>\n<ul>\n<li>Triple c\u00e1mara trasera<\/li>\n<li>Dos c\u00e1maras frontales en el interior<\/li>\n<li>Una c\u00e1mara frontal en el exterior, para aquellas ocasiones en las que se use el dispositivo como un smartphone<\/li>\n<\/ul>\n<h3>Hola Ventana Multitarea<\/h3>\n<p>Este terminal incluye la versi\u00f3n Android 9 Pie y One UI, es decir la \u00faltima versi\u00f3n de sistema operativo de Samsung y Google. Pero adem\u00e1s han incluido la opci\u00f3n para que al abrir y cerrar el Galaxy Fold sigan abiertas las mismas aplicaciones de forma autom\u00e1tica.<\/p>\n<p>Adem\u00e1s incluye la ventana multiactiva, es decir permite visualizar varias apps activas al mismo tiempo.<\/p>\n","protected":false},"excerpt":{"rendered":"<p>A estas alturas estamos convencidos de que has o\u00eddo hablar del Samsung Galaxy Fold, el m\u00f3vil plegable de la marca, siendo m\u00f3vil y tablet al mismo tiempo. Se trata de un terminal que puede hacer funciones tanto de m\u00f3vil como de tablet seg\u00fan lo desee el usuario. Cuando est\u00e1 plegado se puede coger y manejar&hellip;<\/p>\n","protected":false},"author":10,"featured_media":3231,"comment_status":"closed","ping_status":"open","sticky":false,"template":"","format":"standard","meta":[],"categories":[17],"tags":[],"yoast_head":"<!-- This site is optimized with the Yoast SEO plugin v19.13 - https:\/\/yoast.com\/wordpress\/plugins\/seo\/ -->\n<title>Galaxy Fold: El M\u00f3vil Plegable de Samsung - Allzone<\/title>\n<meta name=\"description\" content=\"A estas alturas estamos convencidos de que has o\u00eddo hablar del Samsung Galaxy Fold, el m\u00f3vil plegable de la marca, siendo m\u00f3vil y tablet al mismo tiempo.\" \/>\n<meta name=\"robots\" content=\"index, follow, max-snippet:-1, max-image-preview:large, max-video-preview:-1\" \/>\n<link rel=\"canonical\" href=\"https:\/\/shopenzona.es\/blog\/galaxy-fold-movil-plegable-samsung\/\" \/>\n<meta property=\"og:locale\" content=\"es_ES\" \/>\n<meta property=\"og:type\" content=\"article\" \/>\n<meta property=\"og:title\" content=\"Galaxy Fold: El M\u00f3vil Plegable de Samsung - Allzone\" \/>\n<meta property=\"og:description\" content=\"A estas alturas estamos convencidos de que has o\u00eddo hablar del Samsung Galaxy Fold, el m\u00f3vil plegable de la marca, siendo m\u00f3vil y tablet al mismo tiempo.\" \/>\n<meta property=\"og:url\" content=\"https:\/\/shopenzona.es\/blog\/galaxy-fold-movil-plegable-samsung\/\" \/>\n<meta property=\"og:site_name\" content=\"Allzone\" \/>\n<meta property=\"article:published_time\" content=\"2020-03-09T16:31:02+00:00\" \/>\n<meta property=\"article:modified_time\" content=\"2021-12-21T12:22:50+00:00\" \/>\n<meta property=\"og:image\" content=\"https:\/\/shopenzona.es\/blog\/wp-content\/uploads\/2020\/03\/galaxy-fold.jpg\" \/>\n\t<meta property=\"og:image:width\" content=\"825\" \/>\n\t<meta property=\"og:image:height\" content=\"452\" \/>\n\t<meta property=\"og:image:type\" content=\"image\/jpeg\" \/>\n<meta name=\"author\" content=\"Cristina\" \/>\n<meta name=\"twitter:card\" content=\"summary_large_image\" \/>\n<meta name=\"twitter:label1\" content=\"Escrito por\" \/>\n\t<meta name=\"twitter:data1\" content=\"Cristina\" \/>\n\t<meta name=\"twitter:label2\" content=\"Tiempo de lectura\" \/>\n\t<meta name=\"twitter:data2\" content=\"2 minutos\" \/>\n<script type=\"application\/ld+json\" class=\"yoast-schema-graph\">{\"@context\":\"https:\/\/schema.org\",\"@graph\":[{\"@type\":\"WebPage\",\"@id\":\"https:\/\/shopenzona.es\/blog\/galaxy-fold-movil-plegable-samsung\/\",\"url\":\"https:\/\/shopenzona.es\/blog\/galaxy-fold-movil-plegable-samsung\/\",\"name\":\"Galaxy Fold: El M\u00f3vil Plegable de Samsung - Allzone\",\"isPartOf\":{\"@id\":\"https:\/\/shopenzona.es\/blog\/#website\"},\"datePublished\":\"2020-03-09T16:31:02+00:00\",\"dateModified\":\"2021-12-21T12:22:50+00:00\",\"author\":{\"@id\":\"https:\/\/shopenzona.es\/blog\/#\/schema\/person\/c1798473e45eb37e9729df9731051caf\"},\"description\":\"A estas alturas estamos convencidos de que has o\u00eddo hablar del Samsung Galaxy Fold, el m\u00f3vil plegable de la marca, siendo m\u00f3vil y tablet al mismo tiempo.\",\"breadcrumb\":{\"@id\":\"https:\/\/shopenzona.es\/blog\/galaxy-fold-movil-plegable-samsung\/#breadcrumb\"},\"inLanguage\":\"es\",\"potentialAction\":[{\"@type\":\"ReadAction\",\"target\":[\"https:\/\/shopenzona.es\/blog\/galaxy-fold-movil-plegable-samsung\/\"]}]},{\"@type\":\"BreadcrumbList\",\"@id\":\"https:\/\/shopenzona.es\/blog\/galaxy-fold-movil-plegable-samsung\/#breadcrumb\",\"itemListElement\":[{\"@type\":\"ListItem\",\"position\":1,\"name\":\"Portada\",\"item\":\"https:\/\/shopenzona.es\/blog\/\"},{\"@type\":\"ListItem\",\"position\":2,\"name\":\"Galaxy Fold: El M\u00f3vil Plegable de Samsung\"}]},{\"@type\":\"WebSite\",\"@id\":\"https:\/\/shopenzona.es\/blog\/#website\",\"url\":\"https:\/\/shopenzona.es\/blog\/\",\"name\":\"Allzone\",\"description\":\"Blog de Allzone\",\"potentialAction\":[{\"@type\":\"SearchAction\",\"target\":{\"@type\":\"EntryPoint\",\"urlTemplate\":\"https:\/\/shopenzona.es\/blog\/?s={search_term_string}\"},\"query-input\":\"required name=search_term_string\"}],\"inLanguage\":\"es\"},{\"@type\":\"Person\",\"@id\":\"https:\/\/shopenzona.es\/blog\/#\/schema\/person\/c1798473e45eb37e9729df9731051caf\",\"name\":\"Cristina\",\"image\":{\"@type\":\"ImageObject\",\"inLanguage\":\"es\",\"@id\":\"https:\/\/shopenzona.es\/blog\/#\/schema\/person\/image\/\",\"url\":\"https:\/\/secure.gravatar.com\/avatar\/658024e48fbdb0626be1c168e5dce725?s=96&d=mm&r=g\",\"contentUrl\":\"https:\/\/secure.gravatar.com\/avatar\/658024e48fbdb0626be1c168e5dce725?s=96&d=mm&r=g\",\"caption\":\"Cristina\"}}]}<\/script>\n<!-- \/ Yoast SEO plugin. -->","yoast_head_json":{"title":"Galaxy Fold: El M\u00f3vil Plegable de Samsung - Allzone","description":"A estas alturas estamos convencidos de que has o\u00eddo hablar del Samsung Galaxy Fold, el m\u00f3vil plegable de la marca, siendo m\u00f3vil y tablet al mismo tiempo.","robots":{"index":"index","follow":"follow","max-snippet":"max-snippet:-1","max-image-preview":"max-image-preview:large","max-video-preview":"max-video-preview:-1"},"canonical":"https:\/\/shopenzona.es\/blog\/galaxy-fold-movil-plegable-samsung\/","og_locale":"es_ES","og_type":"article","og_title":"Galaxy Fold: El M\u00f3vil Plegable de Samsung - Allzone","og_description":"A estas alturas estamos convencidos de que has o\u00eddo hablar del Samsung Galaxy Fold, el m\u00f3vil plegable de la marca, siendo m\u00f3vil y tablet al mismo tiempo.","og_url":"https:\/\/shopenzona.es\/blog\/galaxy-fold-movil-plegable-samsung\/","og_site_name":"Allzone","article_published_time":"2020-03-09T16:31:02+00:00","article_modified_time":"2021-12-21T12:22:50+00:00","og_image":[{"width":825,"height":452,"url":"https:\/\/shopenzona.es\/blog\/wp-content\/uploads\/2020\/03\/galaxy-fold.jpg","type":"image\/jpeg"}],"author":"Cristina","twitter_card":"summary_large_image","twitter_misc":{"Escrito por":"Cristina","Tiempo de lectura":"2 minutos"},"schema":{"@context":"https:\/\/schema.org","@graph":[{"@type":"WebPage","@id":"https:\/\/shopenzona.es\/blog\/galaxy-fold-movil-plegable-samsung\/","url":"https:\/\/shopenzona.es\/blog\/galaxy-fold-movil-plegable-samsung\/","name":"Galaxy Fold: El M\u00f3vil Plegable de Samsung - Allzone","isPartOf":{"@id":"https:\/\/shopenzona.es\/blog\/#website"},"datePublished":"2020-03-09T16:31:02+00:00","dateModified":"2021-12-21T12:22:50+00:00","author":{"@id":"https:\/\/shopenzona.es\/blog\/#\/schema\/person\/c1798473e45eb37e9729df9731051caf"},"description":"A estas alturas estamos convencidos de que has o\u00eddo hablar del Samsung Galaxy Fold, el m\u00f3vil plegable de la marca, siendo m\u00f3vil y tablet al mismo tiempo.","breadcrumb":{"@id":"https:\/\/shopenzona.es\/blog\/galaxy-fold-movil-plegable-samsung\/#breadcrumb"},"inLanguage":"es","potentialAction":[{"@type":"ReadAction","target":["https:\/\/shopenzona.es\/blog\/galaxy-fold-movil-plegable-samsung\/"]}]},{"@type":"BreadcrumbList","@id":"https:\/\/shopenzona.es\/blog\/galaxy-fold-movil-plegable-samsung\/#breadcrumb","itemListElement":[{"@type":"ListItem","position":1,"name":"Portada","item":"https:\/\/shopenzona.es\/blog\/"},{"@type":"ListItem","position":2,"name":"Galaxy Fold: El M\u00f3vil Plegable de Samsung"}]},{"@type":"WebSite","@id":"https:\/\/shopenzona.es\/blog\/#website","url":"https:\/\/shopenzona.es\/blog\/","name":"Allzone","description":"Blog de Allzone","potentialAction":[{"@type":"SearchAction","target":{"@type":"EntryPoint","urlTemplate":"https:\/\/shopenzona.es\/blog\/?s={search_term_string}"},"query-input":"required name=search_term_string"}],"inLanguage":"es"},{"@type":"Person","@id":"https:\/\/shopenzona.es\/blog\/#\/schema\/person\/c1798473e45eb37e9729df9731051caf","name":"Cristina","image":{"@type":"ImageObject","inLanguage":"es","@id":"https:\/\/shopenzona.es\/blog\/#\/schema\/person\/image\/","url":"https:\/\/secure.gravatar.com\/avatar\/658024e48fbdb0626be1c168e5dce725?s=96&d=mm&r=g","contentUrl":"https:\/\/secure.gravatar.com\/avatar\/658024e48fbdb0626be1c168e5dce725?s=96&d=mm&r=g","caption":"Cristina"}}]}},"_links":{"self":[{"href":"https:\/\/shopenzona.es\/blog\/wp-json\/wp\/v2\/posts\/3226"}],"collection":[{"href":"https:\/\/shopenzona.es\/blog\/wp-json\/wp\/v2\/posts"}],"about":[{"href":"https:\/\/shopenzona.es\/blog\/wp-json\/wp\/v2\/types\/post"}],"author":[{"embeddable":true,"href":"https:\/\/shopenzona.es\/blog\/wp-json\/wp\/v2\/users\/10"}],"replies":[{"embeddable":true,"href":"https:\/\/shopenzona.es\/blog\/wp-json\/wp\/v2\/comments?post=3226"}],"version-history":[{"count":7,"href":"https:\/\/shopenzona.es\/blog\/wp-json\/wp\/v2\/posts\/3226\/revisions"}],"predecessor-version":[{"id":7856,"href":"https:\/\/shopenzona.es\/blog\/wp-json\/wp\/v2\/posts\/3226\/revisions\/7856"}],"wp:featuredmedia":[{"embeddable":true,"href":"https:\/\/shopenzona.es\/blog\/wp-json\/wp\/v2\/media\/3231"}],"wp:attachment":[{"href":"https:\/\/shopenzona.es\/blog\/wp-json\/wp\/v2\/media?parent=3226"}],"wp:term":[{"taxonomy":"category","embeddable":true,"href":"https:\/\/shopenzona.es\/blog\/wp-json\/wp\/v2\/categories?post=3226"},{"taxonomy":"post_tag","embeddable":true,"href":"https:\/\/shopenzona.es\/blog\/wp-json\/wp\/v2\/tags?post=3226"}],"curies":[{"name":"wp","href":"https:\/\/api.w.org\/{rel}","templated":true}]}}