{"id":33821,"date":"2025-01-21T09:28:31","date_gmt":"2025-01-21T08:28:31","guid":{"rendered":"https:\/\/allzone.es\/blog\/?p=33821"},"modified":"2025-01-21T09:28:32","modified_gmt":"2025-01-21T08:28:32","slug":"como-decorar-salones-pequenos","status":"publish","type":"post","link":"https:\/\/shopenzona.es\/blog\/como-decorar-salones-pequenos\/","title":{"rendered":"C\u00f3mo decorar salones peque\u00f1os con colores e iluminaci\u00f3n"},"content":{"rendered":"\n<p>Decorar salones peque\u00f1os puede ser un reto, pero una planificaci\u00f3n adecuada de los colores y la iluminaci\u00f3n puede hacer maravillas. Los tonos claros como blancos, grises y pasteles ampl\u00edan visualmente el espacio, mientras que los colores oscuros pueden crear un ambiente m\u00e1s \u00edntimo y acogedor. La iluminaci\u00f3n juega un papel esencial, ya que una luz bien distribuida puede hacer que un sal\u00f3n peque\u00f1o parezca m\u00e1s grande y luminoso. Adem\u00e1s, combinar diferentes fuentes de luz, como l\u00e1mparas de pie y apliques, permite adaptar el ambiente a diferentes momentos del d\u00eda.<\/p>\n\n\n\n<div style=\"height:23px\" aria-hidden=\"true\" class=\"wp-block-spacer\"><\/div>\n\n\n\n<h2>La importancia de los colores para salones peque\u00f1os<\/h2>\n\n\n\n<div style=\"height:10px\" aria-hidden=\"true\" class=\"wp-block-spacer\"><\/div>\n\n\n\n<h3>Colores claros para maximizar la sensaci\u00f3n de amplitud<\/h3>\n\n\n\n<p>Los colores claros, como blanco, beige o tonos pastel, son ideales para<a href=\"https:\/\/shopenzona.es\/4625-salon-y-comedor\" target=\"_blank\" rel=\"noreferrer noopener\"> salones peque\u00f1os<\/a> porque reflejan m\u00e1s luz, lo que genera la sensaci\u00f3n de mayor amplitud. Estos colores crean un ambiente aireado y luminoso, haciendo que el espacio se vea menos saturado. Adem\u00e1s, ayudan a equilibrar la luz natural disponible y hacen que los elementos del sal\u00f3n se integren de manera m\u00e1s armoniosa, evitando la sensaci\u00f3n de sobrecarga visual. Elegir estos tonos puede transformar un espacio reducido en un lugar acogedor, sin sacrificar la amplitud.<\/p>\n\n\n\n<div style=\"height:23px\" aria-hidden=\"true\" class=\"wp-block-spacer\"><\/div>\n\n\n\n<h3>Toques de color para a\u00f1adir personalidad<\/h3>\n\n\n\n<p>Incorporar toques de color en elementos decorativos como cojines, alfombras o cuadros es una excelente manera de a\u00f1adir personalidad a un sal\u00f3n peque\u00f1o sin sobrecargarlo. Los acentos de color pueden resaltar y aportar dinamismo al espacio, creando un ambiente m\u00e1s c\u00e1lido y atractivo. Es recomendable optar por tonos vibrantes o contrastantes en peque\u00f1os detalles, como en las telas o las obras de arte, para generar inter\u00e9s visual sin perder la sensaci\u00f3n de amplitud. Estos peque\u00f1os detalles permiten darle un car\u00e1cter \u00fanico a la decoraci\u00f3n sin comprometer la frescura y luminosidad del entorno.<\/p>\n\n\n\n<div style=\"height:23px\" aria-hidden=\"true\" class=\"wp-block-spacer\"><\/div>\n\n\n\n<h3>Combinar colores para lograr un equilibrio visual<\/h3>\n\n\n\n<p>Para lograr un equilibrio visual en un sal\u00f3n peque\u00f1o, es fundamental combinar colores de manera armoniosa en paredes, muebles y accesorios. Se puede optar por una paleta de colores neutros para las paredes y grandes superficies, lo que facilita la integraci\u00f3n de elementos m\u00e1s coloridos. Los muebles deben seguir una tonalidad complementaria o m\u00e1s suave para evitar que el espacio se sienta sobrecargado. Los accesorios, como cojines y cortinas, pueden introducir acentos de color sin perder la coherencia del conjunto. La clave est\u00e1 en la moderaci\u00f3n: elegir dos o tres colores principales y combinarlos de forma equilibrada garantizar\u00e1 que el sal\u00f3n mantenga una atm\u00f3sfera relajada y est\u00e9ticamente agradable.<\/p>\n\n\n\n<div style=\"height:23px\" aria-hidden=\"true\" class=\"wp-block-spacer\"><\/div>\n\n\n\n<h2>Mejores art\u00edculos para salones peque\u00f1os<\/h2>\n\n\n\n<div style=\"height:23px\" aria-hidden=\"true\" class=\"wp-block-spacer\"><\/div>\n\n\n\n<h3>Mesa de bistr\u00f3 de madera<\/h3>\n\n\n\n<p>Esta mesa de bistr\u00f3 se caracteriza por un aspecto sencillo a la par que elegante y ser\u00e1 un aporte llamativo para tu hogar. Tambi\u00e9n se puede usar como mesa de comedor. El elegante dise\u00f1o de esta mesa alta de bar la convierte en un accesorio atemporal para tu casa. La construcci\u00f3n de madera contrachapada hace que la mesa tipo pub es muy duradera, estable y f\u00e1cil de limpiar. La mesa de bistr\u00f3 es f\u00e1cil de montar.<\/p>\n\n\n\n<div style=\"height:23px\" aria-hidden=\"true\" class=\"wp-block-spacer\"><\/div>\n\n\n\n<div class=\"wp-block-image\"><figure class=\"aligncenter size-full is-resized\"><a href=\"https:\/\/shopenzona.es\/mesas-de-comedor-y-cocina\/300370-mesa-de-bistro-de-madera-contrachapada-blanco-60x60x75-cm-8719883915883.html?\" target=\"_blank\" rel=\"noopener\"><img loading=\"lazy\" src=\"https:\/\/shopenzona.es\/blog\/wp-content\/uploads\/2025\/01\/mesa-de-bistro-de-madera-contrachapada-blanco-60x60x75-cm.jpg\" alt=\"\" class=\"wp-image-33822\" width=\"424\" height=\"424\" srcset=\"https:\/\/shopenzona.es\/blog\/wp-content\/uploads\/2025\/01\/mesa-de-bistro-de-madera-contrachapada-blanco-60x60x75-cm.jpg 600w, https:\/\/shopenzona.es\/blog\/wp-content\/uploads\/2025\/01\/mesa-de-bistro-de-madera-contrachapada-blanco-60x60x75-cm-300x300.jpg 300w, https:\/\/shopenzona.es\/blog\/wp-content\/uploads\/2025\/01\/mesa-de-bistro-de-madera-contrachapada-blanco-60x60x75-cm-150x150.jpg 150w\" sizes=\"(max-width: 424px) 100vw, 424px\" \/><\/a><\/figure><\/div>\n\n\n\n<div class=\"wp-container-1 wp-block-buttons\">\n<div class=\"wp-block-button aligncenter\"><a class=\"wp-block-button__link\" href=\"https:\/\/shopenzona.es\/mesas-de-comedor-y-cocina\/300370-mesa-de-bistro-de-madera-contrachapada-blanco-60x60x75-cm-8719883915883.html?\" target=\"_blank\" rel=\"noreferrer noopener\">Mesa de bistr\u00f3 de madera<\/a><\/div>\n<\/div>\n\n\n\n<div style=\"height:23px\" aria-hidden=\"true\" class=\"wp-block-spacer\"><\/div>\n\n\n\n<h3>Mueble para TV blanco<\/h3>\n\n\n\n<p>Con un dise\u00f1o moderno y pr\u00e1ctico, este robusto mueble para TV definitivamente se convertir\u00e1 en un foco de atenci\u00f3n para tu habitaci\u00f3n. Este mueble para TV de estilo cl\u00e1sico, hecho de madera contrachapada, ser\u00e1 un aporte atemporal para tu hogar. Tiene 1 compartimento abierto donde almacenar todo tipo de objetos y poner dispositivos multimedia, consolas de videojuegos o revistas. Es un mueble de TV f\u00e1cil de limpiar con un simple pa\u00f1o h\u00famedo. El mueble de TV es f\u00e1cil de montar con los materiales de montaje incluidos.<\/p>\n\n\n\n<div style=\"height:23px\" aria-hidden=\"true\" class=\"wp-block-spacer\"><\/div>\n\n\n\n<div class=\"wp-block-image\"><figure class=\"aligncenter size-full is-resized\"><a href=\"https:\/\/shopenzona.es\/muebles-para-tv\/215138-mueble-para-tv-madera-contrachapada-blanco-100x40x40-cm-8719883672069.html\" target=\"_blank\" rel=\"noopener\"><img loading=\"lazy\" src=\"https:\/\/shopenzona.es\/blog\/wp-content\/uploads\/2025\/01\/mueble-para-tv-madera-contrachapada-blanco-100x40x40-cm.jpg\" alt=\"\" class=\"wp-image-33823\" width=\"424\" height=\"424\" srcset=\"https:\/\/shopenzona.es\/blog\/wp-content\/uploads\/2025\/01\/mueble-para-tv-madera-contrachapada-blanco-100x40x40-cm.jpg 600w, https:\/\/shopenzona.es\/blog\/wp-content\/uploads\/2025\/01\/mueble-para-tv-madera-contrachapada-blanco-100x40x40-cm-300x300.jpg 300w, https:\/\/shopenzona.es\/blog\/wp-content\/uploads\/2025\/01\/mueble-para-tv-madera-contrachapada-blanco-100x40x40-cm-150x150.jpg 150w\" sizes=\"(max-width: 424px) 100vw, 424px\" \/><\/a><\/figure><\/div>\n\n\n\n<div class=\"wp-container-2 wp-block-buttons\">\n<div class=\"wp-block-button aligncenter\"><a class=\"wp-block-button__link\" href=\"https:\/\/shopenzona.es\/muebles-para-tv\/215138-mueble-para-tv-madera-contrachapada-blanco-100x40x40-cm-8719883672069.html\" target=\"_blank\" rel=\"noreferrer noopener\">Mueble para TV blanco<\/a><\/div>\n<\/div>\n\n\n\n<div style=\"height:23px\" aria-hidden=\"true\" class=\"wp-block-spacer\"><\/div>\n\n\n\n<h3>Sof\u00e1 de 2 plazas con cojines&nbsp;crema<\/h3>\n\n\n\n<p>Este sof\u00e1 de 2 plazas es perfecto para disfrutar de momentos de charla, lectura, ver la televisi\u00f3n o simplemente relajarse. Dise\u00f1ado para ser un elemento destacado en tu hogar, combina estilo y funcionalidad. Su tela de terciopelo proporciona una superficie suave y sedosa, ofreciendo una sensaci\u00f3n placentera al tacto y aportando calidez y confort. La estructura de metal garantiza una base robusta y estable, mientras que los asientos, reposabrazos y cojines traseros, con su acolchado grueso, brindan una experiencia de asiento c\u00f3moda y de calidad. Adem\u00e1s, las fundas de los cojines son extra\u00edbles gracias a su cierre de cremallera, lo que facilita su limpieza cuando sea necesario.<\/p>\n\n\n\n<div style=\"height:23px\" aria-hidden=\"true\" class=\"wp-block-spacer\"><\/div>\n\n\n\n<div class=\"wp-block-image\"><figure class=\"aligncenter size-full is-resized\"><a href=\"https:\/\/shopenzona.es\/sofas-2-plazas\/1079727-sofa-de-2-plazas-con-cojines-terciopelo-color-crema-140-cm-8721102602184.html\" target=\"_blank\" rel=\"noopener\"><img loading=\"lazy\" src=\"https:\/\/shopenzona.es\/blog\/wp-content\/uploads\/2025\/01\/sofa-de-2-plazas-con-cojines-terciopelo-color-crema-140-cm.jpg\" alt=\"\" class=\"wp-image-33824\" width=\"424\" height=\"424\" srcset=\"https:\/\/shopenzona.es\/blog\/wp-content\/uploads\/2025\/01\/sofa-de-2-plazas-con-cojines-terciopelo-color-crema-140-cm.jpg 600w, https:\/\/shopenzona.es\/blog\/wp-content\/uploads\/2025\/01\/sofa-de-2-plazas-con-cojines-terciopelo-color-crema-140-cm-300x300.jpg 300w, https:\/\/shopenzona.es\/blog\/wp-content\/uploads\/2025\/01\/sofa-de-2-plazas-con-cojines-terciopelo-color-crema-140-cm-150x150.jpg 150w\" sizes=\"(max-width: 424px) 100vw, 424px\" \/><\/a><\/figure><\/div>\n\n\n\n<div class=\"wp-container-3 wp-block-buttons\">\n<div class=\"wp-block-button aligncenter\"><a class=\"wp-block-button__link\" href=\"https:\/\/shopenzona.es\/sofas-2-plazas\/1079727-sofa-de-2-plazas-con-cojines-terciopelo-color-crema-140-cm-8721102602184.html\" target=\"_blank\" rel=\"noreferrer noopener\">Sof\u00e1 de 2 plazas&nbsp;crema<\/a><\/div>\n<\/div>\n\n\n\n<div style=\"height:23px\" aria-hidden=\"true\" class=\"wp-block-spacer\"><\/div>\n\n\n\n<h3>L\u00e1mpara LED de pie regulable<\/h3>\n\n\n\n<p>Con un dise\u00f1o estilizado y moderno, esta l\u00e1mpara de pie ofrece una forma sencilla y elegante de iluminar y realzar cualquier habitaci\u00f3n. Equipado con tecnolog\u00eda LED y doble regulador de intensidad, resulta muy f\u00e1cil de ajustar y es perfecto para cualquier espacio que requiera una buena iluminaci\u00f3n. Su estructura incluye una l\u00e1mpara vertical y una l\u00e1mpara de lectura, lo que permite satisfacer dos necesidades de iluminaci\u00f3n simult\u00e1neamente. Adem\u00e1s, gracias a su bajo consumo energ\u00e9tico, contribuye al ahorro en la factura de la luz. La luz blanca c\u00e1lida que emite crea un ambiente relajante y acogedor. Fabricada con materiales de alta calidad, esta l\u00e1mpara de pie LED es duradera y resistente.<\/p>\n\n\n\n<div style=\"height:23px\" aria-hidden=\"true\" class=\"wp-block-spacer\"><\/div>\n\n\n\n<div class=\"wp-block-image\"><figure class=\"aligncenter size-full is-resized\"><a href=\"https:\/\/shopenzona.es\/lamparas-de-pie\/198079-lampara-led-de-pie-regulable-23-w-8718475961734.html\" target=\"_blank\" rel=\"noopener\"><img loading=\"lazy\" src=\"https:\/\/shopenzona.es\/blog\/wp-content\/uploads\/2025\/01\/lampara-led-de-pie-regulable-23-w.jpg\" alt=\"\" class=\"wp-image-33825\" width=\"424\" height=\"424\" srcset=\"https:\/\/shopenzona.es\/blog\/wp-content\/uploads\/2025\/01\/lampara-led-de-pie-regulable-23-w.jpg 600w, https:\/\/shopenzona.es\/blog\/wp-content\/uploads\/2025\/01\/lampara-led-de-pie-regulable-23-w-300x300.jpg 300w, https:\/\/shopenzona.es\/blog\/wp-content\/uploads\/2025\/01\/lampara-led-de-pie-regulable-23-w-150x150.jpg 150w\" sizes=\"(max-width: 424px) 100vw, 424px\" \/><\/a><\/figure><\/div>\n\n\n\n<div class=\"wp-container-4 wp-block-buttons\">\n<div class=\"wp-block-button aligncenter\"><a class=\"wp-block-button__link\" href=\"https:\/\/shopenzona.es\/lamparas-de-pie\/198079-lampara-led-de-pie-regulable-23-w-8718475961734.html\" target=\"_blank\" rel=\"noreferrer noopener\">L\u00e1mpara LED de pie&nbsp;<\/a><\/div>\n<\/div>\n\n\n\n<div style=\"height:23px\" aria-hidden=\"true\" class=\"wp-block-spacer\"><\/div>\n\n\n\n<h3>Papel pintado de pared 3D beige<\/h3>\n\n\n\n<p>\u00a1Transforma tu habitaci\u00f3n con estilo gracias al papel pintado! No solo aportar\u00e1 un toque \u00fanico, sino que tambi\u00e9n cubrir\u00e1 eficazmente defectos en las paredes, como grietas, desconchones y ara\u00f1azos. Fabricado con tela no tejida, este papel pintado es transpirable, duradero y resistente al desgaste. Su textura gruesa ofrece un excelente aislamiento ac\u00fastico y t\u00e9rmico. Adem\u00e1s, puedes cortarlo f\u00e1cilmente en cualquier tama\u00f1o o forma seg\u00fan tus necesidades. Ideal para una amplia variedad de aplicaciones, este papel es perfecto para salas de estar, dormitorios, cafeter\u00edas y restaurantes. Para su colocaci\u00f3n, necesitar\u00e1s cola o pegamento para papel pintado, ya que no incluye adhesivo. Aunque no es impermeable, se puede limpiar con un pa\u00f1o h\u00famedo. Para evitar variaciones de color, se recomienda comprar suficiente cantidad en una sola compra.<\/p>\n\n\n\n<div style=\"height:23px\" aria-hidden=\"true\" class=\"wp-block-spacer\"><\/div>\n\n\n\n<div class=\"wp-block-image\"><figure class=\"aligncenter size-full is-resized\"><a href=\"https:\/\/shopenzona.es\/papel-pintado\/853493-papel-pintado-de-pared-3d-beige-liso-8720845943059.html\" target=\"_blank\" rel=\"noopener\"><img loading=\"lazy\" src=\"https:\/\/shopenzona.es\/blog\/wp-content\/uploads\/2025\/01\/papel-pintado-de-pared-3d-beige-liso.jpg\" alt=\"\" class=\"wp-image-33826\" width=\"433\" height=\"433\" srcset=\"https:\/\/shopenzona.es\/blog\/wp-content\/uploads\/2025\/01\/papel-pintado-de-pared-3d-beige-liso.jpg 600w, https:\/\/shopenzona.es\/blog\/wp-content\/uploads\/2025\/01\/papel-pintado-de-pared-3d-beige-liso-300x300.jpg 300w, https:\/\/shopenzona.es\/blog\/wp-content\/uploads\/2025\/01\/papel-pintado-de-pared-3d-beige-liso-150x150.jpg 150w\" sizes=\"(max-width: 433px) 100vw, 433px\" \/><\/a><\/figure><\/div>\n\n\n\n<div class=\"wp-container-5 wp-block-buttons\">\n<div class=\"wp-block-button aligncenter\"><a class=\"wp-block-button__link\" href=\"https:\/\/shopenzona.es\/papel-pintado\/853493-papel-pintado-de-pared-3d-beige-liso-8720845943059.html\" target=\"_blank\" rel=\"noreferrer noopener\">Papel pintado Beige<\/a><\/div>\n<\/div>\n\n\n\n<div style=\"height:23px\" aria-hidden=\"true\" class=\"wp-block-spacer\"><\/div>\n\n\n\n<h3>Espejo vidrio 70&#215;40 cm<\/h3>\n\n\n\n<p>A\u00f1ade un toque de est\u00e9tica minimalista a tu dormitorio, sal\u00f3n o vestidor con nuestro pr\u00e1ctico espejo de pared. Este espejo, fabricado en vidrio de alta calidad, es duradero y ofrece una excelente reflectividad, creando una sensaci\u00f3n de amplitud en la habitaci\u00f3n. Su dise\u00f1o limpio y sin marco lo convierte en una pieza vers\u00e1til que combina con cualquier estilo de decoraci\u00f3n, realzando la luminosidad y el espacio del entorno. Ten en cuenta que la entrega incluye solo el espejo; el marco negro no est\u00e1 incluido.<\/p>\n\n\n\n<div style=\"height:23px\" aria-hidden=\"true\" class=\"wp-block-spacer\"><\/div>\n\n\n\n<div class=\"wp-block-image\"><figure class=\"aligncenter size-full is-resized\"><a href=\"https:\/\/shopenzona.es\/espejos\/853389-espejo-70x40-cm-vidrio-8720286320563.html\" target=\"_blank\" rel=\"noopener\"><img loading=\"lazy\" src=\"https:\/\/shopenzona.es\/blog\/wp-content\/uploads\/2025\/01\/espejo-70x40-cm-vidrio.jpg\" alt=\"\" class=\"wp-image-33827\" width=\"442\" height=\"442\" srcset=\"https:\/\/shopenzona.es\/blog\/wp-content\/uploads\/2025\/01\/espejo-70x40-cm-vidrio.jpg 600w, https:\/\/shopenzona.es\/blog\/wp-content\/uploads\/2025\/01\/espejo-70x40-cm-vidrio-300x300.jpg 300w, https:\/\/shopenzona.es\/blog\/wp-content\/uploads\/2025\/01\/espejo-70x40-cm-vidrio-150x150.jpg 150w\" sizes=\"(max-width: 442px) 100vw, 442px\" \/><\/a><\/figure><\/div>\n\n\n\n<div class=\"wp-container-6 wp-block-buttons\">\n<div class=\"wp-block-button aligncenter\"><a class=\"wp-block-button__link\" href=\"https:\/\/shopenzona.es\/espejos\/853389-espejo-70x40-cm-vidrio-8720286320563.html\" target=\"_blank\" rel=\"noreferrer noopener\">Espejo 70&#215;40 cm<\/a><\/div>\n<\/div>\n\n\n\n<div style=\"height:23px\" aria-hidden=\"true\" class=\"wp-block-spacer\"><\/div>\n\n\n\n<h2>Iluminaci\u00f3n para salones peque\u00f1os: c\u00f3mo usarla estrat\u00e9gicamente<\/h2>\n\n\n\n<div style=\"height:10px\" aria-hidden=\"true\" class=\"wp-block-spacer\"><\/div>\n\n\n\n<h3><strong>Luz natural: tu mejor aliada<\/strong><\/h3>\n\n\n\n<p>Maximizar la entrada de luz natural en un <a href=\"https:\/\/shopenzona.es\/4625-salon-y-comedor\" target=\"_blank\" rel=\"noreferrer noopener\">sal\u00f3n<\/a> peque\u00f1o puede hacer que el espacio se vea m\u00e1s amplio y luminoso. Opta por cortinas ligeras o estores transl\u00facidos para permitir que la luz fluya sin obstrucciones. Adem\u00e1s, colocar espejos estrat\u00e9gicamente, especialmente cerca de ventanas, ayudar\u00e1 a reflejar la luz y distribuirla por todo el sal\u00f3n, aumentando la sensaci\u00f3n de amplitud y creando un ambiente m\u00e1s fresco y acogedor.<\/p>\n\n\n\n<div style=\"height:23px\" aria-hidden=\"true\" class=\"wp-block-spacer\"><\/div>\n\n\n\n<h3>Iluminaci\u00f3n artificial: capas para crear ambiente<\/h3>\n\n\n\n<p>Para crear un ambiente acogedor y funcional, es fundamental usar diferentes tipos de iluminaci\u00f3n en capas. Comienza con una l\u00e1mpara de techo que proporcione una luz general, luego incorpora apliques de pared o luces de lectura cerca de los asientos para focalizar la luz en zonas espec\u00edficas. Las l\u00e1mparas de pie tambi\u00e9n son una excelente opci\u00f3n para a\u00f1adir un toque adicional de calidez. Este enfoque te permitir\u00e1 ajustar la intensidad de la luz seg\u00fan la ocasi\u00f3n, desde una iluminaci\u00f3n brillante hasta una m\u00e1s suave para la relajaci\u00f3n.<\/p>\n\n\n\n<div style=\"height:23px\" aria-hidden=\"true\" class=\"wp-block-spacer\"><\/div>\n\n\n\n<h3>Luces LED: econ\u00f3micas y vers\u00e1tiles<\/h3>\n\n\n\n<p>Las luces LED son una opci\u00f3n ideal para salones peque\u00f1os, ya que ofrecen eficiencia energ\u00e9tica y versatilidad. Su bajo consumo contribuye al ahorro en la factura de electricidad, y su variedad de estilos permite adaptarlas a cualquier decoraci\u00f3n. Desde bombillas LED para l\u00e1mparas de mesa hasta tiras LED para resaltar ciertos elementos del sal\u00f3n, estas luces ofrecen tanto funcionalidad como est\u00e9tica, mejorando la luminosidad y el ambiente sin comprometer el espacio.<\/p>\n\n\n\n<div style=\"height:23px\" aria-hidden=\"true\" class=\"wp-block-spacer\"><\/div>\n\n\n\n<h2>Ideas pr\u00e1cticas para decorar salones peque\u00f1os<\/h2>\n\n\n\n<div style=\"height:10px\" aria-hidden=\"true\" class=\"wp-block-spacer\"><\/div>\n\n\n\n<h3>Uso de alfombras para delimitar espacios<\/h3>\n\n\n\n<p>En salones peque\u00f1os, una alfombra bien seleccionada puede ser clave para crear zonas definidas sin perder la sensaci\u00f3n de amplitud. Al colocar una alfombra debajo de los muebles del sal\u00f3n, puedes delimitar el \u00e1rea de descanso o entretenimiento. Las alfombras tambi\u00e9n ayudan a a\u00f1adir textura y color, mejorando la est\u00e9tica del espacio. Elige alfombras de tama\u00f1os adecuados para no sobrecargar el ambiente y aseg\u00farate de que el dise\u00f1o complementa los colores y estilo de la habitaci\u00f3n.<\/p>\n\n\n\n<div style=\"height:23px\" aria-hidden=\"true\" class=\"wp-block-spacer\"><\/div>\n\n\n\n<h3>Decoraci\u00f3n vertical para optimizar el espacio<\/h3>\n\n\n\n<p>Aprovechar el espacio vertical es una excelente estrategia para mantener el suelo despejado y optimizar el uso de un sal\u00f3n peque\u00f1o. Instalar estanter\u00edas en las paredes no solo proporciona almacenamiento adicional, sino que tambi\u00e9n permite exhibir elementos decorativos. Los cuadros, estantes flotantes y plantas colgantes son perfectos para a\u00f1adir inter\u00e9s visual sin ocupar espacio en el suelo. Con estas soluciones, puedes mantener el \u00e1rea m\u00e1s organizada y visualmente amplia.<\/p>\n\n\n\n<div style=\"height:23px\" aria-hidden=\"true\" class=\"wp-block-spacer\"><\/div>\n\n\n\n<h3>Espacios integrados: sal\u00f3n y comedor en uno<\/h3>\n\n\n\n<p>Cuando el espacio es limitado, integrar el <a href=\"https:\/\/shopenzona.es\/4625-salon-y-comedor\" target=\"_blank\" rel=\"noreferrer noopener\">sal\u00f3n y el comedor<\/a> en una sola zona compacta puede ser una opci\u00f3n funcional y estilosa. Utiliza muebles modulares que puedan adaptarse a diferentes necesidades, como sof\u00e1s con almacenaje o mesas extensibles. Organiza las \u00e1reas de forma que se mantengan definidas, pero sin barreras f\u00edsicas, para fomentar la fluidez entre las dos funciones. Los muebles multifuncionales y un dise\u00f1o minimalista ayudar\u00e1n a mantener el equilibrio entre comodidad y organizaci\u00f3n en este tipo de espacios integrados.<\/p>\n\n\n\n<div style=\"height:23px\" aria-hidden=\"true\" class=\"wp-block-spacer\"><\/div>\n\n\n\n<h2>Consejos finales para transformar salones peque\u00f1os<\/h2>\n\n\n\n<p>Para transformar tu sal\u00f3n peque\u00f1o en un espacio funcional y acogedor, es clave mantenerlo organizado. Utiliza muebles con almacenamiento oculto para reducir el desorden y evita la acumulaci\u00f3n de objetos innecesarios. Elige piezas que no sobrecarguen el espacio, optando por muebles compactos y vers\u00e1tiles. La clave est\u00e1 en combinar est\u00e9tica y funcionalidad, priorizando colores claros, una buena iluminaci\u00f3n y un mobiliario que aporte tanto estilo como practicidad. No olvides que un sal\u00f3n peque\u00f1o puede ser tanto c\u00f3modo como atractivo si se gestionan bien los detalles.<\/p>\n\n\n\n<p>Si est\u00e1s buscando m\u00e1s ideas para decorar tu sal\u00f3n, en <a href=\"https:\/\/shopenzona.es\/\" target=\"_blank\" rel=\"noreferrer noopener\">Allzone<\/a> encontrar\u00e1s todo lo que necesitas para hacer de <a href=\"https:\/\/shopenzona.es\/1753-hogar-y-decoracion\" target=\"_blank\" rel=\"noreferrer noopener\">tu hogar<\/a> un lugar \u00fanico. <\/p>\n","protected":false},"excerpt":{"rendered":"<p>Decorar salones peque\u00f1os puede ser un reto, pero una planificaci\u00f3n adecuada de los colores y la iluminaci\u00f3n puede hacer maravillas. Los tonos claros como blancos, grises y pasteles ampl\u00edan visualmente el espacio, mientras que los colores oscuros pueden crear un ambiente m\u00e1s \u00edntimo y acogedor. La iluminaci\u00f3n juega un papel esencial, ya que una luz&hellip;<\/p>\n","protected":false},"author":1,"featured_media":33828,"comment_status":"closed","ping_status":"closed","sticky":false,"template":"","format":"standard","meta":[],"categories":[23],"tags":[],"yoast_head":"<!-- This site is optimized with the Yoast SEO plugin v19.13 - https:\/\/yoast.com\/wordpress\/plugins\/seo\/ -->\n<title>C\u00f3mo Decorar Salones Peque\u00f1os: Claves y Consejos<\/title>\n<meta name=\"description\" content=\"Descubre c\u00f3mo decorar salones peque\u00f1os con estilo y funcionalidad. Ideas pr\u00e1cticas y consejos para aprovechar al m\u00e1ximo cada rinc\u00f3n de tu espacio.\" \/>\n<meta name=\"robots\" content=\"index, follow, max-snippet:-1, max-image-preview:large, max-video-preview:-1\" \/>\n<link rel=\"canonical\" href=\"https:\/\/shopenzona.es\/blog\/como-decorar-salones-pequenos\/\" \/>\n<meta property=\"og:locale\" content=\"es_ES\" \/>\n<meta property=\"og:type\" content=\"article\" \/>\n<meta property=\"og:title\" content=\"C\u00f3mo Decorar Salones Peque\u00f1os: Claves y Consejos\" \/>\n<meta property=\"og:description\" content=\"Descubre c\u00f3mo decorar salones peque\u00f1os con estilo y funcionalidad. Ideas pr\u00e1cticas y consejos para aprovechar al m\u00e1ximo cada rinc\u00f3n de tu espacio.\" \/>\n<meta property=\"og:url\" content=\"https:\/\/shopenzona.es\/blog\/como-decorar-salones-pequenos\/\" \/>\n<meta property=\"og:site_name\" content=\"Allzone\" \/>\n<meta property=\"article:published_time\" content=\"2025-01-21T08:28:31+00:00\" \/>\n<meta property=\"article:modified_time\" content=\"2025-01-21T08:28:32+00:00\" \/>\n<meta property=\"og:image\" content=\"https:\/\/shopenzona.es\/blog\/wp-content\/uploads\/2025\/01\/Portadas-blogs-corporativo-83.jpg\" \/>\n\t<meta property=\"og:image:width\" content=\"825\" \/>\n\t<meta property=\"og:image:height\" content=\"450\" \/>\n\t<meta property=\"og:image:type\" content=\"image\/jpeg\" \/>\n<meta name=\"author\" content=\"admin\" \/>\n<meta name=\"twitter:card\" content=\"summary_large_image\" \/>\n<meta name=\"twitter:label1\" content=\"Escrito por\" \/>\n\t<meta name=\"twitter:data1\" content=\"admin\" \/>\n\t<meta name=\"twitter:label2\" content=\"Tiempo de lectura\" \/>\n\t<meta name=\"twitter:data2\" content=\"9 minutos\" \/>\n<script type=\"application\/ld+json\" class=\"yoast-schema-graph\">{\"@context\":\"https:\/\/schema.org\",\"@graph\":[{\"@type\":\"WebPage\",\"@id\":\"https:\/\/shopenzona.es\/blog\/como-decorar-salones-pequenos\/\",\"url\":\"https:\/\/shopenzona.es\/blog\/como-decorar-salones-pequenos\/\",\"name\":\"C\u00f3mo Decorar Salones Peque\u00f1os: Claves y Consejos\",\"isPartOf\":{\"@id\":\"https:\/\/shopenzona.es\/blog\/#website\"},\"datePublished\":\"2025-01-21T08:28:31+00:00\",\"dateModified\":\"2025-01-21T08:28:32+00:00\",\"author\":{\"@id\":\"https:\/\/shopenzona.es\/blog\/#\/schema\/person\/eedabeb0482bc0dd5720681ddbcda844\"},\"description\":\"Descubre c\u00f3mo decorar salones peque\u00f1os con estilo y funcionalidad. Ideas pr\u00e1cticas y consejos para aprovechar al m\u00e1ximo cada rinc\u00f3n de tu espacio.\",\"breadcrumb\":{\"@id\":\"https:\/\/shopenzona.es\/blog\/como-decorar-salones-pequenos\/#breadcrumb\"},\"inLanguage\":\"es\",\"potentialAction\":[{\"@type\":\"ReadAction\",\"target\":[\"https:\/\/shopenzona.es\/blog\/como-decorar-salones-pequenos\/\"]}]},{\"@type\":\"BreadcrumbList\",\"@id\":\"https:\/\/shopenzona.es\/blog\/como-decorar-salones-pequenos\/#breadcrumb\",\"itemListElement\":[{\"@type\":\"ListItem\",\"position\":1,\"name\":\"Portada\",\"item\":\"https:\/\/shopenzona.es\/blog\/\"},{\"@type\":\"ListItem\",\"position\":2,\"name\":\"C\u00f3mo decorar salones peque\u00f1os con colores e iluminaci\u00f3n\"}]},{\"@type\":\"WebSite\",\"@id\":\"https:\/\/shopenzona.es\/blog\/#website\",\"url\":\"https:\/\/shopenzona.es\/blog\/\",\"name\":\"Allzone\",\"description\":\"Blog de Allzone\",\"potentialAction\":[{\"@type\":\"SearchAction\",\"target\":{\"@type\":\"EntryPoint\",\"urlTemplate\":\"https:\/\/shopenzona.es\/blog\/?s={search_term_string}\"},\"query-input\":\"required name=search_term_string\"}],\"inLanguage\":\"es\"},{\"@type\":\"Person\",\"@id\":\"https:\/\/shopenzona.es\/blog\/#\/schema\/person\/eedabeb0482bc0dd5720681ddbcda844\",\"name\":\"admin\",\"image\":{\"@type\":\"ImageObject\",\"inLanguage\":\"es\",\"@id\":\"https:\/\/shopenzona.es\/blog\/#\/schema\/person\/image\/\",\"url\":\"https:\/\/secure.gravatar.com\/avatar\/561714c52e30f2a7a8e924873d2dc849?s=96&d=mm&r=g\",\"contentUrl\":\"https:\/\/secure.gravatar.com\/avatar\/561714c52e30f2a7a8e924873d2dc849?s=96&d=mm&r=g\",\"caption\":\"admin\"}}]}<\/script>\n<!-- \/ Yoast SEO plugin. -->","yoast_head_json":{"title":"C\u00f3mo Decorar Salones Peque\u00f1os: Claves y Consejos","description":"Descubre c\u00f3mo decorar salones peque\u00f1os con estilo y funcionalidad. Ideas pr\u00e1cticas y consejos para aprovechar al m\u00e1ximo cada rinc\u00f3n de tu espacio.","robots":{"index":"index","follow":"follow","max-snippet":"max-snippet:-1","max-image-preview":"max-image-preview:large","max-video-preview":"max-video-preview:-1"},"canonical":"https:\/\/shopenzona.es\/blog\/como-decorar-salones-pequenos\/","og_locale":"es_ES","og_type":"article","og_title":"C\u00f3mo Decorar Salones Peque\u00f1os: Claves y Consejos","og_description":"Descubre c\u00f3mo decorar salones peque\u00f1os con estilo y funcionalidad. Ideas pr\u00e1cticas y consejos para aprovechar al m\u00e1ximo cada rinc\u00f3n de tu espacio.","og_url":"https:\/\/shopenzona.es\/blog\/como-decorar-salones-pequenos\/","og_site_name":"Allzone","article_published_time":"2025-01-21T08:28:31+00:00","article_modified_time":"2025-01-21T08:28:32+00:00","og_image":[{"width":825,"height":450,"url":"https:\/\/shopenzona.es\/blog\/wp-content\/uploads\/2025\/01\/Portadas-blogs-corporativo-83.jpg","type":"image\/jpeg"}],"author":"admin","twitter_card":"summary_large_image","twitter_misc":{"Escrito por":"admin","Tiempo de lectura":"9 minutos"},"schema":{"@context":"https:\/\/schema.org","@graph":[{"@type":"WebPage","@id":"https:\/\/shopenzona.es\/blog\/como-decorar-salones-pequenos\/","url":"https:\/\/shopenzona.es\/blog\/como-decorar-salones-pequenos\/","name":"C\u00f3mo Decorar Salones Peque\u00f1os: Claves y Consejos","isPartOf":{"@id":"https:\/\/shopenzona.es\/blog\/#website"},"datePublished":"2025-01-21T08:28:31+00:00","dateModified":"2025-01-21T08:28:32+00:00","author":{"@id":"https:\/\/shopenzona.es\/blog\/#\/schema\/person\/eedabeb0482bc0dd5720681ddbcda844"},"description":"Descubre c\u00f3mo decorar salones peque\u00f1os con estilo y funcionalidad. Ideas pr\u00e1cticas y consejos para aprovechar al m\u00e1ximo cada rinc\u00f3n de tu espacio.","breadcrumb":{"@id":"https:\/\/shopenzona.es\/blog\/como-decorar-salones-pequenos\/#breadcrumb"},"inLanguage":"es","potentialAction":[{"@type":"ReadAction","target":["https:\/\/shopenzona.es\/blog\/como-decorar-salones-pequenos\/"]}]},{"@type":"BreadcrumbList","@id":"https:\/\/shopenzona.es\/blog\/como-decorar-salones-pequenos\/#breadcrumb","itemListElement":[{"@type":"ListItem","position":1,"name":"Portada","item":"https:\/\/shopenzona.es\/blog\/"},{"@type":"ListItem","position":2,"name":"C\u00f3mo decorar salones peque\u00f1os con colores e iluminaci\u00f3n"}]},{"@type":"WebSite","@id":"https:\/\/shopenzona.es\/blog\/#website","url":"https:\/\/shopenzona.es\/blog\/","name":"Allzone","description":"Blog de Allzone","potentialAction":[{"@type":"SearchAction","target":{"@type":"EntryPoint","urlTemplate":"https:\/\/shopenzona.es\/blog\/?s={search_term_string}"},"query-input":"required name=search_term_string"}],"inLanguage":"es"},{"@type":"Person","@id":"https:\/\/shopenzona.es\/blog\/#\/schema\/person\/eedabeb0482bc0dd5720681ddbcda844","name":"admin","image":{"@type":"ImageObject","inLanguage":"es","@id":"https:\/\/shopenzona.es\/blog\/#\/schema\/person\/image\/","url":"https:\/\/secure.gravatar.com\/avatar\/561714c52e30f2a7a8e924873d2dc849?s=96&d=mm&r=g","contentUrl":"https:\/\/secure.gravatar.com\/avatar\/561714c52e30f2a7a8e924873d2dc849?s=96&d=mm&r=g","caption":"admin"}}]}},"_links":{"self":[{"href":"https:\/\/shopenzona.es\/blog\/wp-json\/wp\/v2\/posts\/33821"}],"collection":[{"href":"https:\/\/shopenzona.es\/blog\/wp-json\/wp\/v2\/posts"}],"about":[{"href":"https:\/\/shopenzona.es\/blog\/wp-json\/wp\/v2\/types\/post"}],"author":[{"embeddable":true,"href":"https:\/\/shopenzona.es\/blog\/wp-json\/wp\/v2\/users\/1"}],"replies":[{"embeddable":true,"href":"https:\/\/shopenzona.es\/blog\/wp-json\/wp\/v2\/comments?post=33821"}],"version-history":[{"count":2,"href":"https:\/\/shopenzona.es\/blog\/wp-json\/wp\/v2\/posts\/33821\/revisions"}],"predecessor-version":[{"id":33832,"href":"https:\/\/shopenzona.es\/blog\/wp-json\/wp\/v2\/posts\/33821\/revisions\/33832"}],"wp:featuredmedia":[{"embeddable":true,"href":"https:\/\/shopenzona.es\/blog\/wp-json\/wp\/v2\/media\/33828"}],"wp:attachment":[{"href":"https:\/\/shopenzona.es\/blog\/wp-json\/wp\/v2\/media?parent=33821"}],"wp:term":[{"taxonomy":"category","embeddable":true,"href":"https:\/\/shopenzona.es\/blog\/wp-json\/wp\/v2\/categories?post=33821"},{"taxonomy":"post_tag","embeddable":true,"href":"https:\/\/shopenzona.es\/blog\/wp-json\/wp\/v2\/tags?post=33821"}],"curies":[{"name":"wp","href":"https:\/\/api.w.org\/{rel}","templated":true}]}}