{"id":7213,"date":"2021-11-05T15:59:08","date_gmt":"2021-11-05T14:59:08","guid":{"rendered":"https:\/\/allzone.es\/blog\/?p=7213"},"modified":"2023-02-15T17:38:07","modified_gmt":"2023-02-15T16:38:07","slug":"como-formatear-un-mac-o-macbook-guia-paso-a-paso","status":"publish","type":"post","link":"https:\/\/shopenzona.es\/blog\/como-formatear-un-mac-o-macbook-guia-paso-a-paso\/","title":{"rendered":"\u00bfC\u00f3mo formatear un Mac o Macbook? Gu\u00eda paso a paso"},"content":{"rendered":"\n<p>Si has utilizado un ordenador de Apple desde hace varios a\u00f1os es probable que hayas notado un descenso en el rendimiento y velocidad del ordenador. Por lo que formatearlo y restaurar sus valores de f\u00e1brica puede serte de utilidad y que te dure un tiempo m\u00e1s. En este art\u00edculo te indicamos los pasos que debes seguir para formatear un Mac y no morir en el intento<\/p>\n\n\n\n<p>Por otro lado, si est\u00e1s pensando en venderlo o regal\u00e1rselo a alguien, es importante que lo formatees para eliminar toda tu informaci\u00f3n del disco duro y el Mac o <a href=\"https:\/\/shopenzona.es\/665-portatiles-macbook\">Macbook <\/a>est\u00e9 listo para su nuevo propietario.<\/p>\n\n\n\n<p>Contin\u00faa leyendo este art\u00edculo si est\u00e1s interesado en devolver a tu ordenador de Apple sus valores predeterminados.<\/p>\n\n\n\n<h2>\u00bfPor d\u00f3nde empiezo el formateo de un ordenador de Apple?<\/h2>\n\n\n\n<p>Debes tener en cuenta que cuando realices este proceso se borrar\u00e1n todas tus fotos, v\u00eddeos, archivos y aplicaciones. As\u00ed que si no quieres perder nada tendr\u00e1s que hacer un respaldo de tus archivos.<\/p>\n\n\n\n<p>Tienes lo opci\u00f3n de hacerlo con <strong>Time Machine<\/strong> conectando un dispositivo de almacenamiento externo o tambi\u00e9n puedes usar <strong>iCloud y iCloud drive<\/strong> para hacer copia de seguridad de todo lo que te interesa conservar.<\/p>\n\n\n\n<div class=\"wp-block-columns\">\n<div class=\"wp-block-column\"><\/div>\n\n\n\n<div class=\"wp-block-column\">\n<figure class=\"wp-block-image size-full\"><a href=\"https:\/\/shopenzona.es\/portatiles-macbook\/506162-macbook-apple-macbook-pro-133-2022-m2-8gb-ram-512gb-gris-mnej3y-a-0194253138518.html\"><img loading=\"lazy\" width=\"600\" height=\"391\" src=\"https:\/\/shopenzona.es\/blog\/wp-content\/uploads\/2023\/02\/macbook-apple-macbook-pro-133-2022-m2-8gb-ram-512gb-gris-mnej3y-a.jpg\" alt=\"\" class=\"wp-image-15493\" srcset=\"https:\/\/shopenzona.es\/blog\/wp-content\/uploads\/2023\/02\/macbook-apple-macbook-pro-133-2022-m2-8gb-ram-512gb-gris-mnej3y-a.jpg 600w, https:\/\/shopenzona.es\/blog\/wp-content\/uploads\/2023\/02\/macbook-apple-macbook-pro-133-2022-m2-8gb-ram-512gb-gris-mnej3y-a-300x196.jpg 300w\" sizes=\"(max-width: 600px) 100vw, 600px\" \/><\/a><\/figure>\n<\/div>\n\n\n\n<div class=\"wp-block-column\"><\/div>\n<\/div>\n\n\n\n<div class=\"wp-block-columns\">\n<div class=\"wp-block-column\"><\/div>\n\n\n\n<div class=\"wp-block-column\">\n<div class=\"wp-container-1 wp-block-buttons\">\n<div class=\"wp-block-button aligncenter\"><a class=\"wp-block-button__link\" href=\"https:\/\/shopenzona.es\/portatiles-macbook\/506162-macbook-apple-macbook-pro-133-2022-m2-8gb-ram-512gb-gris-mnej3y-a-0194253138518.html\" target=\"_blank\" rel=\"noreferrer noopener\">APPLE MACBOOK PRO 13.3&#8243; 2022 M2 8GB RAM 512GB GRIS<\/a><\/div>\n<\/div>\n<\/div>\n\n\n\n<div class=\"wp-block-column\"><\/div>\n<\/div>\n\n\n\n<h2>Necesitar\u00e1s instalar la nueva versi\u00f3n de macOS<\/h2>\n\n\n\n<p>Que no se te olvide que despu\u00e9s de la limpieza de archivos y GBs tendr\u00e1s que instalar la \u00faltima versi\u00f3n del sistema operativo, para que puedas dejar el ordenador preparado para su nuevo due\u00f1o o para que puedas volver a trabajar con normalidad.<\/p>\n\n\n\n<h2>Pasos a seguir para limpiar tu Mac<\/h2>\n\n\n\n<p>El proceso para formatear un Mac cambia ligeramente en uno de los pasos entre ordenador impulsados por procesadores Intel y el procesador de Apple M1.<\/p>\n\n\n\n<ol type=\"1\"><li>Apaga el ordenador y ench\u00fafalo a la corriente.<\/li><li><strong>Si tu procesador es Intel<\/strong>, enci\u00e9ndelo y al momento deja pulsadas las teclas <strong>Command + R<\/strong> hasta que aparezca el logo de la manzana. Por otro lado, si tu ordenador cuenta con <strong>Chip M1 <\/strong>deber\u00e1s mantener pulsada la tecla de encendido hasta que veas un icono de engranajes y haz clic sobre \u00e9l y continua.<\/li><li>Introduce la contrase\u00f1a, en caso de que te la pida, y <strong>con\u00e9ctate a Internet<\/strong>, por cable o Wi-Fi.<\/li><li>Entra en la opci\u00f3n <strong>Utilidad de discos<\/strong>, haz clic en la barra lateral <strong>Macintosh HD<\/strong> y selecciona la opci\u00f3n<strong> Borrar<\/strong> de la barra de herramientas. Como \u201c<strong>nombre<\/strong>\u201d escribe \u201c<strong>Macintosh HD<\/strong>\u201d, en <strong>formato <\/strong>pon <strong>APFS o o macOS Plus,<\/strong> depende del modelo de <a href=\"https:\/\/shopenzona.es\/1259-imac\">Mac<\/a>.<\/li><li>Clica en \u201c<strong>Borrar grupo de vol\u00famenes<\/strong>\u201d o \u201cBorrar\u201d, si no te aparece la primera opci\u00f3n.<\/li><li>Pulsa <strong>reinstalar macOS<\/strong> en el men\u00fa principal, sigue las instrucciones y en unos <strong>20 minutos <\/strong>se habr\u00e1 completado el proceso.<\/li><\/ol>\n\n\n\n<div class=\"wp-block-columns\">\n<div class=\"wp-block-column\"><\/div>\n\n\n\n<div class=\"wp-block-column\">\n<figure class=\"wp-block-image size-full\"><a href=\"https:\/\/shopenzona.es\/portatiles-macbook\/519381-portatil-apple-macbook-pro-16--2021-spgray-m1-pro-8437014328912.html\"><img loading=\"lazy\" width=\"600\" height=\"427\" src=\"https:\/\/shopenzona.es\/blog\/wp-content\/uploads\/2023\/02\/portatil-apple-macbook-pro-16-2021-spgray-m1-pro.jpg\" alt=\"\" class=\"wp-image-15494\" srcset=\"https:\/\/shopenzona.es\/blog\/wp-content\/uploads\/2023\/02\/portatil-apple-macbook-pro-16-2021-spgray-m1-pro.jpg 600w, https:\/\/shopenzona.es\/blog\/wp-content\/uploads\/2023\/02\/portatil-apple-macbook-pro-16-2021-spgray-m1-pro-300x214.jpg 300w\" sizes=\"(max-width: 600px) 100vw, 600px\" \/><\/a><\/figure>\n<\/div>\n\n\n\n<div class=\"wp-block-column\"><\/div>\n<\/div>\n\n\n\n<div class=\"wp-block-columns\">\n<div class=\"wp-block-column\"><\/div>\n\n\n\n<div class=\"wp-block-column\">\n<div class=\"wp-container-2 wp-block-buttons\">\n<div class=\"wp-block-button aligncenter\"><a class=\"wp-block-button__link\" href=\"https:\/\/shopenzona.es\/portatiles-macbook\/519381-portatil-apple-macbook-pro-16--2021-spgray-m1-pro-8437014328912.html\" target=\"_blank\" rel=\"noreferrer noopener\">APPLE MACBOOK PRO 16.2&#8243; 2021 M1 PRO MBA 64GB RAM 2TB GRIS<\/a><\/div>\n<\/div>\n<\/div>\n\n\n\n<div class=\"wp-block-column\"><\/div>\n<\/div>\n\n\n\n<h2>\u00bfSab\u00edas que existe una opci\u00f3n de formateo sin perder informaci\u00f3n?<\/h2>\n\n\n\n<p>Si los problemas de velocidad y rendimiento son leves, igual esta opci\u00f3n puede solucionarte todo en vez de borrar por completo el disco duro. Estos son los pasos a seguir:<\/p>\n\n\n\n<ol type=\"1\"><li>Apaga el ordenador y ench\u00fafalo a la corriente.<\/li><li>Si tu procesador es <strong>Intel<\/strong>, enci\u00e9ndelo y al momento deja pulsadas las teclas <strong>Command + R<\/strong> hasta que aparezca el logo de la manzana. Por otro lado, si tu ordenador cuenta con <strong>Chip M1<\/strong> deber\u00e1s <strong>mantener pulsada la tecla de encendido <\/strong>hasta que veas un icono de engranajes y haz clic sobre \u00e9l y continua.<\/li><li>Introduce la contrase\u00f1a, en caso de que te la pida, y con\u00e9ctate a Internet, por cable o Wi-Fi.<\/li><li>Una vez que se carga el men\u00fa de opciones, selecciona directamente la opci\u00f3n de <strong>Reinstalar macOS<\/strong> y seguir las instrucciones. En 20 minutos tu Mac estar\u00e1 formateado con todos tus datos intactos.<\/li><\/ol>\n\n\n\n<p>Si tu ordenador va a tener un nuevo propietario te recomendamos al 100% que formatees el Mac borrando toda tu informaci\u00f3n para evitar robos de datos o suplantaci\u00f3n de identidad. En cambio, si lo que quieres es solucionar peque\u00f1as incidencias te sugerimos la segunda opci\u00f3n.<\/p>\n\n\n\n<div class=\"wp-block-columns\">\n<div class=\"wp-block-column\">\n<figure class=\"wp-block-image size-full\"><a href=\"https:\/\/shopenzona.es\/portatiles-macbook\/506161-macbook-apple-macbook-air-136-2022-m2-8gb-ram-256gb-gris-mlxw3y-a-0194253080596.html\"><img loading=\"lazy\" width=\"600\" height=\"438\" src=\"https:\/\/shopenzona.es\/blog\/wp-content\/uploads\/2023\/02\/macbook-apple-macbook-air-136-2022-m2-8gb-ram-256gb-gris-mlxw3y-a-3.jpg\" alt=\"\" class=\"wp-image-15495\" srcset=\"https:\/\/shopenzona.es\/blog\/wp-content\/uploads\/2023\/02\/macbook-apple-macbook-air-136-2022-m2-8gb-ram-256gb-gris-mlxw3y-a-3.jpg 600w, https:\/\/shopenzona.es\/blog\/wp-content\/uploads\/2023\/02\/macbook-apple-macbook-air-136-2022-m2-8gb-ram-256gb-gris-mlxw3y-a-3-300x219.jpg 300w\" sizes=\"(max-width: 600px) 100vw, 600px\" \/><\/a><\/figure>\n<\/div>\n\n\n\n<div class=\"wp-block-column\"><\/div>\n\n\n\n<div class=\"wp-block-column\">\n<figure class=\"wp-block-image size-full\"><a href=\"https:\/\/shopenzona.es\/portatiles-macbook\/519379-macbook-apple-macbook-air-136-mba-2022-m2-16gb-ram-256gb-negro-medianoche-mly33y-a-gb-8437014328820.html\"><img loading=\"lazy\" width=\"600\" height=\"413\" src=\"https:\/\/shopenzona.es\/blog\/wp-content\/uploads\/2023\/02\/macbook-apple-macbook-air-136-mba-2022-m2-16gb-ram-256gb-negro-medianoche-mly33y-a-gb.jpg\" alt=\"\" class=\"wp-image-15496\" srcset=\"https:\/\/shopenzona.es\/blog\/wp-content\/uploads\/2023\/02\/macbook-apple-macbook-air-136-mba-2022-m2-16gb-ram-256gb-negro-medianoche-mly33y-a-gb.jpg 600w, https:\/\/shopenzona.es\/blog\/wp-content\/uploads\/2023\/02\/macbook-apple-macbook-air-136-mba-2022-m2-16gb-ram-256gb-negro-medianoche-mly33y-a-gb-300x207.jpg 300w\" sizes=\"(max-width: 600px) 100vw, 600px\" \/><\/a><\/figure>\n<\/div>\n<\/div>\n\n\n\n<div class=\"wp-block-columns\">\n<div class=\"wp-block-column\">\n<div class=\"wp-container-3 wp-block-buttons\">\n<div class=\"wp-block-button aligncenter\"><a class=\"wp-block-button__link\" href=\"https:\/\/shopenzona.es\/portatiles-macbook\/506161-macbook-apple-macbook-air-136-2022-m2-8gb-ram-256gb-gris-mlxw3y-a-0194253080596.html\" target=\"_blank\" rel=\"noreferrer noopener\">APPLE MACBOOK AIR 13.6&#8243; 2022 M2 8GB RAM 256GB GRIS<\/a><\/div>\n<\/div>\n<\/div>\n\n\n\n<div class=\"wp-block-column\"><\/div>\n\n\n\n<div class=\"wp-block-column\">\n<div class=\"wp-container-4 wp-block-buttons\">\n<div class=\"wp-block-button aligncenter\"><a class=\"wp-block-button__link\" href=\"https:\/\/shopenzona.es\/portatiles-macbook\/519379-macbook-apple-macbook-air-136-mba-2022-m2-16gb-ram-256gb-negro-medianoche-mly33y-a-gb-8437014328820.html\" target=\"_blank\" rel=\"noreferrer noopener\">APPLE MACBOOK AIR 13.6&#8243; MBA 2022 M2 16GB RAM 256GB NEGRO MEDIANOCHE<\/a><\/div>\n<\/div>\n<\/div>\n<\/div>\n\n\n\n<script async=\"\" src=\"https:\/\/pagead2.googlesyndication.com\/pagead\/js\/adsbygoogle.js\"><\/script>\n<ins class=\"adsbygoogle\" style=\"display:block; text-align:center;\" data-ad-layout=\"in-article\" data-ad-format=\"fluid\" data-ad-client=\"ca-pub-9955874660568760\" data-ad-slot=\"3534638871\"><\/ins>\n<script>\n     (adsbygoogle = window.adsbygoogle || []).push({});\n<\/script>\n","protected":false},"excerpt":{"rendered":"<p>Si has utilizado un ordenador de Apple desde hace varios a\u00f1os es probable que hayas notado un descenso en el rendimiento y velocidad del ordenador. Por lo que formatearlo y restaurar sus valores de f\u00e1brica puede serte de utilidad y que te dure un tiempo m\u00e1s. En este art\u00edculo te indicamos los pasos que debes&hellip;<\/p>\n","protected":false},"author":1,"featured_media":7216,"comment_status":"closed","ping_status":"closed","sticky":false,"template":"","format":"standard","meta":[],"categories":[21],"tags":[],"yoast_head":"<!-- This site is optimized with the Yoast SEO plugin v19.13 - https:\/\/yoast.com\/wordpress\/plugins\/seo\/ -->\n<title>\u00bfC\u00f3mo formatear un Mac o Macbook? Gu\u00eda paso a paso<\/title>\n<meta name=\"description\" content=\"\u00bfNecesitas formatear un Mac y no sabes c\u00f3mo? Sigue estos sencillos pasos y recupera el rendimiento \u00f3ptimo de tu ordenador de Apple\" \/>\n<meta name=\"robots\" content=\"index, follow, max-snippet:-1, max-image-preview:large, max-video-preview:-1\" \/>\n<link rel=\"canonical\" href=\"https:\/\/shopenzona.es\/blog\/como-formatear-un-mac-o-macbook-guia-paso-a-paso\/\" \/>\n<meta property=\"og:locale\" content=\"es_ES\" \/>\n<meta property=\"og:type\" content=\"article\" \/>\n<meta property=\"og:title\" content=\"\u00bfC\u00f3mo formatear un Mac o Macbook? Gu\u00eda paso a paso\" \/>\n<meta property=\"og:description\" content=\"\u00bfNecesitas formatear un Mac y no sabes c\u00f3mo? Sigue estos sencillos pasos y recupera el rendimiento \u00f3ptimo de tu ordenador de Apple\" \/>\n<meta property=\"og:url\" content=\"https:\/\/shopenzona.es\/blog\/como-formatear-un-mac-o-macbook-guia-paso-a-paso\/\" \/>\n<meta property=\"og:site_name\" content=\"Allzone\" \/>\n<meta property=\"article:published_time\" content=\"2021-11-05T14:59:08+00:00\" \/>\n<meta property=\"article:modified_time\" content=\"2023-02-15T16:38:07+00:00\" \/>\n<meta property=\"og:image\" content=\"https:\/\/shopenzona.es\/blog\/wp-content\/uploads\/2021\/11\/bloggin-FORMATEAR-mac.jpg\" \/>\n\t<meta property=\"og:image:width\" content=\"825\" \/>\n\t<meta property=\"og:image:height\" content=\"450\" \/>\n\t<meta property=\"og:image:type\" content=\"image\/jpeg\" \/>\n<meta name=\"author\" content=\"admin\" \/>\n<meta name=\"twitter:card\" content=\"summary_large_image\" \/>\n<meta name=\"twitter:label1\" content=\"Escrito por\" \/>\n\t<meta name=\"twitter:data1\" content=\"admin\" \/>\n\t<meta name=\"twitter:label2\" content=\"Tiempo de lectura\" \/>\n\t<meta name=\"twitter:data2\" content=\"4 minutos\" \/>\n<script type=\"application\/ld+json\" class=\"yoast-schema-graph\">{\"@context\":\"https:\/\/schema.org\",\"@graph\":[{\"@type\":\"WebPage\",\"@id\":\"https:\/\/shopenzona.es\/blog\/como-formatear-un-mac-o-macbook-guia-paso-a-paso\/\",\"url\":\"https:\/\/shopenzona.es\/blog\/como-formatear-un-mac-o-macbook-guia-paso-a-paso\/\",\"name\":\"\u00bfC\u00f3mo formatear un Mac o Macbook? Gu\u00eda paso a paso\",\"isPartOf\":{\"@id\":\"https:\/\/shopenzona.es\/blog\/#website\"},\"datePublished\":\"2021-11-05T14:59:08+00:00\",\"dateModified\":\"2023-02-15T16:38:07+00:00\",\"author\":{\"@id\":\"https:\/\/shopenzona.es\/blog\/#\/schema\/person\/eedabeb0482bc0dd5720681ddbcda844\"},\"description\":\"\u00bfNecesitas formatear un Mac y no sabes c\u00f3mo? Sigue estos sencillos pasos y recupera el rendimiento \u00f3ptimo de tu ordenador de Apple\",\"breadcrumb\":{\"@id\":\"https:\/\/shopenzona.es\/blog\/como-formatear-un-mac-o-macbook-guia-paso-a-paso\/#breadcrumb\"},\"inLanguage\":\"es\",\"potentialAction\":[{\"@type\":\"ReadAction\",\"target\":[\"https:\/\/shopenzona.es\/blog\/como-formatear-un-mac-o-macbook-guia-paso-a-paso\/\"]}]},{\"@type\":\"BreadcrumbList\",\"@id\":\"https:\/\/shopenzona.es\/blog\/como-formatear-un-mac-o-macbook-guia-paso-a-paso\/#breadcrumb\",\"itemListElement\":[{\"@type\":\"ListItem\",\"position\":1,\"name\":\"Portada\",\"item\":\"https:\/\/shopenzona.es\/blog\/\"},{\"@type\":\"ListItem\",\"position\":2,\"name\":\"\u00bfC\u00f3mo formatear un Mac o Macbook? Gu\u00eda paso a paso\"}]},{\"@type\":\"WebSite\",\"@id\":\"https:\/\/shopenzona.es\/blog\/#website\",\"url\":\"https:\/\/shopenzona.es\/blog\/\",\"name\":\"Allzone\",\"description\":\"Blog de Allzone\",\"potentialAction\":[{\"@type\":\"SearchAction\",\"target\":{\"@type\":\"EntryPoint\",\"urlTemplate\":\"https:\/\/shopenzona.es\/blog\/?s={search_term_string}\"},\"query-input\":\"required name=search_term_string\"}],\"inLanguage\":\"es\"},{\"@type\":\"Person\",\"@id\":\"https:\/\/shopenzona.es\/blog\/#\/schema\/person\/eedabeb0482bc0dd5720681ddbcda844\",\"name\":\"admin\",\"image\":{\"@type\":\"ImageObject\",\"inLanguage\":\"es\",\"@id\":\"https:\/\/shopenzona.es\/blog\/#\/schema\/person\/image\/\",\"url\":\"https:\/\/secure.gravatar.com\/avatar\/561714c52e30f2a7a8e924873d2dc849?s=96&d=mm&r=g\",\"contentUrl\":\"https:\/\/secure.gravatar.com\/avatar\/561714c52e30f2a7a8e924873d2dc849?s=96&d=mm&r=g\",\"caption\":\"admin\"}}]}<\/script>\n<!-- \/ Yoast SEO plugin. -->","yoast_head_json":{"title":"\u00bfC\u00f3mo formatear un Mac o Macbook? Gu\u00eda paso a paso","description":"\u00bfNecesitas formatear un Mac y no sabes c\u00f3mo? Sigue estos sencillos pasos y recupera el rendimiento \u00f3ptimo de tu ordenador de Apple","robots":{"index":"index","follow":"follow","max-snippet":"max-snippet:-1","max-image-preview":"max-image-preview:large","max-video-preview":"max-video-preview:-1"},"canonical":"https:\/\/shopenzona.es\/blog\/como-formatear-un-mac-o-macbook-guia-paso-a-paso\/","og_locale":"es_ES","og_type":"article","og_title":"\u00bfC\u00f3mo formatear un Mac o Macbook? Gu\u00eda paso a paso","og_description":"\u00bfNecesitas formatear un Mac y no sabes c\u00f3mo? Sigue estos sencillos pasos y recupera el rendimiento \u00f3ptimo de tu ordenador de Apple","og_url":"https:\/\/shopenzona.es\/blog\/como-formatear-un-mac-o-macbook-guia-paso-a-paso\/","og_site_name":"Allzone","article_published_time":"2021-11-05T14:59:08+00:00","article_modified_time":"2023-02-15T16:38:07+00:00","og_image":[{"width":825,"height":450,"url":"https:\/\/shopenzona.es\/blog\/wp-content\/uploads\/2021\/11\/bloggin-FORMATEAR-mac.jpg","type":"image\/jpeg"}],"author":"admin","twitter_card":"summary_large_image","twitter_misc":{"Escrito por":"admin","Tiempo de lectura":"4 minutos"},"schema":{"@context":"https:\/\/schema.org","@graph":[{"@type":"WebPage","@id":"https:\/\/shopenzona.es\/blog\/como-formatear-un-mac-o-macbook-guia-paso-a-paso\/","url":"https:\/\/shopenzona.es\/blog\/como-formatear-un-mac-o-macbook-guia-paso-a-paso\/","name":"\u00bfC\u00f3mo formatear un Mac o Macbook? Gu\u00eda paso a paso","isPartOf":{"@id":"https:\/\/shopenzona.es\/blog\/#website"},"datePublished":"2021-11-05T14:59:08+00:00","dateModified":"2023-02-15T16:38:07+00:00","author":{"@id":"https:\/\/shopenzona.es\/blog\/#\/schema\/person\/eedabeb0482bc0dd5720681ddbcda844"},"description":"\u00bfNecesitas formatear un Mac y no sabes c\u00f3mo? Sigue estos sencillos pasos y recupera el rendimiento \u00f3ptimo de tu ordenador de Apple","breadcrumb":{"@id":"https:\/\/shopenzona.es\/blog\/como-formatear-un-mac-o-macbook-guia-paso-a-paso\/#breadcrumb"},"inLanguage":"es","potentialAction":[{"@type":"ReadAction","target":["https:\/\/shopenzona.es\/blog\/como-formatear-un-mac-o-macbook-guia-paso-a-paso\/"]}]},{"@type":"BreadcrumbList","@id":"https:\/\/shopenzona.es\/blog\/como-formatear-un-mac-o-macbook-guia-paso-a-paso\/#breadcrumb","itemListElement":[{"@type":"ListItem","position":1,"name":"Portada","item":"https:\/\/shopenzona.es\/blog\/"},{"@type":"ListItem","position":2,"name":"\u00bfC\u00f3mo formatear un Mac o Macbook? Gu\u00eda paso a paso"}]},{"@type":"WebSite","@id":"https:\/\/shopenzona.es\/blog\/#website","url":"https:\/\/shopenzona.es\/blog\/","name":"Allzone","description":"Blog de Allzone","potentialAction":[{"@type":"SearchAction","target":{"@type":"EntryPoint","urlTemplate":"https:\/\/shopenzona.es\/blog\/?s={search_term_string}"},"query-input":"required name=search_term_string"}],"inLanguage":"es"},{"@type":"Person","@id":"https:\/\/shopenzona.es\/blog\/#\/schema\/person\/eedabeb0482bc0dd5720681ddbcda844","name":"admin","image":{"@type":"ImageObject","inLanguage":"es","@id":"https:\/\/shopenzona.es\/blog\/#\/schema\/person\/image\/","url":"https:\/\/secure.gravatar.com\/avatar\/561714c52e30f2a7a8e924873d2dc849?s=96&d=mm&r=g","contentUrl":"https:\/\/secure.gravatar.com\/avatar\/561714c52e30f2a7a8e924873d2dc849?s=96&d=mm&r=g","caption":"admin"}}]}},"_links":{"self":[{"href":"https:\/\/shopenzona.es\/blog\/wp-json\/wp\/v2\/posts\/7213"}],"collection":[{"href":"https:\/\/shopenzona.es\/blog\/wp-json\/wp\/v2\/posts"}],"about":[{"href":"https:\/\/shopenzona.es\/blog\/wp-json\/wp\/v2\/types\/post"}],"author":[{"embeddable":true,"href":"https:\/\/shopenzona.es\/blog\/wp-json\/wp\/v2\/users\/1"}],"replies":[{"embeddable":true,"href":"https:\/\/shopenzona.es\/blog\/wp-json\/wp\/v2\/comments?post=7213"}],"version-history":[{"count":8,"href":"https:\/\/shopenzona.es\/blog\/wp-json\/wp\/v2\/posts\/7213\/revisions"}],"predecessor-version":[{"id":15497,"href":"https:\/\/shopenzona.es\/blog\/wp-json\/wp\/v2\/posts\/7213\/revisions\/15497"}],"wp:featuredmedia":[{"embeddable":true,"href":"https:\/\/shopenzona.es\/blog\/wp-json\/wp\/v2\/media\/7216"}],"wp:attachment":[{"href":"https:\/\/shopenzona.es\/blog\/wp-json\/wp\/v2\/media?parent=7213"}],"wp:term":[{"taxonomy":"category","embeddable":true,"href":"https:\/\/shopenzona.es\/blog\/wp-json\/wp\/v2\/categories?post=7213"},{"taxonomy":"post_tag","embeddable":true,"href":"https:\/\/shopenzona.es\/blog\/wp-json\/wp\/v2\/tags?post=7213"}],"curies":[{"name":"wp","href":"https:\/\/api.w.org\/{rel}","templated":true}]}}