{"id":23137,"date":"2023-12-13T10:00:00","date_gmt":"2023-12-13T09:00:00","guid":{"rendered":"https:\/\/allzone.es\/blog\/?p=23137"},"modified":"2024-12-27T17:27:39","modified_gmt":"2024-12-27T16:27:39","slug":"mejor-macbook-para-estudiantes","status":"publish","type":"post","link":"https:\/\/shopenzona.es\/blogpt\/mejor-macbook-para-estudiantes\/","title":{"rendered":"Guia para escolher o Melhor MacBook para Estudantes"},"content":{"rendered":"\n<p>A escolha de um <a href=\"https:\/\/shopenzona.es\/pt\/665-portatiles-macbook\" target=\"_blank\" rel=\"noreferrer noopener\">MacBook<\/a> adequado \u00e9 crucial para estudantes que procuram otimizar sua experi\u00eancia acad\u00eamica. Neste guia, vamos explorar por que os MacBooks s\u00e3o ideais no campo da educa\u00e7\u00e3o, as diferen\u00e7as entre MacBook Air e MacBook Pro, e fornecer dicas pr\u00e1ticas para escolher o dispositivo perfeito de acordo com a carreira acad\u00eamica. Al\u00e9m disso, abordaremos a manuten\u00e7\u00e3o essencial e destacaremos acess\u00f3rios recomendados para garantir um desempenho \u00f3timo do seu MacBook.<\/p>\n\n\n\n<h2><strong>Por que os MacBooks s\u00e3o ideais para estudantes?<\/strong><\/h2>\n\n\n\n<p>No dom\u00ednio da educa\u00e7\u00e3o, os MacBooks oferecem vantagens significativas que os tornam parceiros de estudo excepcionais. Sua integra\u00e7\u00e3o fluida com ferramentas educacionais, a qualidade de constru\u00e7\u00e3o e a durabilidade fazem com que estes dispositivos sejam uma op\u00e7\u00e3o popular entre estudantes de todas as disciplinas.<\/p>\n\n\n\n<h3><strong>Vantagens dos MacBooks no dom\u00ednio da educa\u00e7\u00e3o<\/strong><\/h3>\n\n\n\n<p>A estabilidade do sistema operacional, a seguran\u00e7a robusta e a compatibilidade com software acad\u00eamico fazem dos MacBooks uma op\u00e7\u00e3o confi\u00e1vel para estudantes. A interface intuitiva e a qualidade de visualiza\u00e7\u00e3o contribuem para uma experi\u00eancia de usu\u00e1rio sem complica\u00e7\u00f5es, o que \u00e9 essencial durante sess\u00f5es de estudo prolongadas.<\/p>\n\n\n\n<h3><strong>MacBook Air vs MacBook Pro (Gerais)<\/strong><\/h3>\n\n\n\n<p>Quando se trata de escolher entre MacBook Air e MacBook Pro, as diferen\u00e7as est\u00e3o no desempenho e nas necessidades espec\u00edficas do usu\u00e1rio. Ambos os modelos oferecem excelentes caracter\u00edsticas, mas \u00e9 crucial compreender as suas distin\u00e7\u00f5es gerais antes de tomar uma decis\u00e3o informada.<\/p>\n\n\n\n<h2><strong>MacBook Air: O companheiro perfeito para a maioria dos alunos<\/strong><\/h2>\n\n\n\n<p>O MacBook Air, com seu chip M1 e excepcional dura\u00e7\u00e3o da bateria, destaca-se como a op\u00e7\u00e3o ideal para a maioria dos alunos. Sua portabilidade, combinada com um rendimento surpreendente, o converte em um companheiro vers\u00e1til para tarefas acad\u00eamicas di\u00e1rias.<\/p>\n\n\n\n<h3><strong>Caracter\u00edsticas-chave do MacBook Air (incluindo chip M1 e dura\u00e7\u00e3o da bateria)<\/strong><\/h3>\n\n\n\n<p>O chip M1 do MacBook Air garante efici\u00eancia energ\u00e9tica e desempenho excepcionais. Al\u00e9m disso, a dura\u00e7\u00e3o da bateria prolongada permite que os alunos permane\u00e7am produtivos durante todo o dia, sem se preocupar em ficar sem energia no momento crucial.<\/p>\n\n\n\n<div class=\"wp-block-image\"><figure class=\"aligncenter size-full is-resized\"><a href=\"https:\/\/shopenzona.es\/pt\/portatiles-macbook\/320256-apple-macbook-air-133-m1-8gb-ram-256gb-gris-0194252056356.html\" target=\"_blank\" rel=\"noopener\"><img src=\"https:\/\/shopenzona.es\/blog\/wp-content\/uploads\/2023\/12\/apple-macbook-air-133-m1-8gb-ram-256gb-gris-5-edited.jpg\" alt=\"\" class=\"wp-image-23309\" width=\"473\" srcset=\"https:\/\/shopenzona.es\/blogpt\/wp-content\/uploads\/2023\/12\/apple-macbook-air-133-m1-8gb-ram-256gb-gris-5-edited.jpg 600w, https:\/\/shopenzona.es\/blogpt\/wp-content\/uploads\/2023\/12\/apple-macbook-air-133-m1-8gb-ram-256gb-gris-5-edited-300x225.jpg 300w\" sizes=\"(max-width: 600px) 100vw, 600px\" \/><\/a><\/figure><\/div>\n\n\n\n<div class=\"wp-container-1 wp-block-buttons\">\n<div class=\"wp-block-button aligncenter\"><a class=\"wp-block-button__link\" href=\"https:\/\/shopenzona.es\/pt\/portatiles-macbook\/320256-apple-macbook-air-133-m1-8gb-ram-256gb-gris-0194252056356.html\" target=\"_blank\" rel=\"noreferrer noopener\">APPLE MACBOOK AIR 13.3&#8243;<\/a><\/div>\n<\/div>\n\n\n\n<div style=\"height:21px\" aria-hidden=\"true\" class=\"wp-block-spacer\"><\/div>\n\n\n\n<h2><strong>MacBook Pro: Quando voc\u00ea precisa de mais energia<\/strong><\/h2>\n\n\n\n<p>Quando \u00e9 necess\u00e1rio um desempenho superior, o MacBook Pro \u00e9 a escolha certa. Exploraremos quando um estudante deve optar por este modelo e compararemos as diferentes op\u00e7\u00f5es dispon\u00edveis, desde o MacBook Pro de 13 polegadas at\u00e9 o potente modelo de 16 polegadas.<\/p>\n\n\n\n<h3><strong>Quando um estudante deve optar por um MacBook Pro?<\/strong><\/h3>\n\n\n\n<p>Optar por um MacBook Pro pode ser uma escolha estrat\u00e9gica para estudantes que buscam potencializar seu desempenho acad\u00eamico. Este dispositivo oferece um equil\u00edbrio ideal entre pot\u00eancia e portabilidade, o que \u00e9 especialmente ben\u00e9fico para aqueles que lidam com aplica\u00e7\u00f5es exigentes ou executam tarefas criativas.<\/p>\n\n\n\n<div class=\"wp-block-image\"><figure class=\"aligncenter size-full is-resized\"><a href=\"https:\/\/shopenzona.es\/pt\/portatiles-macbook\/516545-apple-macbook-air-136-mba-2022-m2-8gb-ram-256gb-negro-0194253083412.html\" target=\"_blank\" rel=\"noopener\"><img loading=\"lazy\" src=\"https:\/\/shopenzona.es\/blog\/wp-content\/uploads\/2023\/12\/apple-macbook-air-136-mba-2022-m2-8gb-ram-256gb-negro-3-edited.jpg\" alt=\"\" class=\"wp-image-23305\" width=\"473\" height=\"354\" srcset=\"https:\/\/shopenzona.es\/blogpt\/wp-content\/uploads\/2023\/12\/apple-macbook-air-136-mba-2022-m2-8gb-ram-256gb-negro-3-edited.jpg 600w, https:\/\/shopenzona.es\/blogpt\/wp-content\/uploads\/2023\/12\/apple-macbook-air-136-mba-2022-m2-8gb-ram-256gb-negro-3-edited-300x225.jpg 300w\" sizes=\"(max-width: 473px) 100vw, 473px\" \/><\/a><\/figure><\/div>\n\n\n\n<div class=\"wp-container-2 wp-block-buttons\">\n<div class=\"wp-block-button aligncenter\"><a class=\"wp-block-button__link\" href=\"https:\/\/shopenzona.es\/pt\/portatiles-macbook\/516545-apple-macbook-air-136-mba-2022-m2-8gb-ram-256gb-negro-0194253083412.html\" target=\"_blank\" rel=\"noreferrer noopener\">APPLE MACBOOK AIR 13.6&#8243;&nbsp;<\/a><\/div>\n<\/div>\n\n\n\n<div style=\"height:21px\" aria-hidden=\"true\" class=\"wp-block-spacer\"><\/div>\n\n\n\n<h3><strong>Compara\u00e7\u00e3o de modelos de MacBook Pro (13, 14, 16 polegadas)<\/strong><\/h3>\n\n\n\n<p>Para ajudar na escolha, vamos comparar detalhadamente os modelos dispon\u00edveis do MacBook Pro, destacando as principais especifica\u00e7\u00f5es e situa\u00e7\u00f5es em que cada um brilha mais intensamente.<\/p>\n\n\n\n<h2><strong>Dicas para escolher o MacBook correto de acordo com sua carreira<\/strong><\/h2>\n\n\n\n<p>Oferecemos um guia espec\u00edfico de acordo com especialidades acad\u00eamicas, como design, engenharia e artes. Isto garante que os alunos escolham um MacBook que se alinhe perfeitamente com os requisitos do seu campo de estudo.<\/p>\n\n\n\n<h3>Guia segundo especialidades acad\u00e9micas (por exemplo, design, engenharia, artes)<\/h3>\n\n\n\n<p>Selecionar um MacBook Pro pode aumentar o desempenho acad\u00eamico de acordo com a especialidade. Para estudantes de design, o poder do MacBook Pro otimiza o manejo de software gr\u00e1fico exigente. Em engenharia, sua capacidade de processamento facilita a modelagem 3D e a programa\u00e7\u00e3o. Em artes, a tela de retina de alta resolu\u00e7\u00e3o melhora a experi\u00eancia visual para edi\u00e7\u00e3o de imagens detalhadas. A dura\u00e7\u00e3o da bateria do MacBook Pro \u00e9 essencial para sess\u00f5es de estudo prolongadas. Em resumo, escolher este dispositivo pode ser crucial para estudantes comprometidos com especialidades que requerem pot\u00eancia, desempenho e qualidade visual.<\/p>\n\n\n\n<div class=\"wp-block-image\"><figure class=\"aligncenter size-full is-resized\"><a href=\"https:\/\/shopenzona.es\/pt\/portatiles-macbook\/324338-macbook-apple-macbook-air-133-m1-8gb-ram-256gb-plata-mgn93y-a-0194252057582.html\" target=\"_blank\" rel=\"noopener\"><img loading=\"lazy\" src=\"https:\/\/shopenzona.es\/blog\/wp-content\/uploads\/2023\/12\/macbook-apple-macbook-air-133-m1-8gb-ram-256gb-plata-mgn93y-a-2-edited.jpg\" alt=\"\" class=\"wp-image-23307\" width=\"476\" height=\"357\" srcset=\"https:\/\/shopenzona.es\/blogpt\/wp-content\/uploads\/2023\/12\/macbook-apple-macbook-air-133-m1-8gb-ram-256gb-plata-mgn93y-a-2-edited.jpg 600w, https:\/\/shopenzona.es\/blogpt\/wp-content\/uploads\/2023\/12\/macbook-apple-macbook-air-133-m1-8gb-ram-256gb-plata-mgn93y-a-2-edited-300x225.jpg 300w\" sizes=\"(max-width: 476px) 100vw, 476px\" \/><\/a><\/figure><\/div>\n\n\n\n<div class=\"wp-container-3 wp-block-buttons\">\n<div class=\"wp-block-button aligncenter\"><a class=\"wp-block-button__link\" href=\"https:\/\/shopenzona.es\/pt\/portatiles-macbook\/324338-macbook-apple-macbook-air-133-m1-8gb-ram-256gb-plata-mgn93y-a-0194252057582.html\" target=\"_blank\" rel=\"noreferrer noopener\">APPLE MACBOOK AIR 13.3&#8243;<\/a><\/div>\n<\/div>\n\n\n\n<div style=\"height:21px\" aria-hidden=\"true\" class=\"wp-block-spacer\"><\/div>\n\n\n\n<h2><strong>Dicas para manter o seu MacBook em boas condi\u00e7\u00f5es<\/strong><\/h2>\n\n\n\n<p>A manuten\u00e7\u00e3o adequada \u00e9 crucial para maximizar a vida \u00fatil do seu MacBook. Exploraremos pr\u00e1ticas b\u00e1sicas de cuidados que ir\u00e3o prolongar a durabilidade e o desempenho do seu dispositivo.<\/p>\n\n\n\n<h3>Manuten\u00e7\u00e3o e cuidados b\u00e1sicos<\/h3>\n\n\n\n<p>Garantir o desempenho ideal do seu MacBook Pro requer pr\u00e1ticas de manuten\u00e7\u00e3o e cuidados espec\u00edficos. Para prolongar a vida \u00fatil do seu dispositivo, evite o sobreaquecimento atrav\u00e9s da limpeza regular dos ventiladores. Al\u00e9m disso, ele usa um protetor de tela para evitar arranh\u00f5es e acumula\u00e7\u00e3o de poeira no teclado. Mantenha o sistema operacional atualizado e fa\u00e7a backup regular para proteger seus dados. Al\u00e9m disso, use carregadores originais e evite carregar seu MacBook Pro por longos per\u00edodos. Seguindo essas pr\u00e1ticas, voc\u00ea garantir\u00e1 um funcionamento eficiente e duradouro do seu dispositivo, otimizando assim o seu investimento em tecnologia.<\/p>\n\n\n\n<h3><strong>Acess\u00f3rios recomendados<\/strong><\/h3>\n\n\n\n<p>Destacaremos acess\u00f3rios essenciais que complementar\u00e3o seu MacBook e melhorar\u00e3o sua experi\u00eancia de estudo, desde <a href=\"https:\/\/shopenzona.es\/pt\/526-accesorios-portatiles-bolsas-transporte-portatiles\" target=\"_blank\" rel=\"noreferrer noopener\">capas protetoras<\/a> at\u00e9 <a href=\"https:\/\/shopenzona.es\/pt\/1981-perifericos-y-software\" target=\"_blank\" rel=\"noreferrer noopener\">perif\u00e9ricos<\/a> \u00fateis.<\/p>\n\n\n\n<div class=\"wp-block-image\"><figure class=\"aligncenter size-full is-resized\"><a href=\"https:\/\/shopenzona.es\/pt\/teclados-y-ratones-ratones-inalambricos\/456348-raton-apple-magic-mouse-blanco-0194252542323.html\" target=\"_blank\" rel=\"noopener\"><img loading=\"lazy\" src=\"https:\/\/shopenzona.es\/blog\/wp-content\/uploads\/2023\/12\/raton-apple-magic-mouse-blanco.jpg\" alt=\"\" class=\"wp-image-23300\" width=\"381\" height=\"381\" srcset=\"https:\/\/shopenzona.es\/blogpt\/wp-content\/uploads\/2023\/12\/raton-apple-magic-mouse-blanco.jpg 600w, https:\/\/shopenzona.es\/blogpt\/wp-content\/uploads\/2023\/12\/raton-apple-magic-mouse-blanco-300x300.jpg 300w, https:\/\/shopenzona.es\/blogpt\/wp-content\/uploads\/2023\/12\/raton-apple-magic-mouse-blanco-150x150.jpg 150w\" sizes=\"(max-width: 381px) 100vw, 381px\" \/><\/a><\/figure><\/div>\n\n\n\n<div class=\"wp-container-4 wp-block-buttons\">\n<div class=\"wp-block-button aligncenter\"><a class=\"wp-block-button__link\" href=\"https:\/\/shopenzona.es\/pt\/teclados-y-ratones-ratones-inalambricos\/456348-raton-apple-magic-mouse-blanco-0194252542323.html\" target=\"_blank\" rel=\"noreferrer noopener\">VER RAT\u00d3N<\/a><\/div>\n<\/div>\n\n\n\n<div style=\"height:21px\" aria-hidden=\"true\" class=\"wp-block-spacer\"><\/div>\n\n\n\n<div class=\"wp-block-image\"><figure class=\"aligncenter size-full is-resized\"><a href=\"https:\/\/shopenzona.es\/pt\/accesorios-portatiles-cargadores-para-portatiles\/286095-cargadores-para-portatiles-cargador-usb-tipo-c-trust-23418-para-apple-macbook-air-pro-23418-8713439234183.html\" target=\"_blank\" rel=\"noopener\"><img loading=\"lazy\" src=\"https:\/\/shopenzona.es\/blog\/wp-content\/uploads\/2023\/12\/cargadores-para-portatiles-cargador-usb-tipo-c-trust-23418-para-apple-macbook-air-pro-23418.jpg\" alt=\"\" class=\"wp-image-23302\" width=\"376\" height=\"376\" srcset=\"https:\/\/shopenzona.es\/blogpt\/wp-content\/uploads\/2023\/12\/cargadores-para-portatiles-cargador-usb-tipo-c-trust-23418-para-apple-macbook-air-pro-23418.jpg 600w, https:\/\/shopenzona.es\/blogpt\/wp-content\/uploads\/2023\/12\/cargadores-para-portatiles-cargador-usb-tipo-c-trust-23418-para-apple-macbook-air-pro-23418-300x300.jpg 300w, https:\/\/shopenzona.es\/blogpt\/wp-content\/uploads\/2023\/12\/cargadores-para-portatiles-cargador-usb-tipo-c-trust-23418-para-apple-macbook-air-pro-23418-150x150.jpg 150w\" sizes=\"(max-width: 376px) 100vw, 376px\" \/><\/a><\/figure><\/div>\n\n\n\n<div class=\"wp-container-5 wp-block-buttons\">\n<div class=\"wp-block-button aligncenter\"><a class=\"wp-block-button__link\" href=\"https:\/\/shopenzona.es\/pt\/accesorios-portatiles-cargadores-para-portatiles\/286095-cargadores-para-portatiles-cargador-usb-tipo-c-trust-23418-para-apple-macbook-air-pro-23418-8713439234183.html\" target=\"_blank\" rel=\"noreferrer noopener\">VER CARGADOR<\/a><\/div>\n<\/div>\n\n\n\n<div style=\"height:21px\" aria-hidden=\"true\" class=\"wp-block-spacer\"><\/div>\n\n\n\n<div class=\"wp-block-image\"><figure class=\"aligncenter size-full is-resized\"><a href=\"https:\/\/shopenzona.es\/pt\/accesorios-portatiles-bolsas-transporte-portatiles\/403062-funda-ordenador-portatil--tablets-13-15-pulgadas-cool-epsilon-nude-8434847055831.html\" target=\"_blank\" rel=\"noopener\"><img loading=\"lazy\" src=\"https:\/\/shopenzona.es\/blog\/wp-content\/uploads\/2023\/12\/funda-ordenador-portatil-tablets-13-15-pulgadas-cool-epsilon-nude.jpg\" alt=\"\" class=\"wp-image-23303\" width=\"423\" height=\"423\" srcset=\"https:\/\/shopenzona.es\/blogpt\/wp-content\/uploads\/2023\/12\/funda-ordenador-portatil-tablets-13-15-pulgadas-cool-epsilon-nude.jpg 600w, https:\/\/shopenzona.es\/blogpt\/wp-content\/uploads\/2023\/12\/funda-ordenador-portatil-tablets-13-15-pulgadas-cool-epsilon-nude-300x300.jpg 300w, https:\/\/shopenzona.es\/blogpt\/wp-content\/uploads\/2023\/12\/funda-ordenador-portatil-tablets-13-15-pulgadas-cool-epsilon-nude-150x150.jpg 150w\" sizes=\"(max-width: 423px) 100vw, 423px\" \/><\/a><\/figure><\/div>\n\n\n\n<div class=\"wp-container-6 wp-block-buttons\">\n<div class=\"wp-block-button aligncenter\"><a class=\"wp-block-button__link\" href=\"https:\/\/shopenzona.es\/pt\/accesorios-portatiles-bolsas-transporte-portatiles\/403062-funda-ordenador-portatil--tablets-13-15-pulgadas-cool-epsilon-nude-8434847055831.html\" target=\"_blank\" rel=\"noreferrer noopener\">VER FUNDA<\/a><\/div>\n<\/div>\n\n\n\n<h2><strong>Escolha inteligentemente, invista em seu futuro<\/strong><\/h2>\n\n\n\n<p>Em resumo, este guia fornece-lhe as informa\u00e7\u00f5es essenciais para escolher o MacBook ideal com base nas suas necessidades como estudante. N\u00e3o subestime a import\u00e2ncia desta decis\u00e3o, j\u00e1 que sua escolha impactar\u00e1 diretamente em sua produtividade e sucesso acad\u00eamico. \u00a1 Eleve sua experi\u00eancia de estudo com o MacBook perfeito para voc\u00ea! Entre j\u00e1 em nosso cat\u00e1logo de<a href=\"https:\/\/shopenzona.es\/pt\/662-portatiles\" target=\"_blank\" rel=\"noreferrer noopener\"> laptops<\/a>.<\/p>\n","protected":false},"excerpt":{"rendered":"<p>A escolha de um MacBook adequado \u00e9 crucial para estudantes que procuram otimizar sua experi\u00eancia acad\u00eamica. Neste guia, vamos explorar por que os MacBooks s\u00e3o ideais no campo da educa\u00e7\u00e3o, as diferen\u00e7as entre MacBook Air e MacBook Pro, e fornecer dicas pr\u00e1ticas para escolher o dispositivo perfeito de acordo com a carreira acad\u00eamica. Al\u00e9m disso,&hellip;<\/p>\n","protected":false},"author":28,"featured_media":29669,"comment_status":"closed","ping_status":"closed","sticky":false,"template":"","format":"standard","meta":{"inline_featured_image":false},"categories":[565,564],"tags":[],"yoast_head":"<!-- This site is optimized with the Yoast SEO plugin v19.13 - https:\/\/yoast.com\/wordpress\/plugins\/seo\/ -->\n<title>El Mejor Macbook para Estudiantes \u3010 GU\u00cdA \u3011 Allzone<\/title>\n<meta name=\"description\" content=\"\u00bfEres estudiante y buscas el MacBook ideal? Descubre las mejores opciones, analizando rendimiento, durabilidad y relaci\u00f3n calidad-precio.\" \/>\n<meta name=\"robots\" content=\"index, follow, max-snippet:-1, max-image-preview:large, max-video-preview:-1\" \/>\n<link rel=\"canonical\" href=\"https:\/\/shopenzona.es\/blogpt\/mejor-macbook-para-estudiantes\/\" \/>\n<meta property=\"og:locale\" content=\"es_ES\" \/>\n<meta property=\"og:type\" content=\"article\" \/>\n<meta property=\"og:title\" content=\"El Mejor Macbook para Estudiantes \u3010 GU\u00cdA \u3011 Allzone\" \/>\n<meta property=\"og:description\" content=\"\u00bfEres estudiante y buscas el MacBook ideal? Descubre las mejores opciones, analizando rendimiento, durabilidad y relaci\u00f3n calidad-precio.\" \/>\n<meta property=\"og:url\" content=\"https:\/\/shopenzona.es\/blogpt\/mejor-macbook-para-estudiantes\/\" \/>\n<meta property=\"og:site_name\" content=\"Allzone Portugal\" \/>\n<meta property=\"article:published_time\" content=\"2023-12-13T09:00:00+00:00\" \/>\n<meta property=\"article:modified_time\" content=\"2024-12-27T16:27:39+00:00\" \/>\n<meta property=\"og:image\" content=\"https:\/\/shopenzona.es\/blogpt\/wp-content\/uploads\/2023\/12\/08.12-M.jpg\" \/>\n\t<meta property=\"og:image:width\" content=\"825\" \/>\n\t<meta property=\"og:image:height\" content=\"450\" \/>\n\t<meta property=\"og:image:type\" content=\"image\/jpeg\" \/>\n<meta name=\"author\" content=\"Mar\u00eda Serrano\" \/>\n<meta name=\"twitter:card\" content=\"summary_large_image\" \/>\n<meta name=\"twitter:label1\" content=\"Escrito por\" \/>\n\t<meta name=\"twitter:data1\" content=\"Mar\u00eda Serrano\" \/>\n\t<meta name=\"twitter:label2\" content=\"Tiempo de lectura\" \/>\n\t<meta name=\"twitter:data2\" content=\"6 minutos\" \/>\n<script type=\"application\/ld+json\" class=\"yoast-schema-graph\">{\"@context\":\"https:\/\/schema.org\",\"@graph\":[{\"@type\":\"WebPage\",\"@id\":\"https:\/\/shopenzona.es\/blogpt\/mejor-macbook-para-estudiantes\/\",\"url\":\"https:\/\/shopenzona.es\/blogpt\/mejor-macbook-para-estudiantes\/\",\"name\":\"El Mejor Macbook para Estudiantes \u3010 GU\u00cdA \u3011 Allzone\",\"isPartOf\":{\"@id\":\"https:\/\/shopenzona.es\/blogpt\/#website\"},\"datePublished\":\"2023-12-13T09:00:00+00:00\",\"dateModified\":\"2024-12-27T16:27:39+00:00\",\"author\":{\"@id\":\"https:\/\/shopenzona.es\/blogpt\/#\/schema\/person\/2ee505aa363575227da41c5b26bacb59\"},\"description\":\"\u00bfEres estudiante y buscas el MacBook ideal? Descubre las mejores opciones, analizando rendimiento, durabilidad y relaci\u00f3n calidad-precio.\",\"breadcrumb\":{\"@id\":\"https:\/\/shopenzona.es\/blogpt\/mejor-macbook-para-estudiantes\/#breadcrumb\"},\"inLanguage\":\"es\",\"potentialAction\":[{\"@type\":\"ReadAction\",\"target\":[\"https:\/\/shopenzona.es\/blogpt\/mejor-macbook-para-estudiantes\/\"]}]},{\"@type\":\"BreadcrumbList\",\"@id\":\"https:\/\/shopenzona.es\/blogpt\/mejor-macbook-para-estudiantes\/#breadcrumb\",\"itemListElement\":[{\"@type\":\"ListItem\",\"position\":1,\"name\":\"Portada\",\"item\":\"https:\/\/shopenzona.es\/blogpt\/\"},{\"@type\":\"ListItem\",\"position\":2,\"name\":\"Guia para escolher o Melhor MacBook para Estudantes\"}]},{\"@type\":\"WebSite\",\"@id\":\"https:\/\/shopenzona.es\/blogpt\/#website\",\"url\":\"https:\/\/shopenzona.es\/blogpt\/\",\"name\":\"Allzone Portugal\",\"description\":\"Blog de Allzone Portugal\",\"potentialAction\":[{\"@type\":\"SearchAction\",\"target\":{\"@type\":\"EntryPoint\",\"urlTemplate\":\"https:\/\/shopenzona.es\/blogpt\/?s={search_term_string}\"},\"query-input\":\"required name=search_term_string\"}],\"inLanguage\":\"es\"},{\"@type\":\"Person\",\"@id\":\"https:\/\/shopenzona.es\/blogpt\/#\/schema\/person\/2ee505aa363575227da41c5b26bacb59\",\"name\":\"Mar\u00eda Serrano\",\"image\":{\"@type\":\"ImageObject\",\"inLanguage\":\"es\",\"@id\":\"https:\/\/shopenzona.es\/blogpt\/#\/schema\/person\/image\/\",\"url\":\"https:\/\/secure.gravatar.com\/avatar\/2eb9088c847015acc2fed38026da9a2b?s=96&d=mm&r=g\",\"contentUrl\":\"https:\/\/secure.gravatar.com\/avatar\/2eb9088c847015acc2fed38026da9a2b?s=96&d=mm&r=g\",\"caption\":\"Mar\u00eda Serrano\"}}]}<\/script>\n<!-- \/ Yoast SEO plugin. -->","yoast_head_json":{"title":"El Mejor Macbook para Estudiantes \u3010 GU\u00cdA \u3011 Allzone","description":"\u00bfEres estudiante y buscas el MacBook ideal? Descubre las mejores opciones, analizando rendimiento, durabilidad y relaci\u00f3n calidad-precio.","robots":{"index":"index","follow":"follow","max-snippet":"max-snippet:-1","max-image-preview":"max-image-preview:large","max-video-preview":"max-video-preview:-1"},"canonical":"https:\/\/shopenzona.es\/blogpt\/mejor-macbook-para-estudiantes\/","og_locale":"es_ES","og_type":"article","og_title":"El Mejor Macbook para Estudiantes \u3010 GU\u00cdA \u3011 Allzone","og_description":"\u00bfEres estudiante y buscas el MacBook ideal? Descubre las mejores opciones, analizando rendimiento, durabilidad y relaci\u00f3n calidad-precio.","og_url":"https:\/\/shopenzona.es\/blogpt\/mejor-macbook-para-estudiantes\/","og_site_name":"Allzone Portugal","article_published_time":"2023-12-13T09:00:00+00:00","article_modified_time":"2024-12-27T16:27:39+00:00","og_image":[{"width":825,"height":450,"url":"https:\/\/shopenzona.es\/blogpt\/wp-content\/uploads\/2023\/12\/08.12-M.jpg","type":"image\/jpeg"}],"author":"Mar\u00eda Serrano","twitter_card":"summary_large_image","twitter_misc":{"Escrito por":"Mar\u00eda Serrano","Tiempo de lectura":"6 minutos"},"schema":{"@context":"https:\/\/schema.org","@graph":[{"@type":"WebPage","@id":"https:\/\/shopenzona.es\/blogpt\/mejor-macbook-para-estudiantes\/","url":"https:\/\/shopenzona.es\/blogpt\/mejor-macbook-para-estudiantes\/","name":"El Mejor Macbook para Estudiantes \u3010 GU\u00cdA \u3011 Allzone","isPartOf":{"@id":"https:\/\/shopenzona.es\/blogpt\/#website"},"datePublished":"2023-12-13T09:00:00+00:00","dateModified":"2024-12-27T16:27:39+00:00","author":{"@id":"https:\/\/shopenzona.es\/blogpt\/#\/schema\/person\/2ee505aa363575227da41c5b26bacb59"},"description":"\u00bfEres estudiante y buscas el MacBook ideal? Descubre las mejores opciones, analizando rendimiento, durabilidad y relaci\u00f3n calidad-precio.","breadcrumb":{"@id":"https:\/\/shopenzona.es\/blogpt\/mejor-macbook-para-estudiantes\/#breadcrumb"},"inLanguage":"es","potentialAction":[{"@type":"ReadAction","target":["https:\/\/shopenzona.es\/blogpt\/mejor-macbook-para-estudiantes\/"]}]},{"@type":"BreadcrumbList","@id":"https:\/\/shopenzona.es\/blogpt\/mejor-macbook-para-estudiantes\/#breadcrumb","itemListElement":[{"@type":"ListItem","position":1,"name":"Portada","item":"https:\/\/shopenzona.es\/blogpt\/"},{"@type":"ListItem","position":2,"name":"Guia para escolher o Melhor MacBook para Estudantes"}]},{"@type":"WebSite","@id":"https:\/\/shopenzona.es\/blogpt\/#website","url":"https:\/\/shopenzona.es\/blogpt\/","name":"Allzone Portugal","description":"Blog de Allzone Portugal","potentialAction":[{"@type":"SearchAction","target":{"@type":"EntryPoint","urlTemplate":"https:\/\/shopenzona.es\/blogpt\/?s={search_term_string}"},"query-input":"required name=search_term_string"}],"inLanguage":"es"},{"@type":"Person","@id":"https:\/\/shopenzona.es\/blogpt\/#\/schema\/person\/2ee505aa363575227da41c5b26bacb59","name":"Mar\u00eda Serrano","image":{"@type":"ImageObject","inLanguage":"es","@id":"https:\/\/shopenzona.es\/blogpt\/#\/schema\/person\/image\/","url":"https:\/\/secure.gravatar.com\/avatar\/2eb9088c847015acc2fed38026da9a2b?s=96&d=mm&r=g","contentUrl":"https:\/\/secure.gravatar.com\/avatar\/2eb9088c847015acc2fed38026da9a2b?s=96&d=mm&r=g","caption":"Mar\u00eda Serrano"}}]}},"_links":{"self":[{"href":"https:\/\/shopenzona.es\/blogpt\/wp-json\/wp\/v2\/posts\/23137"}],"collection":[{"href":"https:\/\/shopenzona.es\/blogpt\/wp-json\/wp\/v2\/posts"}],"about":[{"href":"https:\/\/shopenzona.es\/blogpt\/wp-json\/wp\/v2\/types\/post"}],"author":[{"embeddable":true,"href":"https:\/\/shopenzona.es\/blogpt\/wp-json\/wp\/v2\/users\/28"}],"replies":[{"embeddable":true,"href":"https:\/\/shopenzona.es\/blogpt\/wp-json\/wp\/v2\/comments?post=23137"}],"version-history":[{"count":7,"href":"https:\/\/shopenzona.es\/blogpt\/wp-json\/wp\/v2\/posts\/23137\/revisions"}],"predecessor-version":[{"id":29675,"href":"https:\/\/shopenzona.es\/blogpt\/wp-json\/wp\/v2\/posts\/23137\/revisions\/29675"}],"wp:featuredmedia":[{"embeddable":true,"href":"https:\/\/shopenzona.es\/blogpt\/wp-json\/wp\/v2\/media\/29669"}],"wp:attachment":[{"href":"https:\/\/shopenzona.es\/blogpt\/wp-json\/wp\/v2\/media?parent=23137"}],"wp:term":[{"taxonomy":"category","embeddable":true,"href":"https:\/\/shopenzona.es\/blogpt\/wp-json\/wp\/v2\/categories?post=23137"},{"taxonomy":"post_tag","embeddable":true,"href":"https:\/\/shopenzona.es\/blogpt\/wp-json\/wp\/v2\/tags?post=23137"}],"curies":[{"name":"wp","href":"https:\/\/api.w.org\/{rel}","templated":true}]}}