{"id":24134,"date":"2024-01-09T14:17:46","date_gmt":"2024-01-09T13:17:46","guid":{"rendered":"https:\/\/allzone.es\/blog\/?p=24134"},"modified":"2024-12-27T17:21:15","modified_gmt":"2024-12-27T16:21:15","slug":"secadores-pelo-profesionales","status":"publish","type":"post","link":"https:\/\/shopenzona.es\/blogpt\/secadores-pelo-profesionales\/","title":{"rendered":"Secadores de cabelo profissionais: Escolher o mais adequado para si"},"content":{"rendered":"\n<p>Selecionar o <a href=\"https:\/\/shopenzona.es\/pt\/1802-secadores\" target=\"_blank\" rel=\"noreferrer noopener\">secador de cabelo<\/a> certo \u00e9 essencial para a sua rotina de cuidados capilares. A escolha n\u00e3o se limita apenas a uma secagem eficiente, mas estende-se \u00e0 adapta\u00e7\u00e3o \u00e0s necessidades espec\u00edficas do seu cabelo. Ao longo do tempo, os secadores de cabelo evolu\u00edram significativamente, passando de simples ferramentas de secagem a dispositivos avan\u00e7ados de <a href=\"https:\/\/shopenzona.es\/pt\/1990-cuidado-del-pelo\" target=\"_blank\" rel=\"noreferrer noopener\">cuidado do cabelo<\/a>. A Allxone oferece uma variedade de op\u00e7\u00f5es concebidas para diferentes tipos de cabelo, proporcionando um tratamento personalizado. Descubra como estes secadores n\u00e3o s\u00f3 aceleram a secagem, como incorporam tecnologias inovadoras para manter a sa\u00fade e a vitalidade do seu cabelo, obtendo resultados profissionais no conforto da sua pr\u00f3pria casa.<\/p>\n\n\n\n<h2>O que \u00e9 que faz com que um secador de cabelo seja \u201cprofissional\u201d?<\/h2>\n\n\n\n<p>Descobrir o que distingue um secador de cabelo como \u201cprofissional\u201d envolve compreender as suas caracter\u00edsticas \u00fanicas em rela\u00e7\u00e3o aos modelos convencionais. Os secadores de cabelo profissionais, dispon\u00edveis na Allzone, apresentam tecnologias inovadoras, tais como i\u00f5es negativos e materiais cer\u00e2micos. Estas caracter\u00edsticas n\u00e3o s\u00f3 aceleram a secagem, como tamb\u00e9m oferecem benef\u00edcios significativos para a sa\u00fade do cabelo. Os i\u00f5es negativos reduzem o frisado, enquanto a cer\u00e2mica distribui o calor uniformemente, evitando danos. Estas tecnologias avan\u00e7adas elevam a experi\u00eancia de secagem com o secador, proporcionando resultados profissionais e de aspeto saud\u00e1vel que fazem a diferen\u00e7a na sua rotina de cuidados com o cabelo.<\/p>\n\n\n\n<h2>Os melhores secadores de cabelo profissionais<\/h2>\n\n\n\n<h3>SECADOR DE CABELO DYSON SUPERSONIC HD07 N\u00cdQUEL\/COBRE<\/h3>\n\n\n\n<p>O <strong>secador de cabelo Dyson Supersonic HD07 em n\u00edquel\/cobre<\/strong> \u00e9 um secador de cabelo potente e profissional. Possui 3 temperaturas ajust\u00e1veis, um visor LED inteligente que mostra a temperatura selecionada e um bocal concentrador de ar para um acabamento personalizado.<\/p>\n\n\n\n<div class=\"wp-block-image\"><figure class=\"aligncenter size-full is-resized\"><a href=\"https:\/\/shopenzona.es\/pt\/secadores\/615966-secadores-secador-de-pelo-dyson-supersonic-hd07-niquel-cobre-dyssuhd07nicoeu-5025155063644.html\" target=\"_blank\" rel=\"noopener\"><img loading=\"lazy\" src=\"https:\/\/shopenzona.es\/blog\/wp-content\/uploads\/2023\/12\/secadores-secador-de-pelo-dyson-supersonic-hd07-niquel-cobre-dyssuhd07nicoeu-1.jpg\" alt=\"\" class=\"wp-image-24135\" width=\"406\" height=\"406\" srcset=\"https:\/\/shopenzona.es\/blogpt\/wp-content\/uploads\/2023\/12\/secadores-secador-de-pelo-dyson-supersonic-hd07-niquel-cobre-dyssuhd07nicoeu-1.jpg 600w, https:\/\/shopenzona.es\/blogpt\/wp-content\/uploads\/2023\/12\/secadores-secador-de-pelo-dyson-supersonic-hd07-niquel-cobre-dyssuhd07nicoeu-1-300x300.jpg 300w, https:\/\/shopenzona.es\/blogpt\/wp-content\/uploads\/2023\/12\/secadores-secador-de-pelo-dyson-supersonic-hd07-niquel-cobre-dyssuhd07nicoeu-1-150x150.jpg 150w\" sizes=\"(max-width: 406px) 100vw, 406px\" \/><\/a><\/figure><\/div>\n\n\n\n<div class=\"wp-container-1 wp-block-buttons\">\n<div class=\"wp-block-button aligncenter\"><a class=\"wp-block-button__link\" href=\"https:\/\/shopenzona.es\/pt\/secadores\/615966-secadores-secador-de-pelo-dyson-supersonic-hd07-niquel-cobre-dyssuhd07nicoeu-5025155063644.html\" target=\"_blank\" rel=\"noreferrer noopener\">VER SECADOR DE CABELO<\/a><\/div>\n<\/div>\n\n\n\n<div style=\"height:22px\" aria-hidden=\"true\" class=\"wp-block-spacer\"><\/div>\n\n\n\n<h3>SECADOR DE CABELO XIAOMI IONIC H101 COR-DE-ROSA<\/h3>\n\n\n\n<p>O <strong>secador de cabelo Xiaomi Ionic H101<\/strong> rosa \u00e9 um dos melhores da sua classe. Forjado a partir de materiais dur\u00e1veis, oferece uma resist\u00eancia excecional. Com uma pot\u00eancia acrescida e um design ergon\u00f3mico, \u00e9 uma ferramenta essencial para o seu cuidado. Possui uma fun\u00e7\u00e3o de i\u00f5es negativos para controlar o frisado, sele\u00e7\u00e3o de velocidade e dois bicos para conseguir o estilo desejado.<\/p>\n\n\n\n<div class=\"wp-block-image\"><figure class=\"aligncenter size-full is-resized\"><a href=\"https:\/\/shopenzona.es\/pt\/secadores\/735137-secador-de-pelo-xiaomi-h101-rosa-6941812736739.html\" target=\"_blank\" rel=\"noopener\"><img loading=\"lazy\" src=\"https:\/\/shopenzona.es\/blog\/wp-content\/uploads\/2023\/12\/secador-de-pelo-xiaomi-h101-rosa.jpg\" alt=\"\" class=\"wp-image-24136\" width=\"391\" height=\"391\" srcset=\"https:\/\/shopenzona.es\/blogpt\/wp-content\/uploads\/2023\/12\/secador-de-pelo-xiaomi-h101-rosa.jpg 600w, https:\/\/shopenzona.es\/blogpt\/wp-content\/uploads\/2023\/12\/secador-de-pelo-xiaomi-h101-rosa-300x300.jpg 300w, https:\/\/shopenzona.es\/blogpt\/wp-content\/uploads\/2023\/12\/secador-de-pelo-xiaomi-h101-rosa-150x150.jpg 150w\" sizes=\"(max-width: 391px) 100vw, 391px\" \/><\/a><\/figure><\/div>\n\n\n\n<div class=\"wp-container-2 wp-block-buttons\">\n<div class=\"wp-block-button aligncenter\"><a class=\"wp-block-button__link\" href=\"https:\/\/shopenzona.es\/pt\/secadores\/735137-secador-de-pelo-xiaomi-h101-rosa-6941812736739.html\" target=\"_blank\" rel=\"noreferrer noopener\">VER SECADOR DE CABELO<\/a><\/div>\n<\/div>\n\n\n\n<div style=\"height:22px\" aria-hidden=\"true\" class=\"wp-block-spacer\"><\/div>\n\n\n\n<h3>SECADOR DE CABELO PHILIPS S\u00c9RIE 5000BHD501\/00 BRANCO<\/h3>\n\n\n\n<p>O <strong>secador de cabelo branco PHILIPS SERIES 5000BHD501\/00<\/strong> \u00e9 um secador de cabelo com tecnologia avan\u00e7ada para uma experi\u00eancia de secagem mais suave. Tem um motor de alta pot\u00eancia para uma secagem r\u00e1pida e uniforme e a tecnologia de i\u00f5es negativos elimina o frisado para um cabelo mais brilhante e saud\u00e1vel.<\/p>\n\n\n\n<div class=\"wp-block-image\"><figure class=\"aligncenter size-full is-resized\"><a href=\"https:\/\/shopenzona.es\/secadores\/468798-secador-de-pelo-philips-serie-5000bhd50100-blanco-8710103976776.html\" target=\"_blank\" rel=\"noopener\"><img loading=\"lazy\" src=\"https:\/\/shopenzona.es\/blog\/wp-content\/uploads\/2023\/12\/secador-de-pelo-philips-serie-5000bhd50100-blanco.jpg\" alt=\"\" class=\"wp-image-24137\" width=\"400\" height=\"400\" srcset=\"https:\/\/shopenzona.es\/blogpt\/wp-content\/uploads\/2023\/12\/secador-de-pelo-philips-serie-5000bhd50100-blanco.jpg 600w, https:\/\/shopenzona.es\/blogpt\/wp-content\/uploads\/2023\/12\/secador-de-pelo-philips-serie-5000bhd50100-blanco-300x300.jpg 300w, https:\/\/shopenzona.es\/blogpt\/wp-content\/uploads\/2023\/12\/secador-de-pelo-philips-serie-5000bhd50100-blanco-150x150.jpg 150w\" sizes=\"(max-width: 400px) 100vw, 400px\" \/><\/a><\/figure><\/div>\n\n\n\n<div class=\"wp-container-3 wp-block-buttons\">\n<div class=\"wp-block-button aligncenter\"><a class=\"wp-block-button__link\" href=\"https:\/\/shopenzona.es\/secadores\/468798-secador-de-pelo-philips-serie-5000bhd50100-blanco-8710103976776.html\" target=\"_blank\" rel=\"noreferrer noopener\">VER SECADOR DE CABELO<\/a><\/div>\n<\/div>\n\n\n\n<div style=\"height:22px\" aria-hidden=\"true\" class=\"wp-block-spacer\"><\/div>\n\n\n\n<h3>SECADOR BEURER HC-25-LE ROSA I\u00d3NICO<\/h3>\n\n\n\n<p>O <strong>secador de cabelo BEURER HC-25-LE Ionic rosa<\/strong> \u00e9 um secador de cabelo de alta qualidade com um design moderno e colorido. Possui tecnologia de ioniza\u00e7\u00e3o que minimiza o frisado e d\u00e1 ao cabelo um brilho saud\u00e1vel.<\/p>\n\n\n\n<div class=\"wp-block-image\"><figure class=\"aligncenter size-full is-resized\"><a href=\"https:\/\/shopenzona.es\/pt\/secadores\/767996-secador-beurer-hc-25-le-ionic-rosa-4211125600174.html\" target=\"_blank\" rel=\"noopener\"><img loading=\"lazy\" src=\"https:\/\/shopenzona.es\/blog\/wp-content\/uploads\/2023\/12\/secador-beurer-hc-25-le-ionic-rosa.jpg\" alt=\"\" class=\"wp-image-24138\" width=\"396\" height=\"396\" srcset=\"https:\/\/shopenzona.es\/blogpt\/wp-content\/uploads\/2023\/12\/secador-beurer-hc-25-le-ionic-rosa.jpg 600w, https:\/\/shopenzona.es\/blogpt\/wp-content\/uploads\/2023\/12\/secador-beurer-hc-25-le-ionic-rosa-300x300.jpg 300w, https:\/\/shopenzona.es\/blogpt\/wp-content\/uploads\/2023\/12\/secador-beurer-hc-25-le-ionic-rosa-150x150.jpg 150w\" sizes=\"(max-width: 396px) 100vw, 396px\" \/><\/a><\/figure><\/div>\n\n\n\n<div class=\"wp-container-4 wp-block-buttons\">\n<div class=\"wp-block-button aligncenter\"><a class=\"wp-block-button__link\" href=\"https:\/\/shopenzona.es\/pt\/secadores\/767996-secador-beurer-hc-25-le-ionic-rosa-4211125600174.html\" target=\"_blank\" rel=\"noreferrer noopener\">VER SECADOR DE CABELO<\/a><\/div>\n<\/div>\n\n\n\n<div style=\"height:22px\" aria-hidden=\"true\" class=\"wp-block-spacer\"><\/div>\n\n\n\n<h3>SECADOR DE CABELO DREAME HAIR GLEAM AHD12A ROSA<\/h3>\n\n\n\n<p>O <strong>secador de cabelo Dreame Hair Gleam AHD12A cor-de-rosa <\/strong>utiliza um potente motor sem escovas de alta velocidade de 1600 W a 110 000 RPM. Oferece uma velocidade do vento ultra-r\u00e1pida de 65 m\/s e um volume de ar de 55 m\u00b3\/h, proporcionando um poderoso fluxo de ar pressurizado para uma secagem eficiente.<\/p>\n\n\n\n<div class=\"wp-block-image\"><figure class=\"aligncenter size-full is-resized\"><a href=\"https:\/\/shopenzona.es\/secadores\/851685-secador-de-pelo-dreame-hair-gleam-ahd12a-pink-1600w110000-6976233671482.html\" target=\"_blank\" rel=\"noopener\"><img loading=\"lazy\" src=\"https:\/\/shopenzona.es\/blog\/wp-content\/uploads\/2023\/12\/secador-de-pelo-dreame-hair-gleam-ahd12a-pink-1600w110000.jpg\" alt=\"\" class=\"wp-image-24139\" width=\"433\" height=\"433\" srcset=\"https:\/\/shopenzona.es\/blogpt\/wp-content\/uploads\/2023\/12\/secador-de-pelo-dreame-hair-gleam-ahd12a-pink-1600w110000.jpg 600w, https:\/\/shopenzona.es\/blogpt\/wp-content\/uploads\/2023\/12\/secador-de-pelo-dreame-hair-gleam-ahd12a-pink-1600w110000-300x300.jpg 300w, https:\/\/shopenzona.es\/blogpt\/wp-content\/uploads\/2023\/12\/secador-de-pelo-dreame-hair-gleam-ahd12a-pink-1600w110000-150x150.jpg 150w\" sizes=\"(max-width: 433px) 100vw, 433px\" \/><\/a><\/figure><\/div>\n\n\n\n<div class=\"wp-container-5 wp-block-buttons\">\n<div class=\"wp-block-button aligncenter\"><a class=\"wp-block-button__link\" href=\"https:\/\/shopenzona.es\/secadores\/851685-secador-de-pelo-dreame-hair-gleam-ahd12a-pink-1600w110000-6976233671482.html\" target=\"_blank\" rel=\"noreferrer noopener\">VER SECADOR DE CABELO<\/a><\/div>\n<\/div>\n\n\n\n<div style=\"height:22px\" aria-hidden=\"true\" class=\"wp-block-spacer\"><\/div>\n\n\n\n<h2>Escolhendo o secador de cabelo profissional certo<\/h2>\n\n\n\n<p>Selecionar o secador de cabelo certo implica avaliar uma s\u00e9rie de factores cruciais. Na Allzone, guiamo-lo para tomar decis\u00f5es informadas. Considere o seu tipo de cabelo, uma vez que cada textura requer uma abordagem diferente. Se utiliza o seu secador de cabelo frequentemente, a durabilidade e a pot\u00eancia s\u00e3o fundamentais. Al\u00e9m disso, avalie as caracter\u00edsticas espec\u00edficas, como as defini\u00e7\u00f5es de temperatura e as tecnologias avan\u00e7adas. Os nossos especialistas sugerem que personalize a sua escolha de acordo com as suas necessidades individuais. Tenha estas dicas em mente ao escolher o seu secador de cabelo para obter resultados \u00f3ptimos e um cuidado excecional do cabelo, adaptado ao seu estilo de vida.<\/p>\n\n\n\n<h2>Manuten\u00e7\u00e3o e cuidados com os secadores de cabelo profissionais<\/h2>\n\n\n\n<p>Assegurar a durabilidade do seu secador de cabelo profissional \u00e9 essencial para um \u00f3timo desempenho. Na Allzone, oferecemos-lhe dicas pr\u00e1ticas de manuten\u00e7\u00e3o e limpeza. Para manter o seu aparelho em \u00f3ptimas condi\u00e7\u00f5es, certifique-se de que limpa regularmente os filtros de ar e os bicos para evitar entupimentos. Al\u00e9m disso, evite o sobreaquecimento, mantendo as aberturas de ventila\u00e7\u00e3o livres de detritos. Para prolongar a vida \u00fatil do seu secador, guarde-o num local fresco e seco e proteja-o da humidade. Siga estas recomenda\u00e7\u00f5es simples mas eficazes para garantir que o seu secador de cabelo profissional da Allzone lhe dar\u00e1 resultados excepcionais ao longo do tempo.<\/p>\n\n\n\n<h2>Comprar os melhores secadores de cabelo na Allzone<\/h2>\n\n\n\n<p>Na Allzone, encontrar\u00e1 os melhores secadores de cabelo para as suas necessidades. Resumimos os pontos-chave: variedade, tecnologias avan\u00e7adas e op\u00e7\u00f5es personalizadas. Escolher o secador de cabelo certo \u00e9 crucial para um cuidado \u00f3timo do cabelo. Pense na import\u00e2ncia da sua escolha e dirija-se \u00e0 nossa categoria de <a href=\"https:\/\/shopenzona.es\/pt\/1802-secadores\" target=\"_blank\" rel=\"noreferrer noopener\">secadores de cabelo<\/a> para descobrir a excel\u00eancia no cuidado do cabelo &#8211; opte pela qualidade em cada secagem!<\/p>\n","protected":false},"excerpt":{"rendered":"<p>Selecionar o secador de cabelo certo \u00e9 essencial para a sua rotina de cuidados capilares. A escolha n\u00e3o se limita apenas a uma secagem eficiente, mas estende-se \u00e0 adapta\u00e7\u00e3o \u00e0s necessidades espec\u00edficas do seu cabelo. Ao longo do tempo, os secadores de cabelo evolu\u00edram significativamente, passando de simples ferramentas de secagem a dispositivos avan\u00e7ados de&hellip;<\/p>\n","protected":false},"author":26,"featured_media":26422,"comment_status":"closed","ping_status":"closed","sticky":false,"template":"","format":"standard","meta":{"inline_featured_image":false},"categories":[550,559],"tags":[],"yoast_head":"<!-- This site is optimized with the Yoast SEO plugin v19.13 - https:\/\/yoast.com\/wordpress\/plugins\/seo\/ -->\n<title>Secadores de Pelo Profesionales: Elige el adecuado para ti<\/title>\n<meta name=\"description\" content=\"\u00bfQuieres lucir como si salieras de un sal\u00f3n de belleza? Nuestros secadores de pelo profesionales que transformar\u00e1n tu rutina de belleza\" \/>\n<meta name=\"robots\" content=\"index, follow, max-snippet:-1, max-image-preview:large, max-video-preview:-1\" \/>\n<link rel=\"canonical\" href=\"https:\/\/shopenzona.es\/blogpt\/secadores-pelo-profesionales\/\" \/>\n<meta property=\"og:locale\" content=\"es_ES\" \/>\n<meta property=\"og:type\" content=\"article\" \/>\n<meta property=\"og:title\" content=\"Secadores de Pelo Profesionales: Elige el adecuado para ti\" \/>\n<meta property=\"og:description\" content=\"\u00bfQuieres lucir como si salieras de un sal\u00f3n de belleza? Nuestros secadores de pelo profesionales que transformar\u00e1n tu rutina de belleza\" \/>\n<meta property=\"og:url\" content=\"https:\/\/shopenzona.es\/blogpt\/secadores-pelo-profesionales\/\" \/>\n<meta property=\"og:site_name\" content=\"Allzone Portugal\" \/>\n<meta property=\"article:published_time\" content=\"2024-01-09T13:17:46+00:00\" \/>\n<meta property=\"article:modified_time\" content=\"2024-12-27T16:21:15+00:00\" \/>\n<meta property=\"og:image\" content=\"https:\/\/shopenzona.es\/blogpt\/wp-content\/uploads\/2024\/01\/1001-C-1.jpg\" \/>\n\t<meta property=\"og:image:width\" content=\"825\" \/>\n\t<meta property=\"og:image:height\" content=\"450\" \/>\n\t<meta property=\"og:image:type\" content=\"image\/jpeg\" \/>\n<meta name=\"author\" content=\"Carla rrieta\" \/>\n<meta name=\"twitter:card\" content=\"summary_large_image\" \/>\n<meta name=\"twitter:label1\" content=\"Escrito por\" \/>\n\t<meta name=\"twitter:data1\" content=\"Carla rrieta\" \/>\n\t<meta name=\"twitter:label2\" content=\"Tiempo de lectura\" \/>\n\t<meta name=\"twitter:data2\" content=\"5 minutos\" \/>\n<script type=\"application\/ld+json\" class=\"yoast-schema-graph\">{\"@context\":\"https:\/\/schema.org\",\"@graph\":[{\"@type\":\"WebPage\",\"@id\":\"https:\/\/shopenzona.es\/blogpt\/secadores-pelo-profesionales\/\",\"url\":\"https:\/\/shopenzona.es\/blogpt\/secadores-pelo-profesionales\/\",\"name\":\"Secadores de Pelo Profesionales: Elige el adecuado para ti\",\"isPartOf\":{\"@id\":\"https:\/\/shopenzona.es\/blogpt\/#website\"},\"datePublished\":\"2024-01-09T13:17:46+00:00\",\"dateModified\":\"2024-12-27T16:21:15+00:00\",\"author\":{\"@id\":\"https:\/\/shopenzona.es\/blogpt\/#\/schema\/person\/e665dbc140444c0a4aebf0052c37d4cb\"},\"description\":\"\u00bfQuieres lucir como si salieras de un sal\u00f3n de belleza? Nuestros secadores de pelo profesionales que transformar\u00e1n tu rutina de belleza\",\"breadcrumb\":{\"@id\":\"https:\/\/shopenzona.es\/blogpt\/secadores-pelo-profesionales\/#breadcrumb\"},\"inLanguage\":\"es\",\"potentialAction\":[{\"@type\":\"ReadAction\",\"target\":[\"https:\/\/shopenzona.es\/blogpt\/secadores-pelo-profesionales\/\"]}]},{\"@type\":\"BreadcrumbList\",\"@id\":\"https:\/\/shopenzona.es\/blogpt\/secadores-pelo-profesionales\/#breadcrumb\",\"itemListElement\":[{\"@type\":\"ListItem\",\"position\":1,\"name\":\"Portada\",\"item\":\"https:\/\/shopenzona.es\/blogpt\/\"},{\"@type\":\"ListItem\",\"position\":2,\"name\":\"Secadores de cabelo profissionais: Escolher o mais adequado para si\"}]},{\"@type\":\"WebSite\",\"@id\":\"https:\/\/shopenzona.es\/blogpt\/#website\",\"url\":\"https:\/\/shopenzona.es\/blogpt\/\",\"name\":\"Allzone Portugal\",\"description\":\"Blog de Allzone Portugal\",\"potentialAction\":[{\"@type\":\"SearchAction\",\"target\":{\"@type\":\"EntryPoint\",\"urlTemplate\":\"https:\/\/shopenzona.es\/blogpt\/?s={search_term_string}\"},\"query-input\":\"required name=search_term_string\"}],\"inLanguage\":\"es\"},{\"@type\":\"Person\",\"@id\":\"https:\/\/shopenzona.es\/blogpt\/#\/schema\/person\/e665dbc140444c0a4aebf0052c37d4cb\",\"name\":\"Carla rrieta\",\"image\":{\"@type\":\"ImageObject\",\"inLanguage\":\"es\",\"@id\":\"https:\/\/shopenzona.es\/blogpt\/#\/schema\/person\/image\/\",\"url\":\"https:\/\/secure.gravatar.com\/avatar\/8de06663b7c0faef5c2a4dda092977f5?s=96&d=mm&r=g\",\"contentUrl\":\"https:\/\/secure.gravatar.com\/avatar\/8de06663b7c0faef5c2a4dda092977f5?s=96&d=mm&r=g\",\"caption\":\"Carla rrieta\"}}]}<\/script>\n<!-- \/ Yoast SEO plugin. -->","yoast_head_json":{"title":"Secadores de Pelo Profesionales: Elige el adecuado para ti","description":"\u00bfQuieres lucir como si salieras de un sal\u00f3n de belleza? Nuestros secadores de pelo profesionales que transformar\u00e1n tu rutina de belleza","robots":{"index":"index","follow":"follow","max-snippet":"max-snippet:-1","max-image-preview":"max-image-preview:large","max-video-preview":"max-video-preview:-1"},"canonical":"https:\/\/shopenzona.es\/blogpt\/secadores-pelo-profesionales\/","og_locale":"es_ES","og_type":"article","og_title":"Secadores de Pelo Profesionales: Elige el adecuado para ti","og_description":"\u00bfQuieres lucir como si salieras de un sal\u00f3n de belleza? Nuestros secadores de pelo profesionales que transformar\u00e1n tu rutina de belleza","og_url":"https:\/\/shopenzona.es\/blogpt\/secadores-pelo-profesionales\/","og_site_name":"Allzone Portugal","article_published_time":"2024-01-09T13:17:46+00:00","article_modified_time":"2024-12-27T16:21:15+00:00","og_image":[{"width":825,"height":450,"url":"https:\/\/shopenzona.es\/blogpt\/wp-content\/uploads\/2024\/01\/1001-C-1.jpg","type":"image\/jpeg"}],"author":"Carla rrieta","twitter_card":"summary_large_image","twitter_misc":{"Escrito por":"Carla rrieta","Tiempo de lectura":"5 minutos"},"schema":{"@context":"https:\/\/schema.org","@graph":[{"@type":"WebPage","@id":"https:\/\/shopenzona.es\/blogpt\/secadores-pelo-profesionales\/","url":"https:\/\/shopenzona.es\/blogpt\/secadores-pelo-profesionales\/","name":"Secadores de Pelo Profesionales: Elige el adecuado para ti","isPartOf":{"@id":"https:\/\/shopenzona.es\/blogpt\/#website"},"datePublished":"2024-01-09T13:17:46+00:00","dateModified":"2024-12-27T16:21:15+00:00","author":{"@id":"https:\/\/shopenzona.es\/blogpt\/#\/schema\/person\/e665dbc140444c0a4aebf0052c37d4cb"},"description":"\u00bfQuieres lucir como si salieras de un sal\u00f3n de belleza? Nuestros secadores de pelo profesionales que transformar\u00e1n tu rutina de belleza","breadcrumb":{"@id":"https:\/\/shopenzona.es\/blogpt\/secadores-pelo-profesionales\/#breadcrumb"},"inLanguage":"es","potentialAction":[{"@type":"ReadAction","target":["https:\/\/shopenzona.es\/blogpt\/secadores-pelo-profesionales\/"]}]},{"@type":"BreadcrumbList","@id":"https:\/\/shopenzona.es\/blogpt\/secadores-pelo-profesionales\/#breadcrumb","itemListElement":[{"@type":"ListItem","position":1,"name":"Portada","item":"https:\/\/shopenzona.es\/blogpt\/"},{"@type":"ListItem","position":2,"name":"Secadores de cabelo profissionais: Escolher o mais adequado para si"}]},{"@type":"WebSite","@id":"https:\/\/shopenzona.es\/blogpt\/#website","url":"https:\/\/shopenzona.es\/blogpt\/","name":"Allzone Portugal","description":"Blog de Allzone Portugal","potentialAction":[{"@type":"SearchAction","target":{"@type":"EntryPoint","urlTemplate":"https:\/\/shopenzona.es\/blogpt\/?s={search_term_string}"},"query-input":"required name=search_term_string"}],"inLanguage":"es"},{"@type":"Person","@id":"https:\/\/shopenzona.es\/blogpt\/#\/schema\/person\/e665dbc140444c0a4aebf0052c37d4cb","name":"Carla rrieta","image":{"@type":"ImageObject","inLanguage":"es","@id":"https:\/\/shopenzona.es\/blogpt\/#\/schema\/person\/image\/","url":"https:\/\/secure.gravatar.com\/avatar\/8de06663b7c0faef5c2a4dda092977f5?s=96&d=mm&r=g","contentUrl":"https:\/\/secure.gravatar.com\/avatar\/8de06663b7c0faef5c2a4dda092977f5?s=96&d=mm&r=g","caption":"Carla rrieta"}}]}},"_links":{"self":[{"href":"https:\/\/shopenzona.es\/blogpt\/wp-json\/wp\/v2\/posts\/24134"}],"collection":[{"href":"https:\/\/shopenzona.es\/blogpt\/wp-json\/wp\/v2\/posts"}],"about":[{"href":"https:\/\/shopenzona.es\/blogpt\/wp-json\/wp\/v2\/types\/post"}],"author":[{"embeddable":true,"href":"https:\/\/shopenzona.es\/blogpt\/wp-json\/wp\/v2\/users\/26"}],"replies":[{"embeddable":true,"href":"https:\/\/shopenzona.es\/blogpt\/wp-json\/wp\/v2\/comments?post=24134"}],"version-history":[{"count":7,"href":"https:\/\/shopenzona.es\/blogpt\/wp-json\/wp\/v2\/posts\/24134\/revisions"}],"predecessor-version":[{"id":33301,"href":"https:\/\/shopenzona.es\/blogpt\/wp-json\/wp\/v2\/posts\/24134\/revisions\/33301"}],"wp:featuredmedia":[{"embeddable":true,"href":"https:\/\/shopenzona.es\/blogpt\/wp-json\/wp\/v2\/media\/26422"}],"wp:attachment":[{"href":"https:\/\/shopenzona.es\/blogpt\/wp-json\/wp\/v2\/media?parent=24134"}],"wp:term":[{"taxonomy":"category","embeddable":true,"href":"https:\/\/shopenzona.es\/blogpt\/wp-json\/wp\/v2\/categories?post=24134"},{"taxonomy":"post_tag","embeddable":true,"href":"https:\/\/shopenzona.es\/blogpt\/wp-json\/wp\/v2\/tags?post=24134"}],"curies":[{"name":"wp","href":"https:\/\/api.w.org\/{rel}","templated":true}]}}