{"id":24466,"date":"2024-01-12T11:18:29","date_gmt":"2024-01-12T10:18:29","guid":{"rendered":"https:\/\/allzone.es\/blog\/?p=24466"},"modified":"2024-12-27T17:19:25","modified_gmt":"2024-12-27T16:19:25","slug":"tendencias-lamparas-2024","status":"publish","type":"post","link":"https:\/\/shopenzona.es\/blogpt\/tendencias-lamparas-2024\/","title":{"rendered":"Tend\u00eancias das l\u00e2mpadas para 2024"},"content":{"rendered":"\n<p>No mundo din\u00e2mico do design de interiores, a <a href=\"https:\/\/shopenzona.es\/pt\/4193-iluminacion\" target=\"_blank\" rel=\"noreferrer noopener\">ilumina\u00e7\u00e3o<\/a> desempenha um papel crucial na cria\u00e7\u00e3o de ambientes dom\u00e9sticos acolhedores e funcionais. Em 2024, as tend\u00eancias de candeeiros continuam a evoluir, adaptando-se \u00e0s novas necessidades dos utilizadores. A ilumina\u00e7\u00e3o n\u00e3o s\u00f3 tem uma fun\u00e7\u00e3o pr\u00e1tica de iluminar os espa\u00e7os, como tamb\u00e9m se tornou uma express\u00e3o de estilo e personalidade.<\/p>\n\n\n\n<p>Os <a href=\"https:\/\/shopenzona.es\/pt\/4194-lamparas-techo\" target=\"_blank\" rel=\"noreferrer noopener\">candeeiros suspensos<\/a> est\u00e3o a ganhar terreno, trazendo eleg\u00e2ncia e focando a luz estrategicamente. As op\u00e7\u00f5es inteligentes, como as l\u00e2mpadas controladas por voz, est\u00e3o a tornar-se mais integradas na vida quotidiana, proporcionando comodidade e efici\u00eancia. Para al\u00e9m disso, as l\u00e2mpadas LED, reconhecidas pela sua efici\u00eancia energ\u00e9tica, continuam a ganhar protagonismo, proporcionando uma ilumina\u00e7\u00e3o brilhante e vers\u00e1til.<\/p>\n\n\n\n<p>Neste 2024, observamos a fus\u00e3o de estilos cl\u00e1ssicos e modernos, dando lugar a desenhos \u00fanicos que se destacam em qualquer espa\u00e7o. A escolha da ilumina\u00e7\u00e3o j\u00e1 n\u00e3o se limita \u00e0 funcionalidade, mas converte-se numa declara\u00e7\u00e3o de est\u00e9tica em constante evolu\u00e7\u00e3o.<\/p>\n\n\n\n<h2>L\u00e2mpadas em forma de cogumelo: Um cl\u00e1ssico renovado<\/h2>\n\n\n\n<p>As l\u00e2mpadas em forma de cogumelo, um cl\u00e1ssico renovado, capturam a aten\u00e7\u00e3o com seu design distinto e versatilidade. Fabricadas com materiais de alta qualidade, estas l\u00e2mpadas oferecem durabilidade e estilo atemporal. Dispon\u00edveis em uma variedade de estilos, desde moderno at\u00e9 vintage, adaptam-se facilmente a qualquer decora\u00e7\u00e3o. Sua ilumina\u00e7\u00e3o suave cria ambientes acolhedores, perfeitos para \u00e1reas de descanso ou leitura. Integre-as em sua casa para adicionar um toque \u00fanico e elegante ao seu espa\u00e7o, seja na sala de estar, quarto ou est\u00fadio. Eleve sua decora\u00e7\u00e3o com estas l\u00e2mpadas vers\u00e1teis e atraentes.<\/p>\n\n\n\n<div class=\"wp-block-image\"><figure class=\"aligncenter size-full is-resized\"><a href=\"https:\/\/shopenzona.es\/pt\/lamparas-techo\/201804-lamparas-de-techo-2-uds-semiesfericas-negro-y-dorado-50-cm-e27-8718475733003.html\" target=\"_blank\" rel=\"noopener\"><img loading=\"lazy\" src=\"https:\/\/shopenzona.es\/blog\/wp-content\/uploads\/2024\/01\/lamparas-de-techo-2-uds-semiesfericas-negro-y-dorado-50-cm-e27.jpg\" alt=\"\" class=\"wp-image-24481\" width=\"313\" height=\"313\" srcset=\"https:\/\/shopenzona.es\/blogpt\/wp-content\/uploads\/2024\/01\/lamparas-de-techo-2-uds-semiesfericas-negro-y-dorado-50-cm-e27.jpg 600w, https:\/\/shopenzona.es\/blogpt\/wp-content\/uploads\/2024\/01\/lamparas-de-techo-2-uds-semiesfericas-negro-y-dorado-50-cm-e27-300x300.jpg 300w, https:\/\/shopenzona.es\/blogpt\/wp-content\/uploads\/2024\/01\/lamparas-de-techo-2-uds-semiesfericas-negro-y-dorado-50-cm-e27-150x150.jpg 150w\" sizes=\"(max-width: 313px) 100vw, 313px\" \/><\/a><\/figure><\/div>\n\n\n\n<div class=\"wp-container-1 wp-block-buttons\">\n<div class=\"wp-block-button aligncenter\"><a class=\"wp-block-button__link\" href=\"https:\/\/shopenzona.es\/pt\/lamparas-techo\/201804-lamparas-de-techo-2-uds-semiesfericas-negro-y-dorado-50-cm-e27-8718475733003.html\" target=\"_blank\" rel=\"noreferrer noopener\">VER L\u00c2MPADA<\/a><\/div>\n<\/div>\n\n\n\n<div style=\"height:21px\" aria-hidden=\"true\" class=\"wp-block-spacer\"><\/div>\n\n\n\n<h2>O Encanto Natural das Fibras Naturais<\/h2>\n\n\n\n<p>Explore o charme natural das fibras como r\u00e1fia, juta e linho nas tend\u00eancias atuais de l\u00e2mpadas. Descubra como estas texturas adicionam calor e autenticidade \u00e0 sua casa. Combine estas l\u00e2mpadas com elementos contempor\u00e2neos ou cl\u00e1ssicos para criar contrastes visuais impactantes. Desde l\u00e2mpadas de suspens\u00e3o de juta na sala de estar at\u00e9 apliques de linho no dormit\u00f3rio, a versatilidade destes materiais permite uma f\u00e1cil integra\u00e7\u00e3o em diversas decora\u00e7\u00f5es. Eleve seu espa\u00e7o com a naturalidade e estilo que as l\u00e2mpadas de fibras naturais oferecem.<\/p>\n\n\n\n<div class=\"wp-block-image\"><figure class=\"aligncenter size-full is-resized\"><a href=\"https:\/\/shopenzona.es\/pt\/lamparas-techo\/201853-lampara-colgante-blanco-y-dorado-e27-o50-cm-8719883586304.html\" target=\"_blank\" rel=\"noopener\"><img loading=\"lazy\" src=\"https:\/\/shopenzona.es\/blog\/wp-content\/uploads\/2024\/01\/lampara-colgante-blanco-y-dorado-e27-o50-cm.jpg\" alt=\"\" class=\"wp-image-24482\" width=\"328\" height=\"328\" srcset=\"https:\/\/shopenzona.es\/blogpt\/wp-content\/uploads\/2024\/01\/lampara-colgante-blanco-y-dorado-e27-o50-cm.jpg 600w, https:\/\/shopenzona.es\/blogpt\/wp-content\/uploads\/2024\/01\/lampara-colgante-blanco-y-dorado-e27-o50-cm-300x300.jpg 300w, https:\/\/shopenzona.es\/blogpt\/wp-content\/uploads\/2024\/01\/lampara-colgante-blanco-y-dorado-e27-o50-cm-150x150.jpg 150w\" sizes=\"(max-width: 328px) 100vw, 328px\" \/><\/a><\/figure><\/div>\n\n\n\n<div class=\"wp-container-2 wp-block-buttons\">\n<div class=\"wp-block-button aligncenter\"><a class=\"wp-block-button__link\" href=\"https:\/\/shopenzona.es\/pt\/lamparas-techo\/201853-lampara-colgante-blanco-y-dorado-e27-o50-cm-8719883586304.html\" target=\"_blank\" rel=\"noreferrer noopener\">VER L\u00c2MPADA<\/a><\/div>\n<\/div>\n\n\n\n<div style=\"height:21px\" aria-hidden=\"true\" class=\"wp-block-spacer\"><\/div>\n\n\n\n<h2>L\u00e2mpadas de Cristal: Eleg\u00e2ncia e Versatilidade<\/h2>\n\n\n\n<p>Mergulhe na eleg\u00e2ncia e versatilidade das l\u00e2mpadas de cristal, onde as tend\u00eancias atuais abra\u00e7am projetos opalinos e fumados. Estas l\u00e2mpadas, com a sua transpar\u00eancia distintiva, adicionam um toque sofisticado a qualquer espa\u00e7o. Desde aranhas de cristal opalino em salas de jantar at\u00e9 l\u00e2mpadas suspensas fumadas em dormit\u00f3rios modernos, a diversidade de estilos permite uma integra\u00e7\u00e3o fluida em diversos ambientes. Descubra como estas pe\u00e7as refinadas iluminam sua casa com um brilho \u00fanico, elevando a est\u00e9tica de seus espa\u00e7os com um toque de luminosidade e estilo.<\/p>\n\n\n\n<div class=\"wp-block-image\"><figure class=\"aligncenter size-full is-resized\"><a href=\"https:\/\/shopenzona.es\/pt\/lamparas-techo\/197818-lampara-de-arana-de-cristal-365x46-cm-8718475882213.html\" target=\"_blank\" rel=\"noopener\"><img loading=\"lazy\" src=\"https:\/\/shopenzona.es\/blog\/wp-content\/uploads\/2024\/01\/lampara-de-arana-de-cristal-365x46-cm.jpg\" alt=\"\" class=\"wp-image-24483\" width=\"453\" height=\"453\" srcset=\"https:\/\/shopenzona.es\/blogpt\/wp-content\/uploads\/2024\/01\/lampara-de-arana-de-cristal-365x46-cm.jpg 600w, https:\/\/shopenzona.es\/blogpt\/wp-content\/uploads\/2024\/01\/lampara-de-arana-de-cristal-365x46-cm-300x300.jpg 300w, https:\/\/shopenzona.es\/blogpt\/wp-content\/uploads\/2024\/01\/lampara-de-arana-de-cristal-365x46-cm-150x150.jpg 150w\" sizes=\"(max-width: 453px) 100vw, 453px\" \/><\/a><\/figure><\/div>\n\n\n\n<div class=\"wp-container-3 wp-block-buttons\">\n<div class=\"wp-block-button aligncenter\"><a class=\"wp-block-button__link\" href=\"https:\/\/shopenzona.es\/pt\/lamparas-techo\/197818-lampara-de-arana-de-cristal-365x46-cm-8718475882213.html\" target=\"_blank\" rel=\"noreferrer noopener\">VER L\u00c2MPADA<\/a><\/div>\n<\/div>\n\n\n\n<div style=\"height:21px\" aria-hidden=\"true\" class=\"wp-block-spacer\"><\/div>\n\n\n\n<h2>Inova\u00e7\u00e3o e Tecnologia na Ilumina\u00e7\u00e3o<\/h2>\n\n\n\n<p>Descubra a converg\u00eancia entre inova\u00e7\u00e3o e tecnologia no mundo da ilumina\u00e7\u00e3o. As l\u00e2mpadas inteligentes lideram as tend\u00eancias tecnol\u00f3gicas, permitindo um controle personalizado atrav\u00e9s de dispositivos inteligentes. Esta revolu\u00e7\u00e3o n\u00e3o s\u00f3 redefine a funcionalidade, como tamb\u00e9m molda o design, integrando linhas elegantes com tecnologia avan\u00e7ada. Desde l\u00e2mpadas com sensores de movimento at\u00e9 op\u00e7\u00f5es de ilumina\u00e7\u00e3o conectada, a tecnologia influencia cada detalhe. Explore como essas inova\u00e7\u00f5es transformam seus espa\u00e7os, fundindo est\u00e9tica contempor\u00e2nea com conforto moderno, em um espectro luminoso de possibilidades para sua casa em Allzone.<\/p>\n\n\n\n<div class=\"wp-block-image\"><figure class=\"aligncenter size-full is-resized\"><a href=\"https:\/\/shopenzona.es\/pt\/lamparas-inteligentes\/450415-sensor-de-movimiento-con-luz-de-noche-xiaomi-mi-motion-activated-night-light-2-6934177751325.html\" target=\"_blank\" rel=\"noopener\"><img loading=\"lazy\" src=\"https:\/\/shopenzona.es\/blog\/wp-content\/uploads\/2024\/01\/sensor-de-movimiento-con-luz-de-noche-xiaomi-mi-motion-activated-night-light-2.jpg\" alt=\"\" class=\"wp-image-24484\" width=\"343\" height=\"343\" srcset=\"https:\/\/shopenzona.es\/blogpt\/wp-content\/uploads\/2024\/01\/sensor-de-movimiento-con-luz-de-noche-xiaomi-mi-motion-activated-night-light-2.jpg 600w, https:\/\/shopenzona.es\/blogpt\/wp-content\/uploads\/2024\/01\/sensor-de-movimiento-con-luz-de-noche-xiaomi-mi-motion-activated-night-light-2-300x300.jpg 300w, https:\/\/shopenzona.es\/blogpt\/wp-content\/uploads\/2024\/01\/sensor-de-movimiento-con-luz-de-noche-xiaomi-mi-motion-activated-night-light-2-150x150.jpg 150w\" sizes=\"(max-width: 343px) 100vw, 343px\" \/><\/a><\/figure><\/div>\n\n\n\n<div class=\"wp-container-4 wp-block-buttons\">\n<div class=\"wp-block-button aligncenter\"><a class=\"wp-block-button__link\" href=\"https:\/\/shopenzona.es\/pt\/lamparas-inteligentes\/450415-sensor-de-movimiento-con-luz-de-noche-xiaomi-mi-motion-activated-night-light-2-6934177751325.html\" target=\"_blank\" rel=\"noreferrer noopener\">VER L\u00c2MPADA<\/a><\/div>\n<\/div>\n\n\n\n<div style=\"height:21px\" aria-hidden=\"true\" class=\"wp-block-spacer\"><\/div>\n\n\n\n<h2>Dicas pr\u00e1ticas para escolher a l\u00e2mpada ideal<\/h2>\n\n\n\n<p>Encontre a l\u00e2mpada perfeita com nossos conselhos pr\u00e1ticos. Ao escolher a ilumina\u00e7\u00e3o ideal, considere o tamanho do espa\u00e7o e a necessidade de luz espec\u00edfica. Escolha tonalidades que complementem a decora\u00e7\u00e3o existente e escolha desenhos que se integrem harmoniosamente. Para \u00e1reas mais amplas, l\u00e2mpadas maiores proporcionam ilumina\u00e7\u00e3o adequada, enquanto espa\u00e7os mais \u00edntimos beneficiam de op\u00e7\u00f5es mais sutis. Explore nossa ampla gama de cores e estilos em Allzone para encontrar a l\u00e2mpada que n\u00e3o s\u00f3 ilumina, mas tamb\u00e9m real\u00e7a a est\u00e9tica de cada canto de sua casa.<\/p>\n\n\n\n<div class=\"wp-block-image\"><figure class=\"aligncenter size-full is-resized\"><a href=\"https:\/\/shopenzona.es\/pt\/lamparas-sobremesa\/232764-lamparas-de-mesa-2-unidades--con-boton-tactil-blanco-e14-8719883691824.html\" target=\"_blank\" rel=\"noopener\"><img loading=\"lazy\" src=\"https:\/\/shopenzona.es\/blog\/wp-content\/uploads\/2024\/01\/lamparas-de-mesa-2-unidades-con-boton-tactil-blanco-e14.jpg\" alt=\"\" class=\"wp-image-24485\" width=\"372\" height=\"372\" srcset=\"https:\/\/shopenzona.es\/blogpt\/wp-content\/uploads\/2024\/01\/lamparas-de-mesa-2-unidades-con-boton-tactil-blanco-e14.jpg 600w, https:\/\/shopenzona.es\/blogpt\/wp-content\/uploads\/2024\/01\/lamparas-de-mesa-2-unidades-con-boton-tactil-blanco-e14-300x300.jpg 300w, https:\/\/shopenzona.es\/blogpt\/wp-content\/uploads\/2024\/01\/lamparas-de-mesa-2-unidades-con-boton-tactil-blanco-e14-150x150.jpg 150w\" sizes=\"(max-width: 372px) 100vw, 372px\" \/><\/a><\/figure><\/div>\n\n\n\n<div class=\"wp-container-5 wp-block-buttons\">\n<div class=\"wp-block-button aligncenter\"><a class=\"wp-block-button__link\" href=\"https:\/\/shopenzona.es\/pt\/lamparas-sobremesa\/232764-lamparas-de-mesa-2-unidades--con-boton-tactil-blanco-e14-8719883691824.html\" target=\"_blank\" rel=\"noreferrer noopener\">VER L\u00c2MPADA<\/a><\/div>\n<\/div>\n\n\n\n<div style=\"height:21px\" aria-hidden=\"true\" class=\"wp-block-spacer\"><\/div>\n\n\n\n<h3>Comprar as melhores l\u00e2mpadas em Allzone<\/h3>\n\n\n\n<p>Encontre as \u00faltimas tend\u00eancias em l\u00e2mpadas e transforme seu espa\u00e7o com Allzone. De modelos minimalistas a op\u00e7\u00f5es mais ousadas, nossa sele\u00e7\u00e3o abrange todas as tend\u00eancias atuais. As l\u00e2mpadas geom\u00e9tricas se destacam por sua modernidade, enquanto as pe\u00e7as de inspira\u00e7\u00e3o vintage acrescentam um toque nost\u00e1lgico. Explore a diversidade de estilos, cores e materiais que pautam a decora\u00e7\u00e3o. Na Allzone, oferecemos-lhe uma ampla gama para que encontre a l\u00e2mpada perfeita que n\u00e3o s\u00f3 ilumine, mas tamb\u00e9m eleve a est\u00e9tica do seu lar de acordo com as \u00faltimas tend\u00eancias no nosso cat\u00e1logo de <a href=\"https:\/\/shopenzona.es\/pt\/4193-iluminacion\" target=\"_blank\" rel=\"noreferrer noopener\">ilumina\u00e7\u00e3o<\/a>.<\/p>\n","protected":false},"excerpt":{"rendered":"<p>No mundo din\u00e2mico do design de interiores, a ilumina\u00e7\u00e3o desempenha um papel crucial na cria\u00e7\u00e3o de ambientes dom\u00e9sticos acolhedores e funcionais. Em 2024, as tend\u00eancias de candeeiros continuam a evoluir, adaptando-se \u00e0s novas necessidades dos utilizadores. A ilumina\u00e7\u00e3o n\u00e3o s\u00f3 tem uma fun\u00e7\u00e3o pr\u00e1tica de iluminar os espa\u00e7os, como tamb\u00e9m se tornou uma express\u00e3o de&hellip;<\/p>\n","protected":false},"author":26,"featured_media":26420,"comment_status":"closed","ping_status":"closed","sticky":false,"template":"","format":"standard","meta":{"inline_featured_image":false},"categories":[21,23],"tags":[],"yoast_head":"<!-- This site is optimized with the Yoast SEO plugin v19.13 - https:\/\/yoast.com\/wordpress\/plugins\/seo\/ -->\n<title>Tend\u00eancias das l\u00e2mpadas para 2024 - Allzone Portugal<\/title>\n<meta name=\"description\" content=\"\u00bfBuscas inspiraci\u00f3n para tu hogar? Descubre las tendencias en l\u00e1mparas 2024. Innovaci\u00f3n y dise\u00f1os que transformar\u00e1n tus ambientes\" \/>\n<meta name=\"robots\" content=\"index, follow, max-snippet:-1, max-image-preview:large, max-video-preview:-1\" \/>\n<link rel=\"canonical\" href=\"https:\/\/shopenzona.es\/blogpt\/tendencias-lamparas-2024\/\" \/>\n<meta property=\"og:locale\" content=\"es_ES\" \/>\n<meta property=\"og:type\" content=\"article\" \/>\n<meta property=\"og:title\" content=\"Tend\u00eancias das l\u00e2mpadas para 2024 - Allzone Portugal\" \/>\n<meta property=\"og:description\" content=\"\u00bfBuscas inspiraci\u00f3n para tu hogar? Descubre las tendencias en l\u00e1mparas 2024. Innovaci\u00f3n y dise\u00f1os que transformar\u00e1n tus ambientes\" \/>\n<meta property=\"og:url\" content=\"https:\/\/shopenzona.es\/blogpt\/tendencias-lamparas-2024\/\" \/>\n<meta property=\"og:site_name\" content=\"Allzone Portugal\" \/>\n<meta property=\"article:published_time\" content=\"2024-01-12T10:18:29+00:00\" \/>\n<meta property=\"article:modified_time\" content=\"2024-12-27T16:19:25+00:00\" \/>\n<meta property=\"og:image\" content=\"https:\/\/shopenzona.es\/blogpt\/wp-content\/uploads\/2024\/01\/1201-M-1.jpg\" \/>\n\t<meta property=\"og:image:width\" content=\"825\" \/>\n\t<meta property=\"og:image:height\" content=\"450\" \/>\n\t<meta property=\"og:image:type\" content=\"image\/jpeg\" \/>\n<meta name=\"author\" content=\"Carla rrieta\" \/>\n<meta name=\"twitter:card\" content=\"summary_large_image\" \/>\n<meta name=\"twitter:label1\" content=\"Escrito por\" \/>\n\t<meta name=\"twitter:data1\" content=\"Carla rrieta\" \/>\n\t<meta name=\"twitter:label2\" content=\"Tiempo de lectura\" \/>\n\t<meta name=\"twitter:data2\" content=\"5 minutos\" \/>\n<script type=\"application\/ld+json\" class=\"yoast-schema-graph\">{\"@context\":\"https:\/\/schema.org\",\"@graph\":[{\"@type\":\"WebPage\",\"@id\":\"https:\/\/shopenzona.es\/blogpt\/tendencias-lamparas-2024\/\",\"url\":\"https:\/\/shopenzona.es\/blogpt\/tendencias-lamparas-2024\/\",\"name\":\"Tend\u00eancias das l\u00e2mpadas para 2024 - Allzone Portugal\",\"isPartOf\":{\"@id\":\"https:\/\/shopenzona.es\/blogpt\/#website\"},\"datePublished\":\"2024-01-12T10:18:29+00:00\",\"dateModified\":\"2024-12-27T16:19:25+00:00\",\"author\":{\"@id\":\"https:\/\/shopenzona.es\/blogpt\/#\/schema\/person\/e665dbc140444c0a4aebf0052c37d4cb\"},\"description\":\"\u00bfBuscas inspiraci\u00f3n para tu hogar? Descubre las tendencias en l\u00e1mparas 2024. Innovaci\u00f3n y dise\u00f1os que transformar\u00e1n tus ambientes\",\"breadcrumb\":{\"@id\":\"https:\/\/shopenzona.es\/blogpt\/tendencias-lamparas-2024\/#breadcrumb\"},\"inLanguage\":\"es\",\"potentialAction\":[{\"@type\":\"ReadAction\",\"target\":[\"https:\/\/shopenzona.es\/blogpt\/tendencias-lamparas-2024\/\"]}]},{\"@type\":\"BreadcrumbList\",\"@id\":\"https:\/\/shopenzona.es\/blogpt\/tendencias-lamparas-2024\/#breadcrumb\",\"itemListElement\":[{\"@type\":\"ListItem\",\"position\":1,\"name\":\"Portada\",\"item\":\"https:\/\/shopenzona.es\/blogpt\/\"},{\"@type\":\"ListItem\",\"position\":2,\"name\":\"Tend\u00eancias das l\u00e2mpadas para 2024\"}]},{\"@type\":\"WebSite\",\"@id\":\"https:\/\/shopenzona.es\/blogpt\/#website\",\"url\":\"https:\/\/shopenzona.es\/blogpt\/\",\"name\":\"Allzone Portugal\",\"description\":\"Blog de Allzone Portugal\",\"potentialAction\":[{\"@type\":\"SearchAction\",\"target\":{\"@type\":\"EntryPoint\",\"urlTemplate\":\"https:\/\/shopenzona.es\/blogpt\/?s={search_term_string}\"},\"query-input\":\"required name=search_term_string\"}],\"inLanguage\":\"es\"},{\"@type\":\"Person\",\"@id\":\"https:\/\/shopenzona.es\/blogpt\/#\/schema\/person\/e665dbc140444c0a4aebf0052c37d4cb\",\"name\":\"Carla rrieta\",\"image\":{\"@type\":\"ImageObject\",\"inLanguage\":\"es\",\"@id\":\"https:\/\/shopenzona.es\/blogpt\/#\/schema\/person\/image\/\",\"url\":\"https:\/\/secure.gravatar.com\/avatar\/8de06663b7c0faef5c2a4dda092977f5?s=96&d=mm&r=g\",\"contentUrl\":\"https:\/\/secure.gravatar.com\/avatar\/8de06663b7c0faef5c2a4dda092977f5?s=96&d=mm&r=g\",\"caption\":\"Carla rrieta\"}}]}<\/script>\n<!-- \/ Yoast SEO plugin. -->","yoast_head_json":{"title":"Tend\u00eancias das l\u00e2mpadas para 2024 - Allzone Portugal","description":"\u00bfBuscas inspiraci\u00f3n para tu hogar? Descubre las tendencias en l\u00e1mparas 2024. Innovaci\u00f3n y dise\u00f1os que transformar\u00e1n tus ambientes","robots":{"index":"index","follow":"follow","max-snippet":"max-snippet:-1","max-image-preview":"max-image-preview:large","max-video-preview":"max-video-preview:-1"},"canonical":"https:\/\/shopenzona.es\/blogpt\/tendencias-lamparas-2024\/","og_locale":"es_ES","og_type":"article","og_title":"Tend\u00eancias das l\u00e2mpadas para 2024 - Allzone Portugal","og_description":"\u00bfBuscas inspiraci\u00f3n para tu hogar? Descubre las tendencias en l\u00e1mparas 2024. Innovaci\u00f3n y dise\u00f1os que transformar\u00e1n tus ambientes","og_url":"https:\/\/shopenzona.es\/blogpt\/tendencias-lamparas-2024\/","og_site_name":"Allzone Portugal","article_published_time":"2024-01-12T10:18:29+00:00","article_modified_time":"2024-12-27T16:19:25+00:00","og_image":[{"width":825,"height":450,"url":"https:\/\/shopenzona.es\/blogpt\/wp-content\/uploads\/2024\/01\/1201-M-1.jpg","type":"image\/jpeg"}],"author":"Carla rrieta","twitter_card":"summary_large_image","twitter_misc":{"Escrito por":"Carla rrieta","Tiempo de lectura":"5 minutos"},"schema":{"@context":"https:\/\/schema.org","@graph":[{"@type":"WebPage","@id":"https:\/\/shopenzona.es\/blogpt\/tendencias-lamparas-2024\/","url":"https:\/\/shopenzona.es\/blogpt\/tendencias-lamparas-2024\/","name":"Tend\u00eancias das l\u00e2mpadas para 2024 - Allzone Portugal","isPartOf":{"@id":"https:\/\/shopenzona.es\/blogpt\/#website"},"datePublished":"2024-01-12T10:18:29+00:00","dateModified":"2024-12-27T16:19:25+00:00","author":{"@id":"https:\/\/shopenzona.es\/blogpt\/#\/schema\/person\/e665dbc140444c0a4aebf0052c37d4cb"},"description":"\u00bfBuscas inspiraci\u00f3n para tu hogar? Descubre las tendencias en l\u00e1mparas 2024. Innovaci\u00f3n y dise\u00f1os que transformar\u00e1n tus ambientes","breadcrumb":{"@id":"https:\/\/shopenzona.es\/blogpt\/tendencias-lamparas-2024\/#breadcrumb"},"inLanguage":"es","potentialAction":[{"@type":"ReadAction","target":["https:\/\/shopenzona.es\/blogpt\/tendencias-lamparas-2024\/"]}]},{"@type":"BreadcrumbList","@id":"https:\/\/shopenzona.es\/blogpt\/tendencias-lamparas-2024\/#breadcrumb","itemListElement":[{"@type":"ListItem","position":1,"name":"Portada","item":"https:\/\/shopenzona.es\/blogpt\/"},{"@type":"ListItem","position":2,"name":"Tend\u00eancias das l\u00e2mpadas para 2024"}]},{"@type":"WebSite","@id":"https:\/\/shopenzona.es\/blogpt\/#website","url":"https:\/\/shopenzona.es\/blogpt\/","name":"Allzone Portugal","description":"Blog de Allzone Portugal","potentialAction":[{"@type":"SearchAction","target":{"@type":"EntryPoint","urlTemplate":"https:\/\/shopenzona.es\/blogpt\/?s={search_term_string}"},"query-input":"required name=search_term_string"}],"inLanguage":"es"},{"@type":"Person","@id":"https:\/\/shopenzona.es\/blogpt\/#\/schema\/person\/e665dbc140444c0a4aebf0052c37d4cb","name":"Carla rrieta","image":{"@type":"ImageObject","inLanguage":"es","@id":"https:\/\/shopenzona.es\/blogpt\/#\/schema\/person\/image\/","url":"https:\/\/secure.gravatar.com\/avatar\/8de06663b7c0faef5c2a4dda092977f5?s=96&d=mm&r=g","contentUrl":"https:\/\/secure.gravatar.com\/avatar\/8de06663b7c0faef5c2a4dda092977f5?s=96&d=mm&r=g","caption":"Carla rrieta"}}]}},"_links":{"self":[{"href":"https:\/\/shopenzona.es\/blogpt\/wp-json\/wp\/v2\/posts\/24466"}],"collection":[{"href":"https:\/\/shopenzona.es\/blogpt\/wp-json\/wp\/v2\/posts"}],"about":[{"href":"https:\/\/shopenzona.es\/blogpt\/wp-json\/wp\/v2\/types\/post"}],"author":[{"embeddable":true,"href":"https:\/\/shopenzona.es\/blogpt\/wp-json\/wp\/v2\/users\/26"}],"replies":[{"embeddable":true,"href":"https:\/\/shopenzona.es\/blogpt\/wp-json\/wp\/v2\/comments?post=24466"}],"version-history":[{"count":4,"href":"https:\/\/shopenzona.es\/blogpt\/wp-json\/wp\/v2\/posts\/24466\/revisions"}],"predecessor-version":[{"id":33299,"href":"https:\/\/shopenzona.es\/blogpt\/wp-json\/wp\/v2\/posts\/24466\/revisions\/33299"}],"wp:featuredmedia":[{"embeddable":true,"href":"https:\/\/shopenzona.es\/blogpt\/wp-json\/wp\/v2\/media\/26420"}],"wp:attachment":[{"href":"https:\/\/shopenzona.es\/blogpt\/wp-json\/wp\/v2\/media?parent=24466"}],"wp:term":[{"taxonomy":"category","embeddable":true,"href":"https:\/\/shopenzona.es\/blogpt\/wp-json\/wp\/v2\/categories?post=24466"},{"taxonomy":"post_tag","embeddable":true,"href":"https:\/\/shopenzona.es\/blogpt\/wp-json\/wp\/v2\/tags?post=24466"}],"curies":[{"name":"wp","href":"https:\/\/api.w.org\/{rel}","templated":true}]}}