{"id":30397,"date":"2024-07-23T09:49:00","date_gmt":"2024-07-23T07:49:00","guid":{"rendered":"https:\/\/allzone.es\/blog\/?p=30397"},"modified":"2024-12-27T16:59:44","modified_gmt":"2024-12-27T15:59:44","slug":"a-que-temperatura-tem-e-star-o-frigorifico","status":"publish","type":"post","link":"https:\/\/shopenzona.es\/blogpt\/a-que-temperatura-tem-e-star-o-frigorifico\/","title":{"rendered":"A que temperatura deve estar o frigor\u00edfico no inverno e no ver\u00e3o?"},"content":{"rendered":"\n<p>A temperatura do frigor\u00edfico \u00e9 crucial tanto no inverno como no ver\u00e3o para garantir a frescura e a seguran\u00e7a dos seus alimentos. Compreendemos a import\u00e2ncia de manter a temperatura correcta durante todo o ano para maximizar o prazo de validade dos seus produtos. No ver\u00e3o, o ideal \u00e9 que a temperatura seja ajustada entre 1\u00b0C e 4\u00b0C para evitar a deteriora\u00e7\u00e3o prematura dos alimentos perec\u00edveis. No inverno, as temperaturas mais frias podem afetar o desempenho do frigor\u00edfico, pelo que \u00e9 aconselh\u00e1vel ajustar o term\u00f3stato para manter uma temperatura constante e segura. Para saber mais sobre como otimizar o desempenho do seu aparelho e garantir a frescura dos seus alimentos, visite o nosso blogue. Descubra dicas \u00fateis para cada esta\u00e7\u00e3o e mantenha os seus alimentos nas melhores condi\u00e7\u00f5es.<\/p>\n\n\n\n<div style=\"height:23px\" aria-hidden=\"true\" class=\"wp-block-spacer\"><\/div>\n\n\n\n<h2>Import\u00e2ncia da temperatura correcta no frigor\u00edfico<\/h2>\n\n\n\n<p>Manter a temperatura correcta no seu frigor\u00edfico \u00e9 essencial para preservar a frescura e a seguran\u00e7a dos alimentos dispon\u00edveis no Allzone. A temperatura ideal, geralmente entre 1\u00b0C e 4\u00b0C, ajuda a prevenir a deteriora\u00e7\u00e3o prematura de frutas, vegetais e produtos l\u00e1cteos, bem como a reduzir o risco de contamina\u00e7\u00e3o bacteriana. A regula\u00e7\u00e3o correcta do term\u00f3stato garante que os alimentos mant\u00eam a sua qualidade e sabor durante mais tempo, proporcionando sempre uma experi\u00eancia culin\u00e1ria satisfat\u00f3ria.<\/p>\n\n\n\n<div style=\"height:15px\" aria-hidden=\"true\" class=\"wp-block-spacer\"><\/div>\n\n\n\n<h2>A que temperatura deve estar o frigor\u00edfico no ver\u00e3o?<\/h2>\n\n\n\n<p>Durante os meses mais quentes, \u00e9 essencial ajustar a temperatura do frigor\u00edfico para manter a frescura dos alimentos. Neste artigo, recomendamos que a temperatura seja mantida entre 1\u00b0C e 4\u00b0C para garantir que os produtos perec\u00edveis, como os lactic\u00ednios, a carne e os legumes, sejam mantidos em \u00f3ptimas condi\u00e7\u00f5es. Isto n\u00e3o s\u00f3 ajuda a evitar o crescimento de bact\u00e9rias, como tamb\u00e9m prolonga o prazo de validade dos alimentos, garantindo que s\u00e3o seguros para consumo. Ajustar corretamente a temperatura do <a href=\"https:\/\/shopenzona.es\/pt\/1748-frigorificos-e-congeladores\" target=\"_blank\" rel=\"noreferrer noopener\">frigor\u00edfico <\/a>no ver\u00e3o \u00e9 fundamental para manter a qualidade das suas compras e desfrutar de alimentos frescos em qualquer altura.<\/p>\n\n\n\n<div style=\"height:23px\" aria-hidden=\"true\" class=\"wp-block-spacer\"><\/div>\n\n\n\n<div class=\"wp-block-image\"><figure class=\"aligncenter size-full is-resized\"><a href=\"https:\/\/shopenzona.es\/pt\/frigorificos-americanos\/526088-frigorifico-hisense-d-176cm-rs677n4wcd-acero-inoxidable-6921727063366.html?_gl=1*16fzeg2*_up*MQ..*_ga*MTY4MDkxMzc4My4xNzIxMTQzODY4*_ga_K81RDDX2B9*MTcyMTE0Mzg2Ny4xLjEuMTcyMTE0Mzg4OC4wLjAuMA..\" target=\"_blank\" rel=\"noopener\"><img loading=\"lazy\" src=\"https:\/\/shopenzona.es\/blog\/wp-content\/uploads\/2024\/07\/frigorifico-hisense-d-176cm-rs677n4wcd-acero-inoxidable-1.jpg\" alt=\"\" class=\"wp-image-30398\" width=\"512\" height=\"512\"\/><\/a><\/figure><\/div>\n\n\n\n<div class=\"wp-container-1 wp-block-buttons\">\n<div class=\"wp-block-button aligncenter\"><a class=\"wp-block-button__link\" href=\"https:\/\/shopenzona.es\/pt\/frigorificos-americanos\/526088-frigorifico-hisense-d-176cm-rs677n4wcd-acero-inoxidable-6921727063366.html?_gl=1*16fzeg2*_up*MQ..*_ga*MTY4MDkxMzc4My4xNzIxMTQzODY4*_ga_K81RDDX2B9*MTcyMTE0Mzg2Ny4xLjEuMTcyMTE0Mzg4OC4wLjAuMA..\" target=\"_blank\" rel=\"noreferrer noopener\">FRIGOR\u00cdFICO HISENSE D 1.76CM&nbsp;<\/a><\/div>\n<\/div>\n\n\n\n<div style=\"height:23px\" aria-hidden=\"true\" class=\"wp-block-spacer\"><\/div>\n\n\n\n<h2>Como ajustar a temperatura do frigor\u00edfico no inverno?<\/h2>\n\n\n\n<p>Nos meses de inverno, as temperaturas exteriores mais frias podem afetar o desempenho do seu frigor\u00edfico. O ajuste do term\u00f3stato \u00e9 essencial para manter uma temperatura interna constante e segura, assegurando que os alimentos s\u00e3o mantidos em condi\u00e7\u00f5es \u00f3ptimas sem risco de congelamento ou flutua\u00e7\u00f5es prejudiciais. \u00c9 aconselh\u00e1vel monitorizar regularmente as defini\u00e7\u00f5es do term\u00f3stato e manter as aberturas de ventila\u00e7\u00e3o desobstru\u00eddas para garantir o funcionamento eficiente do seu aparelho durante o inverno.<\/p>\n\n\n\n<div style=\"height:23px\" aria-hidden=\"true\" class=\"wp-block-spacer\"><\/div>\n\n\n\n<div class=\"wp-block-image\"><figure class=\"aligncenter size-full is-resized\"><a href=\"https:\/\/shopenzona.es\/pt\/frigorificos-multidoor\/598653-frigorifico-lg-f-179m-gmb844pzfg-acero-inoxidable-8806091459077.html?_gl=1*16bsgcw*_up*MQ..*_ga*MTY4MDkxMzc4My4xNzIxMTQzODY4*_ga_K81RDDX2B9*MTcyMTE0Mzg2Ny4xLjEuMTcyMTE0NDAwNS4wLjAuMA..\" target=\"_blank\" rel=\"noopener\"><img loading=\"lazy\" src=\"https:\/\/shopenzona.es\/blog\/wp-content\/uploads\/2024\/07\/frigorifico-lg-f-179m-gmb844pzfg-acero-inoxidable.jpg\" alt=\"\" class=\"wp-image-30399\" width=\"512\" height=\"512\"\/><\/a><\/figure><\/div>\n\n\n\n<div class=\"wp-container-2 wp-block-buttons\">\n<div class=\"wp-block-button aligncenter\"><a class=\"wp-block-button__link\" href=\"https:\/\/shopenzona.es\/pt\/frigorificos-multidoor\/598653-frigorifico-lg-f-179m-gmb844pzfg-acero-inoxidable-8806091459077.html?_gl=1*16bsgcw*_up*MQ..*_ga*MTY4MDkxMzc4My4xNzIxMTQzODY4*_ga_K81RDDX2B9*MTcyMTE0Mzg2Ny4xLjEuMTcyMTE0NDAwNS4wLjAuMA..\" target=\"_blank\" rel=\"noreferrer noopener\">FRIGOR\u00cdFICO LG F 1.79M<\/a><\/div>\n<\/div>\n\n\n\n<div style=\"height:23px\" aria-hidden=\"true\" class=\"wp-block-spacer\"><\/div>\n\n\n\n<h2>Dicas para otimizar o desempenho do frigor\u00edfico ao longo do ano<\/h2>\n\n\n\n<p>Para que o seu frigor\u00edfico funcione eficazmente durante todo o ano, \u00e9 essencial seguir alguns conselhos pr\u00e1ticos. Na Allzone, recomendamos que evite sobrecarregar o frigor\u00edfico para facilitar uma boa circula\u00e7\u00e3o do ar, o que ajuda a manter uma temperatura uniforme no interior. A regula\u00e7\u00e3o do term\u00f3stato em fun\u00e7\u00e3o da quantidade de alimentos armazenados e da frequ\u00eancia com que se abre a porta \u00e9 fundamental para otimizar o seu desempenho e garantir a frescura dos produtos. Estas pr\u00e1ticas n\u00e3o s\u00f3 melhoram a conserva\u00e7\u00e3o dos alimentos, como tamb\u00e9m ajudam a reduzir o consumo de energia, tornando o seu <a href=\"https:\/\/shopenzona.es\/pt\/1748-frigorificos-e-congeladores\" target=\"_blank\" rel=\"noreferrer noopener\">frigor\u00edfico <\/a>mais eficiente e econ\u00f3mico.<\/p>\n\n\n\n<div style=\"height:23px\" aria-hidden=\"true\" class=\"wp-block-spacer\"><\/div>\n\n\n\n<div class=\"wp-block-image\"><figure class=\"aligncenter size-full is-resized\"><a href=\"https:\/\/shopenzona.es\/pt\/combi\/363397-combi-lg-d-203m-gbb72nsvgn-acero-inoxidable-8806098731190.html?_gl=1*l8y6k0*_up*MQ..*_ga*MTE5Mzc4NDk1OS4xNzIxMTQ0MDk1*_ga_K81RDDX2B9*MTcyMTE0NDA5NS4xLjAuMTcyMTE0NDA5NS4wLjAuMA..\" target=\"_blank\" rel=\"noopener\"><img loading=\"lazy\" src=\"https:\/\/shopenzona.es\/blog\/wp-content\/uploads\/2024\/07\/combi-lg-d-203m-gbb72nsvgn-acero-inoxidable.jpg\" alt=\"\" class=\"wp-image-30400\" width=\"512\" height=\"512\"\/><\/a><\/figure><\/div>\n\n\n\n<div class=\"wp-container-3 wp-block-buttons\">\n<div class=\"wp-block-button aligncenter\"><a class=\"wp-block-button__link\" href=\"https:\/\/shopenzona.es\/pt\/combi\/363397-combi-lg-d-203m-gbb72nsvgn-acero-inoxidable-8806098731190.html?_gl=1*l8y6k0*_up*MQ..*_ga*MTE5Mzc4NDk1OS4xNzIxMTQ0MDk1*_ga_K81RDDX2B9*MTcyMTE0NDA5NS4xLjAuMTcyMTE0NDA5NS4wLjAuMA..\" target=\"_blank\" rel=\"noreferrer noopener\">COMBI LG D 2.03M<\/a><\/div>\n<\/div>\n\n\n\n<div style=\"height:23px\" aria-hidden=\"true\" class=\"wp-block-spacer\"><\/div>\n\n\n\n<h2>Impacto na efici\u00eancia energ\u00e9tica<\/h2>\n\n\n\n<p>A temperatura do frigor\u00edfico tem um impacto significativo na efici\u00eancia energ\u00e9tica, especialmente em condi\u00e7\u00f5es climat\u00e9ricas extremas. Eis algumas dicas pr\u00e1ticas para otimizar o consumo de energia sem sacrificar a frescura dos alimentos. Ajustar corretamente o term\u00f3stato em fun\u00e7\u00e3o da carga alimentar e da temperatura ambiente ajuda a reduzir o consumo de energia. Al\u00e9m disso, manter as veda\u00e7\u00f5es das portas em bom estado e evitar bloqueios nas aberturas de ventila\u00e7\u00e3o tamb\u00e9m ajuda a melhorar a efici\u00eancia do seu aparelho. Estas pr\u00e1ticas n\u00e3o s\u00f3 s\u00e3o amigas do ambiente, como tamb\u00e9m podem ajud\u00e1-lo a poupar nos custos de energia a longo prazo.<\/p>\n\n\n\n<div style=\"height:23px\" aria-hidden=\"true\" class=\"wp-block-spacer\"><\/div>\n\n\n\n<div class=\"wp-block-image\"><figure class=\"aligncenter size-full is-resized\"><a href=\"https:\/\/shopenzona.es\/pt\/combi\/922609-combi-samsung-c-203m-rb38c705cwwef-blanco-8806095078168.html?_gl=1*1oxlge8*_up*MQ..*_ga*MTE5Mzc4NDk1OS4xNzIxMTQ0MDk1*_ga_K81RDDX2B9*MTcyMTE0NDA5NS4xLjEuMTcyMTE0NDE5Mi4wLjAuMA..\" target=\"_blank\" rel=\"noopener\"><img loading=\"lazy\" src=\"https:\/\/shopenzona.es\/blog\/wp-content\/uploads\/2024\/07\/combi-samsung-c-203m-rb38c705cwwef-blanco.jpg\" alt=\"\" class=\"wp-image-30401\" width=\"512\" height=\"512\"\/><\/a><\/figure><\/div>\n\n\n\n<div class=\"wp-container-4 wp-block-buttons\">\n<div class=\"wp-block-button aligncenter\"><a class=\"wp-block-button__link\" href=\"https:\/\/shopenzona.es\/pt\/combi\/922609-combi-samsung-c-203m-rb38c705cwwef-blanco-8806095078168.html?_gl=1*1oxlge8*_up*MQ..*_ga*MTE5Mzc4NDk1OS4xNzIxMTQ0MDk1*_ga_K81RDDX2B9*MTcyMTE0NDA5NS4xLjEuMTcyMTE0NDE5Mi4wLjAuMA..\" target=\"_blank\" rel=\"noreferrer noopener\">COMBI SAMSUNG C 2.03M<\/a><\/div>\n<\/div>\n\n\n\n<div style=\"height:23px\" aria-hidden=\"true\" class=\"wp-block-spacer\"><\/div>\n\n\n\n<h2>Manuten\u00e7\u00e3o e controlo regulares<\/h2>\n\n\n\n<p>A monitoriza\u00e7\u00e3o regular da temperatura do seu frigor\u00edfico \u00e9 essencial para garantir um desempenho \u00f3timo durante todo o ano. Recomendamos a utiliza\u00e7\u00e3o de term\u00f3metros precisos para verificar constantemente a temperatura interna. Isto permite-lhe ajustar o term\u00f3stato conforme necess\u00e1rio para preservar a frescura dos seus alimentos. Al\u00e9m disso, a manuten\u00e7\u00e3o regular, como a limpeza das serpentinas de condensa\u00e7\u00e3o e a inspe\u00e7\u00e3o das veda\u00e7\u00f5es da porta, ajuda a evitar problemas e a manter a efici\u00eancia energ\u00e9tica do seu aparelho. Estas pr\u00e1ticas n\u00e3o s\u00f3 garantem a conserva\u00e7\u00e3o adequada dos alimentos, como tamb\u00e9m prolongam a vida \u00fatil do seu frigor\u00edfico, assegurando um funcionamento fi\u00e1vel e econ\u00f3mico.<\/p>\n\n\n\n<div style=\"height:23px\" aria-hidden=\"true\" class=\"wp-block-spacer\"><\/div>\n\n\n\n<div class=\"wp-block-image\"><figure class=\"aligncenter size-full is-resized\"><a href=\"https:\/\/shopenzona.es\/pt\/combi\/900945-combi-tcl-e-185m-rp318bse1-plata-8720568104645.html?_gl=1*ln8r52*_up*MQ..*_ga*MTE5Mzc4NDk1OS4xNzIxMTQ0MDk1*_ga_K81RDDX2B9*MTcyMTE0NDA5NS4xLjEuMTcyMTE0NDI2MS4wLjAuMA..\" target=\"_blank\" rel=\"noopener\"><img loading=\"lazy\" src=\"https:\/\/shopenzona.es\/blog\/wp-content\/uploads\/2024\/07\/combi-tcl-e-185m-rp318bse1-plata.jpg\" alt=\"\" class=\"wp-image-30402\" width=\"512\" height=\"512\"\/><\/a><\/figure><\/div>\n\n\n\n<div class=\"wp-container-5 wp-block-buttons\">\n<div class=\"wp-block-button aligncenter\"><a class=\"wp-block-button__link\" href=\"https:\/\/shopenzona.es\/pt\/combi\/900945-combi-tcl-e-185m-rp318bse1-plata-8720568104645.html?_gl=1*ln8r52*_up*MQ..*_ga*MTE5Mzc4NDk1OS4xNzIxMTQ0MDk1*_ga_K81RDDX2B9*MTcyMTE0NDA5NS4xLjEuMTcyMTE0NDI2MS4wLjAuMA..\" target=\"_blank\" rel=\"noreferrer noopener\">COMBI TCL E 1.85M<\/a><\/div>\n<\/div>\n\n\n\n<div style=\"height:23px\" aria-hidden=\"true\" class=\"wp-block-spacer\"><\/div>\n\n\n\n<h2>Encontre as melhores geleiras na Allzone<\/h2>\n\n\n\n<p>Na <a href=\"https:\/\/shopenzona.es\/pt\/\" target=\"_blank\" rel=\"noreferrer noopener\">Allzone<\/a>, oferecemos uma vasta sele\u00e7\u00e3o de frigor\u00edficos concebidos para satisfazer as suas necessidades dom\u00e9sticas. O nosso cat\u00e1logo inclui op\u00e7\u00f5es que v\u00e3o desde modelos compactos ideais para espa\u00e7os pequenos at\u00e9 frigor\u00edficos de grande capacidade com as mais recentes tecnologias de efici\u00eancia energ\u00e9tica. Cada produto \u00e9 cuidadosamente selecionado para combinar qualidade, funcionalidade e estilo, garantindo que encontra o frigor\u00edfico perfeito para a sua casa. Visite o nosso site para explorar todas as nossas op\u00e7\u00f5es e encontrar o frigor\u00edfico que se adapta \u00e0s suas prefer\u00eancias e or\u00e7amento. Melhore a sua cozinha hoje e descubra os melhores frigor\u00edficos para manter os seus alimentos frescos e bem conservados!<\/p>\n","protected":false},"excerpt":{"rendered":"<p>A temperatura do frigor\u00edfico \u00e9 crucial tanto no inverno como no ver\u00e3o para garantir a frescura e a seguran\u00e7a dos seus alimentos. Compreendemos a import\u00e2ncia de manter a temperatura correcta durante todo o ano para maximizar o prazo de validade dos seus produtos. No ver\u00e3o, o ideal \u00e9 que a temperatura seja ajustada entre 1\u00b0C&hellip;<\/p>\n","protected":false},"author":31,"featured_media":30415,"comment_status":"closed","ping_status":"closed","sticky":false,"template":"","format":"standard","meta":{"inline_featured_image":false},"categories":[574,570,559],"tags":[],"yoast_head":"<!-- This site is optimized with the Yoast SEO plugin v19.13 - https:\/\/yoast.com\/wordpress\/plugins\/seo\/ -->\n<title>A que temperatura deve estar o frigor\u00edfico? | Allzone<\/title>\n<meta name=\"description\" content=\"Sabe a que temperatura deve estar o seu frigor\u00edfico para se adaptar \u00e0 esta\u00e7\u00e3o do ano? Saiba como manter os alimentos frescos,\" \/>\n<meta name=\"robots\" content=\"index, follow, max-snippet:-1, max-image-preview:large, max-video-preview:-1\" \/>\n<link rel=\"canonical\" href=\"https:\/\/shopenzona.es\/blogpt\/a-que-temperatura-tem-e-star-o-frigorifico\/\" \/>\n<meta property=\"og:locale\" content=\"es_ES\" \/>\n<meta property=\"og:type\" content=\"article\" \/>\n<meta property=\"og:title\" content=\"A que temperatura deve estar o frigor\u00edfico? | Allzone\" \/>\n<meta property=\"og:description\" content=\"Sabe a que temperatura deve estar o seu frigor\u00edfico para se adaptar \u00e0 esta\u00e7\u00e3o do ano? Saiba como manter os alimentos frescos,\" \/>\n<meta property=\"og:url\" content=\"https:\/\/shopenzona.es\/blogpt\/a-que-temperatura-tem-e-star-o-frigorifico\/\" \/>\n<meta property=\"og:site_name\" content=\"Allzone Portugal\" \/>\n<meta property=\"article:published_time\" content=\"2024-07-23T07:49:00+00:00\" \/>\n<meta property=\"article:modified_time\" content=\"2024-12-27T15:59:44+00:00\" \/>\n<meta property=\"og:image\" content=\"https:\/\/shopenzona.es\/blogpt\/wp-content\/uploads\/2024\/07\/PT-Portadas-blogs-corporativo-15.jpg\" \/>\n\t<meta property=\"og:image:width\" content=\"825\" \/>\n\t<meta property=\"og:image:height\" content=\"450\" \/>\n\t<meta property=\"og:image:type\" content=\"image\/jpeg\" \/>\n<meta name=\"author\" content=\"Mirian Martinez\" \/>\n<meta name=\"twitter:card\" content=\"summary_large_image\" \/>\n<meta name=\"twitter:label1\" content=\"Escrito por\" \/>\n\t<meta name=\"twitter:data1\" content=\"Mirian Martinez\" \/>\n\t<meta name=\"twitter:label2\" content=\"Tiempo de lectura\" \/>\n\t<meta name=\"twitter:data2\" content=\"5 minutos\" \/>\n<script type=\"application\/ld+json\" class=\"yoast-schema-graph\">{\"@context\":\"https:\/\/schema.org\",\"@graph\":[{\"@type\":\"WebPage\",\"@id\":\"https:\/\/shopenzona.es\/blogpt\/a-que-temperatura-tem-e-star-o-frigorifico\/\",\"url\":\"https:\/\/shopenzona.es\/blogpt\/a-que-temperatura-tem-e-star-o-frigorifico\/\",\"name\":\"A que temperatura deve estar o frigor\u00edfico? | Allzone\",\"isPartOf\":{\"@id\":\"https:\/\/shopenzona.es\/blogpt\/#website\"},\"datePublished\":\"2024-07-23T07:49:00+00:00\",\"dateModified\":\"2024-12-27T15:59:44+00:00\",\"author\":{\"@id\":\"https:\/\/shopenzona.es\/blogpt\/#\/schema\/person\/aff970a55881169421d7c77b4b5b598e\"},\"description\":\"Sabe a que temperatura deve estar o seu frigor\u00edfico para se adaptar \u00e0 esta\u00e7\u00e3o do ano? Saiba como manter os alimentos frescos,\",\"breadcrumb\":{\"@id\":\"https:\/\/shopenzona.es\/blogpt\/a-que-temperatura-tem-e-star-o-frigorifico\/#breadcrumb\"},\"inLanguage\":\"es\",\"potentialAction\":[{\"@type\":\"ReadAction\",\"target\":[\"https:\/\/shopenzona.es\/blogpt\/a-que-temperatura-tem-e-star-o-frigorifico\/\"]}]},{\"@type\":\"BreadcrumbList\",\"@id\":\"https:\/\/shopenzona.es\/blogpt\/a-que-temperatura-tem-e-star-o-frigorifico\/#breadcrumb\",\"itemListElement\":[{\"@type\":\"ListItem\",\"position\":1,\"name\":\"Portada\",\"item\":\"https:\/\/shopenzona.es\/blogpt\/\"},{\"@type\":\"ListItem\",\"position\":2,\"name\":\"A que temperatura deve estar o frigor\u00edfico no inverno e no ver\u00e3o?\"}]},{\"@type\":\"WebSite\",\"@id\":\"https:\/\/shopenzona.es\/blogpt\/#website\",\"url\":\"https:\/\/shopenzona.es\/blogpt\/\",\"name\":\"Allzone Portugal\",\"description\":\"Blog de Allzone Portugal\",\"potentialAction\":[{\"@type\":\"SearchAction\",\"target\":{\"@type\":\"EntryPoint\",\"urlTemplate\":\"https:\/\/shopenzona.es\/blogpt\/?s={search_term_string}\"},\"query-input\":\"required name=search_term_string\"}],\"inLanguage\":\"es\"},{\"@type\":\"Person\",\"@id\":\"https:\/\/shopenzona.es\/blogpt\/#\/schema\/person\/aff970a55881169421d7c77b4b5b598e\",\"name\":\"Mirian Martinez\",\"image\":{\"@type\":\"ImageObject\",\"inLanguage\":\"es\",\"@id\":\"https:\/\/shopenzona.es\/blogpt\/#\/schema\/person\/image\/\",\"url\":\"https:\/\/secure.gravatar.com\/avatar\/c02c066b7203a53dc76f5800b21bb808?s=96&d=mm&r=g\",\"contentUrl\":\"https:\/\/secure.gravatar.com\/avatar\/c02c066b7203a53dc76f5800b21bb808?s=96&d=mm&r=g\",\"caption\":\"Mirian Martinez\"}}]}<\/script>\n<!-- \/ Yoast SEO plugin. -->","yoast_head_json":{"title":"A que temperatura deve estar o frigor\u00edfico? | Allzone","description":"Sabe a que temperatura deve estar o seu frigor\u00edfico para se adaptar \u00e0 esta\u00e7\u00e3o do ano? Saiba como manter os alimentos frescos,","robots":{"index":"index","follow":"follow","max-snippet":"max-snippet:-1","max-image-preview":"max-image-preview:large","max-video-preview":"max-video-preview:-1"},"canonical":"https:\/\/shopenzona.es\/blogpt\/a-que-temperatura-tem-e-star-o-frigorifico\/","og_locale":"es_ES","og_type":"article","og_title":"A que temperatura deve estar o frigor\u00edfico? | Allzone","og_description":"Sabe a que temperatura deve estar o seu frigor\u00edfico para se adaptar \u00e0 esta\u00e7\u00e3o do ano? Saiba como manter os alimentos frescos,","og_url":"https:\/\/shopenzona.es\/blogpt\/a-que-temperatura-tem-e-star-o-frigorifico\/","og_site_name":"Allzone Portugal","article_published_time":"2024-07-23T07:49:00+00:00","article_modified_time":"2024-12-27T15:59:44+00:00","og_image":[{"width":825,"height":450,"url":"https:\/\/shopenzona.es\/blogpt\/wp-content\/uploads\/2024\/07\/PT-Portadas-blogs-corporativo-15.jpg","type":"image\/jpeg"}],"author":"Mirian Martinez","twitter_card":"summary_large_image","twitter_misc":{"Escrito por":"Mirian Martinez","Tiempo de lectura":"5 minutos"},"schema":{"@context":"https:\/\/schema.org","@graph":[{"@type":"WebPage","@id":"https:\/\/shopenzona.es\/blogpt\/a-que-temperatura-tem-e-star-o-frigorifico\/","url":"https:\/\/shopenzona.es\/blogpt\/a-que-temperatura-tem-e-star-o-frigorifico\/","name":"A que temperatura deve estar o frigor\u00edfico? | Allzone","isPartOf":{"@id":"https:\/\/shopenzona.es\/blogpt\/#website"},"datePublished":"2024-07-23T07:49:00+00:00","dateModified":"2024-12-27T15:59:44+00:00","author":{"@id":"https:\/\/shopenzona.es\/blogpt\/#\/schema\/person\/aff970a55881169421d7c77b4b5b598e"},"description":"Sabe a que temperatura deve estar o seu frigor\u00edfico para se adaptar \u00e0 esta\u00e7\u00e3o do ano? Saiba como manter os alimentos frescos,","breadcrumb":{"@id":"https:\/\/shopenzona.es\/blogpt\/a-que-temperatura-tem-e-star-o-frigorifico\/#breadcrumb"},"inLanguage":"es","potentialAction":[{"@type":"ReadAction","target":["https:\/\/shopenzona.es\/blogpt\/a-que-temperatura-tem-e-star-o-frigorifico\/"]}]},{"@type":"BreadcrumbList","@id":"https:\/\/shopenzona.es\/blogpt\/a-que-temperatura-tem-e-star-o-frigorifico\/#breadcrumb","itemListElement":[{"@type":"ListItem","position":1,"name":"Portada","item":"https:\/\/shopenzona.es\/blogpt\/"},{"@type":"ListItem","position":2,"name":"A que temperatura deve estar o frigor\u00edfico no inverno e no ver\u00e3o?"}]},{"@type":"WebSite","@id":"https:\/\/shopenzona.es\/blogpt\/#website","url":"https:\/\/shopenzona.es\/blogpt\/","name":"Allzone Portugal","description":"Blog de Allzone Portugal","potentialAction":[{"@type":"SearchAction","target":{"@type":"EntryPoint","urlTemplate":"https:\/\/shopenzona.es\/blogpt\/?s={search_term_string}"},"query-input":"required name=search_term_string"}],"inLanguage":"es"},{"@type":"Person","@id":"https:\/\/shopenzona.es\/blogpt\/#\/schema\/person\/aff970a55881169421d7c77b4b5b598e","name":"Mirian Martinez","image":{"@type":"ImageObject","inLanguage":"es","@id":"https:\/\/shopenzona.es\/blogpt\/#\/schema\/person\/image\/","url":"https:\/\/secure.gravatar.com\/avatar\/c02c066b7203a53dc76f5800b21bb808?s=96&d=mm&r=g","contentUrl":"https:\/\/secure.gravatar.com\/avatar\/c02c066b7203a53dc76f5800b21bb808?s=96&d=mm&r=g","caption":"Mirian Martinez"}}]}},"_links":{"self":[{"href":"https:\/\/shopenzona.es\/blogpt\/wp-json\/wp\/v2\/posts\/30397"}],"collection":[{"href":"https:\/\/shopenzona.es\/blogpt\/wp-json\/wp\/v2\/posts"}],"about":[{"href":"https:\/\/shopenzona.es\/blogpt\/wp-json\/wp\/v2\/types\/post"}],"author":[{"embeddable":true,"href":"https:\/\/shopenzona.es\/blogpt\/wp-json\/wp\/v2\/users\/31"}],"replies":[{"embeddable":true,"href":"https:\/\/shopenzona.es\/blogpt\/wp-json\/wp\/v2\/comments?post=30397"}],"version-history":[{"count":2,"href":"https:\/\/shopenzona.es\/blogpt\/wp-json\/wp\/v2\/posts\/30397\/revisions"}],"predecessor-version":[{"id":33262,"href":"https:\/\/shopenzona.es\/blogpt\/wp-json\/wp\/v2\/posts\/30397\/revisions\/33262"}],"wp:featuredmedia":[{"embeddable":true,"href":"https:\/\/shopenzona.es\/blogpt\/wp-json\/wp\/v2\/media\/30415"}],"wp:attachment":[{"href":"https:\/\/shopenzona.es\/blogpt\/wp-json\/wp\/v2\/media?parent=30397"}],"wp:term":[{"taxonomy":"category","embeddable":true,"href":"https:\/\/shopenzona.es\/blogpt\/wp-json\/wp\/v2\/categories?post=30397"},{"taxonomy":"post_tag","embeddable":true,"href":"https:\/\/shopenzona.es\/blogpt\/wp-json\/wp\/v2\/tags?post=30397"}],"curies":[{"name":"wp","href":"https:\/\/api.w.org\/{rel}","templated":true}]}}