{"id":30673,"date":"2024-08-07T11:49:51","date_gmt":"2024-08-07T09:49:51","guid":{"rendered":"https:\/\/allzone.es\/blog\/?p=30673"},"modified":"2024-12-27T16:52:36","modified_gmt":"2024-12-27T15:52:36","slug":"em-allzone-descontamos-o-iva-em-electro","status":"publish","type":"post","link":"https:\/\/shopenzona.es\/blogpt\/em-allzone-descontamos-o-iva-em-electro\/","title":{"rendered":"Em Allzone reembolsamos o IVA em Electro"},"content":{"rendered":"\n<p>De 8 a 16 de agosto, Allzone oferece uma promo\u00e7\u00e3o \u00fanica para voc\u00ea economizar na compra de seus eletrodom\u00e9sticos favoritos. Durante esta semana especial, voc\u00ea pode aproveitar a promo\u00e7\u00e3o de Electro SEM IVA em uma sele\u00e7\u00e3o exclusiva de produtos, incluindo frigor\u00edficos, m\u00e1quinas de lavar e ar condicionado. Al\u00e9m disso, incorporamos alguns modelos de smart TV para que voc\u00ea desfrute da melhor tecnologia em sua casa.<\/p>\n\n\n\n<p>Adicione ao seu carrinho produtos que pertencem a essas categorias. Todos os produtos dessa promo\u00e7\u00e3o voc\u00ea pode encontr\u00e1-los em:&nbsp;<a href=\"https:\/\/shopenzona.es\/pt\/39929-top-electrodomesticos\">https:\/\/shopenzona.es\/39929-top-electrodomesticos<\/a><\/p>\n\n\n\n<div style=\"height:10px\" aria-hidden=\"true\" class=\"wp-block-spacer\"><\/div>\n\n\n\n<div class=\"wp-block-image\"><figure class=\"aligncenter size-full\"><img src=\"https:\/\/shopenzona.es\/blog\/wp-content\/uploads\/2024\/08\/electro.portadabloggin-1.jpg\" alt=\"\" class=\"wp-image-30676\"\/><\/figure><\/div>\n\n\n\n<div style=\"height:10px\" aria-hidden=\"true\" class=\"wp-block-spacer\"><\/div>\n\n\n\n<h2>Como funciona o Electro SEM IVA? <\/h2>\n\n\n\n<p>\u00c9 simples. Uma vez que voc\u00ea fez sua compra e recebeu o pedido, a Allzone lhe dar\u00e1 um cupom pelo valor do IVA. Este voucher ser\u00e1 enviado em 16 de setembro, 30 dias ap\u00f3s a entrega do seu pedido, e voc\u00ea pode us\u00e1-lo na sua pr\u00f3xima compra dentro de duas semanas ap\u00f3s o recebimento. Assim, voc\u00ea ter\u00e1 a oportunidade de continuar economizando em futuras aquisi\u00e7\u00f5es.<\/p>\n\n\n\n<p>A promo\u00e7\u00e3o abrange v\u00e1rias categorias de produtos essenciais para o lar. Na \u00e1rea de refrigeradores, voc\u00ea encontrar\u00e1 uma grande variedade que inclui arm\u00e1rios, modelos americanos e geladeira de diferentes capacidades e caracter\u00edsticas. Se voc\u00ea est\u00e1 pensando em renovar sua geladeira, esta \u00e9 a oportunidade perfeita para fazer isso sem se preocupar com o IVA.<\/p>\n\n\n\n<p>As m\u00e1quinas de lavar tamb\u00e9m fazem parte desta oferta especial. Incluindo m\u00e1quinas de lavar roupa, nossos produtos s\u00e3o projetados para oferecer a m\u00e1xima efici\u00eancia na lavagem e secagem de suas roupas. A promo\u00e7\u00e3o sem IVA permite-lhe adquirir uma m\u00e1quina de lavar de alta qualidade, poupando significativamente na sua compra.<\/p>\n\n\n\n<div class=\"wp-block-image\"><figure class=\"aligncenter size-full\"><img src=\"https:\/\/shopenzona.es\/blog\/wp-content\/uploads\/2024\/08\/electro.portadabloggin-2.jpg\" alt=\"\" class=\"wp-image-30677\"\/><\/figure><\/div>\n\n\n\n<p>Por outro lado, se voc\u00ea precisa de um ar condicionado, esta promo\u00e7\u00e3o tamb\u00e9m \u00e9 para voc\u00ea. Temos equipamentos instal\u00e1veis e port\u00e1teis que se adaptam \u00e0s suas necessidades espec\u00edficas. Mantenha sua casa fresca e confort\u00e1vel durante o ver\u00e3o com os melhores dispositivos do mercado, agora sem o custo adicional de IVA.<\/p>\n\n\n\n<p>Adicionamos alguns modelos de smart TV a esta promo\u00e7\u00e3o. Desfrute de uma experi\u00eancia de entretenimento superior com a mais recente tecnologia em televisores inteligentes, sem ter que se preocupar com impostos. Seja para ver seus programas favoritos, filmes ou jogar videogame, voc\u00ea encontrar\u00e1 a TV inteligente ideal para sua casa na Allzone.<\/p>\n\n\n\n<div style=\"height:10px\" aria-hidden=\"true\" class=\"wp-block-spacer\"><\/div>\n\n\n\n<h2>Requisitos para se beneficiar do Electro SEM IVA<\/h2>\n\n\n\n<p>\u00c9 importante ressaltar que esta promo\u00e7\u00e3o tem algumas condi\u00e7\u00f5es. O cupom do valor do IVA s\u00f3 ser\u00e1 entregue depois que a encomenda for entregue e verificada. Al\u00e9m disso, o cupom n\u00e3o \u00e9 acumul\u00e1vel com outras ofertas ou promo\u00e7\u00f5es em vigor na Allzone. Certifique-se de verificar os termos e condi\u00e7\u00f5es espec\u00edficos ao fazer sua compra.<\/p>\n\n\n\n<div style=\"height:10px\" aria-hidden=\"true\" class=\"wp-block-spacer\"><\/div>\n\n\n\n<p>Na Allzone, sempre procuramos oferecer as melhores oportunidades para que voc\u00ea possa adquirir produtos de alta qualidade ao melhor pre\u00e7o. Com a nossa <strong>Promo\u00e7\u00e3o SEM IVA<\/strong>, voc\u00ea tem uma excelente oportunidade para atualizar seus <a href=\"https:\/\/shopenzona.es\/pt\/39929-top-electrodomesticos\" target=\"_blank\" rel=\"noreferrer noopener\">eletrodom\u00e9sticos<\/a> e desfrutar de uma economia significativa.<\/p>\n\n\n\n<p>N\u00e3o perca esta oportunidade \u00fanica de 8 a 16 de agosto. Com esta oferta, voc\u00ea n\u00e3o s\u00f3 compra produtos de primeira necessidade, mas tamb\u00e9m investe em futuras compras com um desconto adicional. Fa\u00e7a seu pedido agora e comece a economizar com Allzone!<\/p>\n","protected":false},"excerpt":{"rendered":"<p>De 8 a 16 de agosto, Allzone oferece uma promo\u00e7\u00e3o \u00fanica para voc\u00ea economizar na compra de seus eletrodom\u00e9sticos favoritos. Durante esta semana especial, voc\u00ea pode aproveitar a promo\u00e7\u00e3o de Electro SEM IVA em uma sele\u00e7\u00e3o exclusiva de produtos, incluindo frigor\u00edficos, m\u00e1quinas de lavar e ar condicionado. Al\u00e9m disso, incorporamos alguns modelos de smart TV&hellip;<\/p>\n","protected":false},"author":26,"featured_media":30681,"comment_status":"closed","ping_status":"closed","sticky":false,"template":"","format":"standard","meta":{"inline_featured_image":false},"categories":[566,559],"tags":[],"yoast_head":"<!-- This site is optimized with the Yoast SEO plugin v19.13 - https:\/\/yoast.com\/wordpress\/plugins\/seo\/ -->\n<title>Em Allzone reembolsamos o IVA em Electro -<\/title>\n<meta name=\"description\" content=\"Allzone oferece uma promo\u00e7\u00e3o \u00fanica para voc\u00ea economizar na compra de seus eletrodom\u00e9sticos favoritos. Descontamos o IVA!\" \/>\n<meta name=\"robots\" content=\"index, follow, max-snippet:-1, max-image-preview:large, max-video-preview:-1\" \/>\n<link rel=\"canonical\" href=\"https:\/\/shopenzona.es\/blogpt\/em-allzone-descontamos-o-iva-em-electro\/\" \/>\n<meta property=\"og:locale\" content=\"es_ES\" \/>\n<meta property=\"og:type\" content=\"article\" \/>\n<meta property=\"og:title\" content=\"Em Allzone reembolsamos o IVA em Electro -\" \/>\n<meta property=\"og:description\" content=\"Allzone oferece uma promo\u00e7\u00e3o \u00fanica para voc\u00ea economizar na compra de seus eletrodom\u00e9sticos favoritos. Descontamos o IVA!\" \/>\n<meta property=\"og:url\" content=\"https:\/\/shopenzona.es\/blogpt\/em-allzone-descontamos-o-iva-em-electro\/\" \/>\n<meta property=\"og:site_name\" content=\"Allzone Portugal\" \/>\n<meta property=\"article:published_time\" content=\"2024-08-07T09:49:51+00:00\" \/>\n<meta property=\"article:modified_time\" content=\"2024-12-27T15:52:36+00:00\" \/>\n<meta property=\"og:image\" content=\"https:\/\/shopenzona.es\/blogpt\/wp-content\/uploads\/2024\/08\/PT_electro.portadabloggin-2.jpg\" \/>\n\t<meta property=\"og:image:width\" content=\"825\" \/>\n\t<meta property=\"og:image:height\" content=\"450\" \/>\n\t<meta property=\"og:image:type\" content=\"image\/jpeg\" \/>\n<meta name=\"author\" content=\"Carla rrieta\" \/>\n<meta name=\"twitter:card\" content=\"summary_large_image\" \/>\n<meta name=\"twitter:label1\" content=\"Escrito por\" \/>\n\t<meta name=\"twitter:data1\" content=\"Carla rrieta\" \/>\n\t<meta name=\"twitter:label2\" content=\"Tiempo de lectura\" \/>\n\t<meta name=\"twitter:data2\" content=\"3 minutos\" \/>\n<script type=\"application\/ld+json\" class=\"yoast-schema-graph\">{\"@context\":\"https:\/\/schema.org\",\"@graph\":[{\"@type\":\"WebPage\",\"@id\":\"https:\/\/shopenzona.es\/blogpt\/em-allzone-descontamos-o-iva-em-electro\/\",\"url\":\"https:\/\/shopenzona.es\/blogpt\/em-allzone-descontamos-o-iva-em-electro\/\",\"name\":\"Em Allzone reembolsamos o IVA em Electro -\",\"isPartOf\":{\"@id\":\"https:\/\/shopenzona.es\/blogpt\/#website\"},\"datePublished\":\"2024-08-07T09:49:51+00:00\",\"dateModified\":\"2024-12-27T15:52:36+00:00\",\"author\":{\"@id\":\"https:\/\/shopenzona.es\/blogpt\/#\/schema\/person\/e665dbc140444c0a4aebf0052c37d4cb\"},\"description\":\"Allzone oferece uma promo\u00e7\u00e3o \u00fanica para voc\u00ea economizar na compra de seus eletrodom\u00e9sticos favoritos. Descontamos o IVA!\",\"breadcrumb\":{\"@id\":\"https:\/\/shopenzona.es\/blogpt\/em-allzone-descontamos-o-iva-em-electro\/#breadcrumb\"},\"inLanguage\":\"es\",\"potentialAction\":[{\"@type\":\"ReadAction\",\"target\":[\"https:\/\/shopenzona.es\/blogpt\/em-allzone-descontamos-o-iva-em-electro\/\"]}]},{\"@type\":\"BreadcrumbList\",\"@id\":\"https:\/\/shopenzona.es\/blogpt\/em-allzone-descontamos-o-iva-em-electro\/#breadcrumb\",\"itemListElement\":[{\"@type\":\"ListItem\",\"position\":1,\"name\":\"Portada\",\"item\":\"https:\/\/shopenzona.es\/blogpt\/\"},{\"@type\":\"ListItem\",\"position\":2,\"name\":\"Em Allzone reembolsamos o IVA em Electro\"}]},{\"@type\":\"WebSite\",\"@id\":\"https:\/\/shopenzona.es\/blogpt\/#website\",\"url\":\"https:\/\/shopenzona.es\/blogpt\/\",\"name\":\"Allzone Portugal\",\"description\":\"Blog de Allzone Portugal\",\"potentialAction\":[{\"@type\":\"SearchAction\",\"target\":{\"@type\":\"EntryPoint\",\"urlTemplate\":\"https:\/\/shopenzona.es\/blogpt\/?s={search_term_string}\"},\"query-input\":\"required name=search_term_string\"}],\"inLanguage\":\"es\"},{\"@type\":\"Person\",\"@id\":\"https:\/\/shopenzona.es\/blogpt\/#\/schema\/person\/e665dbc140444c0a4aebf0052c37d4cb\",\"name\":\"Carla rrieta\",\"image\":{\"@type\":\"ImageObject\",\"inLanguage\":\"es\",\"@id\":\"https:\/\/shopenzona.es\/blogpt\/#\/schema\/person\/image\/\",\"url\":\"https:\/\/secure.gravatar.com\/avatar\/8de06663b7c0faef5c2a4dda092977f5?s=96&d=mm&r=g\",\"contentUrl\":\"https:\/\/secure.gravatar.com\/avatar\/8de06663b7c0faef5c2a4dda092977f5?s=96&d=mm&r=g\",\"caption\":\"Carla rrieta\"}}]}<\/script>\n<!-- \/ Yoast SEO plugin. -->","yoast_head_json":{"title":"Em Allzone reembolsamos o IVA em Electro -","description":"Allzone oferece uma promo\u00e7\u00e3o \u00fanica para voc\u00ea economizar na compra de seus eletrodom\u00e9sticos favoritos. Descontamos o IVA!","robots":{"index":"index","follow":"follow","max-snippet":"max-snippet:-1","max-image-preview":"max-image-preview:large","max-video-preview":"max-video-preview:-1"},"canonical":"https:\/\/shopenzona.es\/blogpt\/em-allzone-descontamos-o-iva-em-electro\/","og_locale":"es_ES","og_type":"article","og_title":"Em Allzone reembolsamos o IVA em Electro -","og_description":"Allzone oferece uma promo\u00e7\u00e3o \u00fanica para voc\u00ea economizar na compra de seus eletrodom\u00e9sticos favoritos. Descontamos o IVA!","og_url":"https:\/\/shopenzona.es\/blogpt\/em-allzone-descontamos-o-iva-em-electro\/","og_site_name":"Allzone Portugal","article_published_time":"2024-08-07T09:49:51+00:00","article_modified_time":"2024-12-27T15:52:36+00:00","og_image":[{"width":825,"height":450,"url":"https:\/\/shopenzona.es\/blogpt\/wp-content\/uploads\/2024\/08\/PT_electro.portadabloggin-2.jpg","type":"image\/jpeg"}],"author":"Carla rrieta","twitter_card":"summary_large_image","twitter_misc":{"Escrito por":"Carla rrieta","Tiempo de lectura":"3 minutos"},"schema":{"@context":"https:\/\/schema.org","@graph":[{"@type":"WebPage","@id":"https:\/\/shopenzona.es\/blogpt\/em-allzone-descontamos-o-iva-em-electro\/","url":"https:\/\/shopenzona.es\/blogpt\/em-allzone-descontamos-o-iva-em-electro\/","name":"Em Allzone reembolsamos o IVA em Electro -","isPartOf":{"@id":"https:\/\/shopenzona.es\/blogpt\/#website"},"datePublished":"2024-08-07T09:49:51+00:00","dateModified":"2024-12-27T15:52:36+00:00","author":{"@id":"https:\/\/shopenzona.es\/blogpt\/#\/schema\/person\/e665dbc140444c0a4aebf0052c37d4cb"},"description":"Allzone oferece uma promo\u00e7\u00e3o \u00fanica para voc\u00ea economizar na compra de seus eletrodom\u00e9sticos favoritos. Descontamos o IVA!","breadcrumb":{"@id":"https:\/\/shopenzona.es\/blogpt\/em-allzone-descontamos-o-iva-em-electro\/#breadcrumb"},"inLanguage":"es","potentialAction":[{"@type":"ReadAction","target":["https:\/\/shopenzona.es\/blogpt\/em-allzone-descontamos-o-iva-em-electro\/"]}]},{"@type":"BreadcrumbList","@id":"https:\/\/shopenzona.es\/blogpt\/em-allzone-descontamos-o-iva-em-electro\/#breadcrumb","itemListElement":[{"@type":"ListItem","position":1,"name":"Portada","item":"https:\/\/shopenzona.es\/blogpt\/"},{"@type":"ListItem","position":2,"name":"Em Allzone reembolsamos o IVA em Electro"}]},{"@type":"WebSite","@id":"https:\/\/shopenzona.es\/blogpt\/#website","url":"https:\/\/shopenzona.es\/blogpt\/","name":"Allzone Portugal","description":"Blog de Allzone Portugal","potentialAction":[{"@type":"SearchAction","target":{"@type":"EntryPoint","urlTemplate":"https:\/\/shopenzona.es\/blogpt\/?s={search_term_string}"},"query-input":"required name=search_term_string"}],"inLanguage":"es"},{"@type":"Person","@id":"https:\/\/shopenzona.es\/blogpt\/#\/schema\/person\/e665dbc140444c0a4aebf0052c37d4cb","name":"Carla rrieta","image":{"@type":"ImageObject","inLanguage":"es","@id":"https:\/\/shopenzona.es\/blogpt\/#\/schema\/person\/image\/","url":"https:\/\/secure.gravatar.com\/avatar\/8de06663b7c0faef5c2a4dda092977f5?s=96&d=mm&r=g","contentUrl":"https:\/\/secure.gravatar.com\/avatar\/8de06663b7c0faef5c2a4dda092977f5?s=96&d=mm&r=g","caption":"Carla rrieta"}}]}},"_links":{"self":[{"href":"https:\/\/shopenzona.es\/blogpt\/wp-json\/wp\/v2\/posts\/30673"}],"collection":[{"href":"https:\/\/shopenzona.es\/blogpt\/wp-json\/wp\/v2\/posts"}],"about":[{"href":"https:\/\/shopenzona.es\/blogpt\/wp-json\/wp\/v2\/types\/post"}],"author":[{"embeddable":true,"href":"https:\/\/shopenzona.es\/blogpt\/wp-json\/wp\/v2\/users\/26"}],"replies":[{"embeddable":true,"href":"https:\/\/shopenzona.es\/blogpt\/wp-json\/wp\/v2\/comments?post=30673"}],"version-history":[{"count":8,"href":"https:\/\/shopenzona.es\/blogpt\/wp-json\/wp\/v2\/posts\/30673\/revisions"}],"predecessor-version":[{"id":33249,"href":"https:\/\/shopenzona.es\/blogpt\/wp-json\/wp\/v2\/posts\/30673\/revisions\/33249"}],"wp:featuredmedia":[{"embeddable":true,"href":"https:\/\/shopenzona.es\/blogpt\/wp-json\/wp\/v2\/media\/30681"}],"wp:attachment":[{"href":"https:\/\/shopenzona.es\/blogpt\/wp-json\/wp\/v2\/media?parent=30673"}],"wp:term":[{"taxonomy":"category","embeddable":true,"href":"https:\/\/shopenzona.es\/blogpt\/wp-json\/wp\/v2\/categories?post=30673"},{"taxonomy":"post_tag","embeddable":true,"href":"https:\/\/shopenzona.es\/blogpt\/wp-json\/wp\/v2\/tags?post=30673"}],"curies":[{"name":"wp","href":"https:\/\/api.w.org\/{rel}","templated":true}]}}