{"id":31134,"date":"2024-09-13T11:00:13","date_gmt":"2024-09-13T09:00:13","guid":{"rendered":"https:\/\/allzone.es\/blog\/?p=31134"},"modified":"2024-09-13T11:00:14","modified_gmt":"2024-09-13T09:00:14","slug":"os-melhores-sofas-de-salao","status":"publish","type":"post","link":"https:\/\/shopenzona.es\/blogpt\/os-melhores-sofas-de-salao\/","title":{"rendered":"Conhe\u00e7a os melhores sof\u00e1s: Escolha o ideal para a sua sala de estar"},"content":{"rendered":"\n<p>Escolher o sof\u00e1 perfeito para a sua casa \u00e9 essencial para garantir o conforto, o estilo e a durabilidade do seu espa\u00e7o. O sof\u00e1 certo n\u00e3o s\u00f3 deve oferecer o conforto de que necessita para desfrutar de momentos relaxantes, como tamb\u00e9m deve complementar o design da sua sala de estar e resistir ao teste do tempo. Considere o material e o estilo que melhor se adequam \u00e0s suas necessidades e prefer\u00eancias. A escolha do sof\u00e1 certo transforma n\u00e3o s\u00f3 o aspeto da sua sala de estar, mas tamb\u00e9m a sua experi\u00eancia dom\u00e9stica quotidiana.<\/p>\n\n\n\n<div style=\"height:23px\" aria-hidden=\"true\" class=\"wp-block-spacer\"><\/div>\n\n\n\n<h2>Factores-chave na escolha de um bom sof\u00e1<\/h2>\n\n\n\n<div style=\"height:10px\" aria-hidden=\"true\" class=\"wp-block-spacer\"><\/div>\n\n\n\n<h3>Conforto e ergonomia<\/h3>\n\n\n\n<p>O conforto \u00e9 essencial na escolha de um sof\u00e1, pois determina a qualidade da sua experi\u00eancia de sono. A ergonomia desempenha um papel crucial, garantindo que o design do sof\u00e1 se adapta \u00e0 forma do corpo e proporciona um apoio adequado. Para avaliar o conforto, considere a firmeza dos estofos e a altura do encosto. Um bom sof\u00e1 deve permitir-lhe relaxar sem esfor\u00e7o, com um encosto que apoie bem as suas costas e um assento que se adapte \u00e0 sua postura natural. A an\u00e1lise destes aspectos ajud\u00e1-lo-\u00e1 a encontrar uma op\u00e7\u00e3o que combine conforto e funcionalidade.<\/p>\n\n\n\n<div style=\"height:23px\" aria-hidden=\"true\" class=\"wp-block-spacer\"><\/div>\n\n\n\n<h3>Materiais e durabilidade<\/h3>\n\n\n\n<p>Os materiais do sof\u00e1 influenciam diretamente a sua durabilidade e apar\u00eancia. Os tecidos sint\u00e9ticos, como a microfibra, s\u00e3o resistentes \u00e0s manchas e ao desgaste, oferecendo uma longa vida \u00fatil. O couro, por outro lado, \u00e9 dur\u00e1vel e elegante, embora possa exigir mais manuten\u00e7\u00e3o para manter a sua apar\u00eancia. Os sof\u00e1s feitos de tecidos naturais, como o linho ou o algod\u00e3o, proporcionam uma sensa\u00e7\u00e3o de conforto, mas podem ser menos resistentes \u00e0s manchas e ao uso intensivo. Ao escolher um material, considere a resist\u00eancia \u00e0s manchas e aos arranh\u00f5es e o estilo que pretende para a sua sala de estar.<\/p>\n\n\n\n<div style=\"height:23px\" aria-hidden=\"true\" class=\"wp-block-spacer\"><\/div>\n\n\n\n<h3>Estilo e design<\/h3>\n\n\n\n<p>O design do sof\u00e1 deve combinar harmoniosamente com a decora\u00e7\u00e3o da sua casa para criar um ambiente coeso. Opte por um estilo que complemente as cores e a est\u00e9tica da sua sala de estar. Os sof\u00e1s modernos com linhas simples e cores neutras combinam bem com decora\u00e7\u00f5es contempor\u00e2neas, enquanto os modelos cl\u00e1ssicos com pormenores elaborados se enquadram em ambientes tradicionais. Considere o tamanho e a forma do <a href=\"https:\/\/shopenzona.es\/pt\/4588-sofas\" target=\"_blank\" rel=\"noreferrer noopener\">sof\u00e1<\/a> para garantir que este se adapta corretamente ao espa\u00e7o dispon\u00edvel, evitando que domine ou se perca na decora\u00e7\u00e3o geral da sala.<\/p>\n\n\n\n<div style=\"height:23px\" aria-hidden=\"true\" class=\"wp-block-spacer\"><\/div>\n\n\n\n<h3>Rela\u00e7\u00e3o qualidade\/pre\u00e7o<\/h3>\n\n\n\n<p>Ao escolher um sof\u00e1, a rela\u00e7\u00e3o entre qualidade e pre\u00e7o \u00e9 crucial. Um pre\u00e7o mais elevado nem sempre garante uma melhor qualidade, mas um sof\u00e1 demasiado barato pode comprometer a durabilidade e o conforto. Avalie os materiais e a constru\u00e7\u00e3o do mobili\u00e1rio para garantir que o custo reflecte o seu valor. Considere tamb\u00e9m a garantia e o servi\u00e7o p\u00f3s-venda, pois um bom apoio pode ser t\u00e3o importante como a qualidade inicial. Pesquise op\u00e7\u00f5es e compare diferentes modelos para encontrar um equil\u00edbrio entre o custo e as carater\u00edsticas de que realmente necessita.<\/p>\n\n\n\n<div style=\"height:23px\" aria-hidden=\"true\" class=\"wp-block-spacer\"><\/div>\n\n\n\n<h2>Os 5 melhores sof\u00e1s da nossa loja<\/h2>\n\n\n\n<div style=\"height:10px\" aria-hidden=\"true\" class=\"wp-block-spacer\"><\/div>\n\n\n\n<h3>Sof\u00e1-cama em forma de L<\/h3>\n\n\n\n<p>Este sof\u00e1-cama em forma de L \u00e9 ideal para espa\u00e7os pequenos, combinando conforto e funcionalidade. Oferece tr\u00eas posi\u00e7\u00f5es vers\u00e1teis: sentado, reclinado e deitado, o que o torna perfeito para uso quotidiano ou como cama de h\u00f3spedes. O tecido \u00e9 respir\u00e1vel e dur\u00e1vel, e a estrutura em contraplacado garante estabilidade. Os estofos em espuma de alta densidade garantem um conforto excecional. Al\u00e9m disso, a chaise longue \u00e9 intermut\u00e1vel, permitindo-lhe posicion\u00e1-la \u00e0 direita ou \u00e0 esquerda, de acordo com as suas necessidades.<\/p>\n\n\n\n<div style=\"height:23px\" aria-hidden=\"true\" class=\"wp-block-spacer\"><\/div>\n\n\n\n<div class=\"wp-block-image\"><figure class=\"aligncenter size-full is-resized\"><a href=\"https:\/\/shopenzona.es\/pt\/sofas-de-esquina\/711619-sofa-cama-en-forma-de-l-tela-negro-255x140x70-cm-8720845828882.html\" target=\"_blank\" rel=\"noopener\"><img loading=\"lazy\" src=\"https:\/\/shopenzona.es\/blog\/wp-content\/uploads\/2024\/09\/sofa-cama-en-forma-de-l-tela-negro-255x140x70-cm-1.jpg\" alt=\"\" class=\"wp-image-31135\" width=\"400\" height=\"400\"\/><\/a><\/figure><\/div>\n\n\n\n<div class=\"wp-container-1 wp-block-buttons\">\n<div class=\"wp-block-button aligncenter\"><a class=\"wp-block-button__link\" href=\"https:\/\/shopenzona.es\/pt\/sofas-de-esquina\/711619-sofa-cama-en-forma-de-l-tela-negro-255x140x70-cm-8720845828882.html\" target=\"_blank\" rel=\"noreferrer noopener\">Sof\u00e1-cama em forma de L<\/a><\/div>\n<\/div>\n\n\n\n<div style=\"height:23px\" aria-hidden=\"true\" class=\"wp-block-spacer\"><\/div>\n\n\n\n<h3>Sof\u00e1 de 3 lugares em tecido<\/h3>\n\n\n\n<p>Este sof\u00e1 de 3 lugares combina eleg\u00e2ncia e conforto, ideal para utiliza\u00e7\u00e3o no escrit\u00f3rio e em casa. Com uma grande \u00e1rea de assento e almofadas almofadadas, oferece um conforto excecional. Estofado em tecido macio e dur\u00e1vel, as suas capas amov\u00edveis podem ser lavadas na m\u00e1quina. A estrutura de madeira robusta assegura a durabilidade. A entrega inclui o sof\u00e1 de 3 lugares e seis almofadas (tr\u00eas almofadas para as costas e tr\u00eas almofadas para o assento), perfeitas para melhorar qualquer espa\u00e7o.<\/p>\n\n\n\n<div style=\"height:23px\" aria-hidden=\"true\" class=\"wp-block-spacer\"><\/div>\n\n\n\n<div class=\"wp-block-image\"><figure class=\"aligncenter size-full is-resized\"><a href=\"https:\/\/shopenzona.es\/pt\/sofas-3-plazas\/212557-sofa-de-3-plazas-de-tela-marron-8719883569581.html\" target=\"_blank\" rel=\"noopener\"><img loading=\"lazy\" src=\"https:\/\/shopenzona.es\/blog\/wp-content\/uploads\/2024\/09\/sofa-de-3-plazas-de-tela-marron-1.jpg\" alt=\"\" class=\"wp-image-31136\" width=\"400\" height=\"400\"\/><\/a><\/figure><\/div>\n\n\n\n<div class=\"wp-container-2 wp-block-buttons\">\n<div class=\"wp-block-button aligncenter\"><a class=\"wp-block-button__link\" href=\"https:\/\/shopenzona.es\/pt\/sofas-3-plazas\/212557-sofa-de-3-plazas-de-tela-marron-8719883569581.html\" target=\"_blank\" rel=\"noreferrer noopener\">Sof\u00e1 de 3 lugares em tecido<\/a><\/div>\n<\/div>\n\n\n\n<div style=\"height:23px\" aria-hidden=\"true\" class=\"wp-block-spacer\"><\/div>\n\n\n\n<h3>Sof\u00e1 de veludo de 3 lugares com almofadas<\/h3>\n\n\n\n<p>Este sof\u00e1 de 3 lugares \u00e9 ideal para conversar, ler ou relaxar, e destaca-se como uma pe\u00e7a central em qualquer casa. Estofado em veludo macio, oferece uma sensa\u00e7\u00e3o de luxo e conforto. O assento almofadado, os apoios para os bra\u00e7os, o encosto e as almofadas redondas proporcionam um excelente conforto. As pernas robustas garantem estabilidade e firmeza. Com um design moderno e simples, este sof\u00e1 n\u00e3o \u00e9 apenas funcional, mas tamb\u00e9m um elemento decorativo atrativo para a sua sala de estar.<\/p>\n\n\n\n<div style=\"height:23px\" aria-hidden=\"true\" class=\"wp-block-spacer\"><\/div>\n\n\n\n<div class=\"wp-block-image\"><figure class=\"aligncenter size-full is-resized\"><a href=\"https:\/\/shopenzona.es\/pt\/sofas-3-plazas\/934891-sofa-con-cojines-de-3-plazas-terciopelo-gris-claro-8721012400283.html\" target=\"_blank\" rel=\"noopener\"><img loading=\"lazy\" src=\"https:\/\/shopenzona.es\/blog\/wp-content\/uploads\/2024\/09\/sofa-con-cojines-de-3-plazas-terciopelo-gris-claro.jpg\" alt=\"\" class=\"wp-image-31137\" width=\"400\" height=\"400\"\/><\/a><\/figure><\/div>\n\n\n\n<div class=\"wp-container-3 wp-block-buttons\">\n<div class=\"wp-block-button aligncenter\"><a class=\"wp-block-button__link\" href=\"https:\/\/shopenzona.es\/pt\/sofas-3-plazas\/934891-sofa-con-cojines-de-3-plazas-terciopelo-gris-claro-8721012400283.html\" target=\"_blank\" rel=\"noreferrer noopener\">Sof\u00e1 de veludo de 3 lugares com almofadas<\/a><\/div>\n<\/div>\n\n\n\n<div style=\"height:23px\" aria-hidden=\"true\" class=\"wp-block-spacer\"><\/div>\n\n\n\n<h3>Sof\u00e1 de 3 lugares em pele sint\u00e9tica<\/h3>\n\n\n\n<p>O nosso sof\u00e1 de 3 lugares foi concebido para proporcionar uma experi\u00eancia de assento fant\u00e1stica e satisfazer perfeitamente as suas necessidades. Este sof\u00e1 \u00e9 estofado em pele sint\u00e9tica f\u00e1cil de limpar e possui almofadas grossas almofadadas que oferecem um espa\u00e7o confort\u00e1vel para relaxar. A estrutura em madeira proporciona estabilidade a toda a constru\u00e7\u00e3o.<\/p>\n\n\n\n<div style=\"height:23px\" aria-hidden=\"true\" class=\"wp-block-spacer\"><\/div>\n\n\n\n<div class=\"wp-block-image\"><figure class=\"aligncenter size-full is-resized\"><a href=\"https:\/\/shopenzona.es\/pt\/sofas-3-plazas\/1072173-sofa-de-3-plazas-cuero-sintetico-color-crema-8719883893242.html\" target=\"_blank\" rel=\"noopener\"><img loading=\"lazy\" src=\"https:\/\/shopenzona.es\/blog\/wp-content\/uploads\/2024\/09\/sofa-de-3-plazas-cuero-sintetico-color-crema.jpg\" alt=\"\" class=\"wp-image-31138\" width=\"400\" height=\"400\"\/><\/a><\/figure><\/div>\n\n\n\n<div class=\"wp-container-4 wp-block-buttons\">\n<div class=\"wp-block-button aligncenter\"><a class=\"wp-block-button__link\" href=\"https:\/\/shopenzona.es\/pt\/sofas-3-plazas\/1072173-sofa-de-3-plazas-cuero-sintetico-color-crema-8719883893242.html\" target=\"_blank\" rel=\"noreferrer noopener\">Sof\u00e1 de 3 lugares em pele sint\u00e9tica<\/a><\/div>\n<\/div>\n\n\n\n<div style=\"height:23px\" aria-hidden=\"true\" class=\"wp-block-spacer\"><\/div>\n\n\n\n<h3>Sof\u00e1 de 3 lugares em veludo cor-de-rosa<\/h3>\n\n\n\n<p>Este sof\u00e1 de 3 lugares \u00e9 perfeito para conversar, ler ou relaxar, e torna-se um ponto focal em qualquer sala. Estofado em veludo luxuoso, oferece um toque suave e confort\u00e1vel. A sua estrutura met\u00e1lica garante robustez e estabilidade, enquanto o estofo espesso dos assentos, dos apoios de bra\u00e7os e das almofadas das costas garante um conforto excecional. Com um design moderno e simples, este sof\u00e1 n\u00e3o \u00e9 apenas funcional, mas tamb\u00e9m um elemento decorativo atrativo para a sua casa.<\/p>\n\n\n\n<div style=\"height:23px\" aria-hidden=\"true\" class=\"wp-block-spacer\"><\/div>\n\n\n\n<div class=\"wp-block-image\"><figure class=\"aligncenter size-full is-resized\"><a href=\"https:\/\/shopenzona.es\/pt\/sofas-3-plazas\/1072189-sofa-de-3-plazas-terciopelo-rosa-180-cm-8721012140424.html\" target=\"_blank\" rel=\"noopener\"><img loading=\"lazy\" src=\"https:\/\/shopenzona.es\/blog\/wp-content\/uploads\/2024\/09\/sofa-de-3-plazas-terciopelo-rosa-180-cm.jpg\" alt=\"\" class=\"wp-image-31139\" width=\"400\" height=\"400\"\/><\/a><\/figure><\/div>\n\n\n\n<div class=\"wp-container-5 wp-block-buttons\">\n<div class=\"wp-block-button aligncenter\"><a class=\"wp-block-button__link\" href=\"https:\/\/shopenzona.es\/pt\/sofas-3-plazas\/1072189-sofa-de-3-plazas-terciopelo-rosa-180-cm-8721012140424.html\" target=\"_blank\" rel=\"noreferrer noopener\">Sof\u00e1 de 3 lugares em veludo cor-de-rosa<\/a><\/div>\n<\/div>\n\n\n\n<div style=\"height:23px\" aria-hidden=\"true\" class=\"wp-block-spacer\"><\/div>\n\n\n\n<h2>Como escolher o sof\u00e1 perfeito para o seu estilo de vida<\/h2>\n\n\n\n<p>A escolha do <a href=\"https:\/\/shopenzona.es\/pt\/4588-sofas\" target=\"_blank\" rel=\"noreferrer noopener\">sof\u00e1 perfeito<\/a> depende do seu estilo de vida e das suas necessidades. Se \u00e9 um anfitri\u00e3o habitual, opte por um modelo grande e robusto. Se passa muito tempo em casa, procure um sof\u00e1 que seja confort\u00e1vel e f\u00e1cil de manter. Se tiver animais de estima\u00e7\u00e3o ou crian\u00e7as, escolha materiais duradouros e resistentes a n\u00f3doas. Para espa\u00e7os pequenos, considere sof\u00e1s modulares ou multifuncionais que optimizem o espa\u00e7o. Ajuste a sua escolha \u00e0 sua rotina di\u00e1ria e \u00e0s suas prefer\u00eancias para encontrar o sof\u00e1 que melhor se adapta \u00e0 sua casa e ao seu estilo de vida.<\/p>\n","protected":false},"excerpt":{"rendered":"<p>Escolher o sof\u00e1 perfeito para a sua casa \u00e9 essencial para garantir o conforto, o estilo e a durabilidade do seu espa\u00e7o. O sof\u00e1 certo n\u00e3o s\u00f3 deve oferecer o conforto de que necessita para desfrutar de momentos relaxantes, como tamb\u00e9m deve complementar o design da sua sala de estar e resistir ao teste do&hellip;<\/p>\n","protected":false},"author":31,"featured_media":31156,"comment_status":"closed","ping_status":"closed","sticky":false,"template":"","format":"standard","meta":{"inline_featured_image":false},"categories":[571,570],"tags":[],"yoast_head":"<!-- This site is optimized with the Yoast SEO plugin v19.13 - https:\/\/yoast.com\/wordpress\/plugins\/seo\/ -->\n<title>Os melhores sof\u00e1s para a sua sala de estar | Ideias e factores de compra<\/title>\n<meta name=\"description\" content=\"Procura o sof\u00e1 perfeito? Descubra os melhores modelos e os factores essenciais para fazer a melhor escolha para a sua sala de estar.\" \/>\n<meta name=\"robots\" content=\"index, follow, max-snippet:-1, max-image-preview:large, max-video-preview:-1\" \/>\n<link rel=\"canonical\" href=\"https:\/\/shopenzona.es\/blogpt\/os-melhores-sofas-de-salao\/\" \/>\n<meta property=\"og:locale\" content=\"es_ES\" \/>\n<meta property=\"og:type\" content=\"article\" \/>\n<meta property=\"og:title\" content=\"Os melhores sof\u00e1s para a sua sala de estar | Ideias e factores de compra\" \/>\n<meta property=\"og:description\" content=\"Procura o sof\u00e1 perfeito? Descubra os melhores modelos e os factores essenciais para fazer a melhor escolha para a sua sala de estar.\" \/>\n<meta property=\"og:url\" content=\"https:\/\/shopenzona.es\/blogpt\/os-melhores-sofas-de-salao\/\" \/>\n<meta property=\"og:site_name\" content=\"Allzone Portugal\" \/>\n<meta property=\"article:published_time\" content=\"2024-09-13T09:00:13+00:00\" \/>\n<meta property=\"article:modified_time\" content=\"2024-09-13T09:00:14+00:00\" \/>\n<meta property=\"og:image\" content=\"https:\/\/shopenzona.es\/blogpt\/wp-content\/uploads\/2024\/09\/PT-Portadas-blogs-corporativo-32.jpg\" \/>\n\t<meta property=\"og:image:width\" content=\"825\" \/>\n\t<meta property=\"og:image:height\" content=\"450\" \/>\n\t<meta property=\"og:image:type\" content=\"image\/jpeg\" \/>\n<meta name=\"author\" content=\"Mirian Martinez\" \/>\n<meta name=\"twitter:card\" content=\"summary_large_image\" \/>\n<meta name=\"twitter:label1\" content=\"Escrito por\" \/>\n\t<meta name=\"twitter:data1\" content=\"Mirian Martinez\" \/>\n\t<meta name=\"twitter:label2\" content=\"Tiempo de lectura\" \/>\n\t<meta name=\"twitter:data2\" content=\"6 minutos\" \/>\n<script type=\"application\/ld+json\" class=\"yoast-schema-graph\">{\"@context\":\"https:\/\/schema.org\",\"@graph\":[{\"@type\":\"WebPage\",\"@id\":\"https:\/\/shopenzona.es\/blogpt\/os-melhores-sofas-de-salao\/\",\"url\":\"https:\/\/shopenzona.es\/blogpt\/os-melhores-sofas-de-salao\/\",\"name\":\"Os melhores sof\u00e1s para a sua sala de estar | Ideias e factores de compra\",\"isPartOf\":{\"@id\":\"https:\/\/shopenzona.es\/blogpt\/#website\"},\"datePublished\":\"2024-09-13T09:00:13+00:00\",\"dateModified\":\"2024-09-13T09:00:14+00:00\",\"author\":{\"@id\":\"https:\/\/shopenzona.es\/blogpt\/#\/schema\/person\/aff970a55881169421d7c77b4b5b598e\"},\"description\":\"Procura o sof\u00e1 perfeito? Descubra os melhores modelos e os factores essenciais para fazer a melhor escolha para a sua sala de estar.\",\"breadcrumb\":{\"@id\":\"https:\/\/shopenzona.es\/blogpt\/os-melhores-sofas-de-salao\/#breadcrumb\"},\"inLanguage\":\"es\",\"potentialAction\":[{\"@type\":\"ReadAction\",\"target\":[\"https:\/\/shopenzona.es\/blogpt\/os-melhores-sofas-de-salao\/\"]}]},{\"@type\":\"BreadcrumbList\",\"@id\":\"https:\/\/shopenzona.es\/blogpt\/os-melhores-sofas-de-salao\/#breadcrumb\",\"itemListElement\":[{\"@type\":\"ListItem\",\"position\":1,\"name\":\"Portada\",\"item\":\"https:\/\/shopenzona.es\/blogpt\/\"},{\"@type\":\"ListItem\",\"position\":2,\"name\":\"Conhe\u00e7a os melhores sof\u00e1s: Escolha o ideal para a sua sala de estar\"}]},{\"@type\":\"WebSite\",\"@id\":\"https:\/\/shopenzona.es\/blogpt\/#website\",\"url\":\"https:\/\/shopenzona.es\/blogpt\/\",\"name\":\"Allzone Portugal\",\"description\":\"Blog de Allzone Portugal\",\"potentialAction\":[{\"@type\":\"SearchAction\",\"target\":{\"@type\":\"EntryPoint\",\"urlTemplate\":\"https:\/\/shopenzona.es\/blogpt\/?s={search_term_string}\"},\"query-input\":\"required name=search_term_string\"}],\"inLanguage\":\"es\"},{\"@type\":\"Person\",\"@id\":\"https:\/\/shopenzona.es\/blogpt\/#\/schema\/person\/aff970a55881169421d7c77b4b5b598e\",\"name\":\"Mirian Martinez\",\"image\":{\"@type\":\"ImageObject\",\"inLanguage\":\"es\",\"@id\":\"https:\/\/shopenzona.es\/blogpt\/#\/schema\/person\/image\/\",\"url\":\"https:\/\/secure.gravatar.com\/avatar\/c02c066b7203a53dc76f5800b21bb808?s=96&d=mm&r=g\",\"contentUrl\":\"https:\/\/secure.gravatar.com\/avatar\/c02c066b7203a53dc76f5800b21bb808?s=96&d=mm&r=g\",\"caption\":\"Mirian Martinez\"}}]}<\/script>\n<!-- \/ Yoast SEO plugin. -->","yoast_head_json":{"title":"Os melhores sof\u00e1s para a sua sala de estar | Ideias e factores de compra","description":"Procura o sof\u00e1 perfeito? Descubra os melhores modelos e os factores essenciais para fazer a melhor escolha para a sua sala de estar.","robots":{"index":"index","follow":"follow","max-snippet":"max-snippet:-1","max-image-preview":"max-image-preview:large","max-video-preview":"max-video-preview:-1"},"canonical":"https:\/\/shopenzona.es\/blogpt\/os-melhores-sofas-de-salao\/","og_locale":"es_ES","og_type":"article","og_title":"Os melhores sof\u00e1s para a sua sala de estar | Ideias e factores de compra","og_description":"Procura o sof\u00e1 perfeito? Descubra os melhores modelos e os factores essenciais para fazer a melhor escolha para a sua sala de estar.","og_url":"https:\/\/shopenzona.es\/blogpt\/os-melhores-sofas-de-salao\/","og_site_name":"Allzone Portugal","article_published_time":"2024-09-13T09:00:13+00:00","article_modified_time":"2024-09-13T09:00:14+00:00","og_image":[{"width":825,"height":450,"url":"https:\/\/shopenzona.es\/blogpt\/wp-content\/uploads\/2024\/09\/PT-Portadas-blogs-corporativo-32.jpg","type":"image\/jpeg"}],"author":"Mirian Martinez","twitter_card":"summary_large_image","twitter_misc":{"Escrito por":"Mirian Martinez","Tiempo de lectura":"6 minutos"},"schema":{"@context":"https:\/\/schema.org","@graph":[{"@type":"WebPage","@id":"https:\/\/shopenzona.es\/blogpt\/os-melhores-sofas-de-salao\/","url":"https:\/\/shopenzona.es\/blogpt\/os-melhores-sofas-de-salao\/","name":"Os melhores sof\u00e1s para a sua sala de estar | Ideias e factores de compra","isPartOf":{"@id":"https:\/\/shopenzona.es\/blogpt\/#website"},"datePublished":"2024-09-13T09:00:13+00:00","dateModified":"2024-09-13T09:00:14+00:00","author":{"@id":"https:\/\/shopenzona.es\/blogpt\/#\/schema\/person\/aff970a55881169421d7c77b4b5b598e"},"description":"Procura o sof\u00e1 perfeito? Descubra os melhores modelos e os factores essenciais para fazer a melhor escolha para a sua sala de estar.","breadcrumb":{"@id":"https:\/\/shopenzona.es\/blogpt\/os-melhores-sofas-de-salao\/#breadcrumb"},"inLanguage":"es","potentialAction":[{"@type":"ReadAction","target":["https:\/\/shopenzona.es\/blogpt\/os-melhores-sofas-de-salao\/"]}]},{"@type":"BreadcrumbList","@id":"https:\/\/shopenzona.es\/blogpt\/os-melhores-sofas-de-salao\/#breadcrumb","itemListElement":[{"@type":"ListItem","position":1,"name":"Portada","item":"https:\/\/shopenzona.es\/blogpt\/"},{"@type":"ListItem","position":2,"name":"Conhe\u00e7a os melhores sof\u00e1s: Escolha o ideal para a sua sala de estar"}]},{"@type":"WebSite","@id":"https:\/\/shopenzona.es\/blogpt\/#website","url":"https:\/\/shopenzona.es\/blogpt\/","name":"Allzone Portugal","description":"Blog de Allzone Portugal","potentialAction":[{"@type":"SearchAction","target":{"@type":"EntryPoint","urlTemplate":"https:\/\/shopenzona.es\/blogpt\/?s={search_term_string}"},"query-input":"required name=search_term_string"}],"inLanguage":"es"},{"@type":"Person","@id":"https:\/\/shopenzona.es\/blogpt\/#\/schema\/person\/aff970a55881169421d7c77b4b5b598e","name":"Mirian Martinez","image":{"@type":"ImageObject","inLanguage":"es","@id":"https:\/\/shopenzona.es\/blogpt\/#\/schema\/person\/image\/","url":"https:\/\/secure.gravatar.com\/avatar\/c02c066b7203a53dc76f5800b21bb808?s=96&d=mm&r=g","contentUrl":"https:\/\/secure.gravatar.com\/avatar\/c02c066b7203a53dc76f5800b21bb808?s=96&d=mm&r=g","caption":"Mirian Martinez"}}]}},"_links":{"self":[{"href":"https:\/\/shopenzona.es\/blogpt\/wp-json\/wp\/v2\/posts\/31134"}],"collection":[{"href":"https:\/\/shopenzona.es\/blogpt\/wp-json\/wp\/v2\/posts"}],"about":[{"href":"https:\/\/shopenzona.es\/blogpt\/wp-json\/wp\/v2\/types\/post"}],"author":[{"embeddable":true,"href":"https:\/\/shopenzona.es\/blogpt\/wp-json\/wp\/v2\/users\/31"}],"replies":[{"embeddable":true,"href":"https:\/\/shopenzona.es\/blogpt\/wp-json\/wp\/v2\/comments?post=31134"}],"version-history":[{"count":1,"href":"https:\/\/shopenzona.es\/blogpt\/wp-json\/wp\/v2\/posts\/31134\/revisions"}],"predecessor-version":[{"id":31157,"href":"https:\/\/shopenzona.es\/blogpt\/wp-json\/wp\/v2\/posts\/31134\/revisions\/31157"}],"wp:featuredmedia":[{"embeddable":true,"href":"https:\/\/shopenzona.es\/blogpt\/wp-json\/wp\/v2\/media\/31156"}],"wp:attachment":[{"href":"https:\/\/shopenzona.es\/blogpt\/wp-json\/wp\/v2\/media?parent=31134"}],"wp:term":[{"taxonomy":"category","embeddable":true,"href":"https:\/\/shopenzona.es\/blogpt\/wp-json\/wp\/v2\/categories?post=31134"},{"taxonomy":"post_tag","embeddable":true,"href":"https:\/\/shopenzona.es\/blogpt\/wp-json\/wp\/v2\/tags?post=31134"}],"curies":[{"name":"wp","href":"https:\/\/api.w.org\/{rel}","templated":true}]}}