{"id":32227,"date":"2024-11-26T09:33:32","date_gmt":"2024-11-26T08:33:32","guid":{"rendered":"https:\/\/allzone.es\/blog\/?p=32227"},"modified":"2024-12-20T10:15:53","modified_gmt":"2024-12-20T09:15:53","slug":"medidas-bagagem-de-cabina","status":"publish","type":"post","link":"https:\/\/shopenzona.es\/blogpt\/medidas-bagagem-de-cabina\/","title":{"rendered":"Medidas da bagagem de cabina: tudo o que precisa de saber para o seu pr\u00f3ximo voo"},"content":{"rendered":"\n<p>Saber o tamanho correto da mala de cabine \u00e9 crucial para evitar surpresas no embarque. As companhias a\u00e9reas t\u00eam pol\u00edticas vari\u00e1veis em mat\u00e9ria de tamanhos permitidos, e uma mala que parece adequada pode n\u00e3o o ser para um voo espec\u00edfico. \u00c9 essencial escolher uma mala que esteja em conformidade com as regras gerais, uma vez que cada companhia a\u00e9rea tem os seus pr\u00f3prios limites. Assegurar que a sua bagagem est\u00e1 em conformidade com estas restri\u00e7\u00f5es permitir-lhe-\u00e1 viajar sem problemas e sem custos adicionais de tamanho excessivo.<\/p>\n\n\n\n<div style=\"height:23px\" aria-hidden=\"true\" class=\"wp-block-spacer\"><\/div>\n\n\n\n<h2>Dimens\u00f5es normalizadas para a bagagem de cabina em 2024<\/h2>\n\n\n\n<p>As companhias a\u00e9reas autorizam normalmente <a href=\"https:\/\/shopenzona.es\/pt\/4692-maletas\" target=\"_blank\" rel=\"noreferrer noopener\">a bagagem de cabina <\/a>com dimens\u00f5es normalizadas que variam entre 55x40x20 cm e 56x45x25 cm. Estas dimens\u00f5es asseguram que a bagagem pode ser colocada nos compartimentos da cabina sem qualquer inconveniente. No entanto, algumas companhias a\u00e9reas permitem um pouco mais de espa\u00e7o, especialmente se o peso total estiver de acordo com as suas pol\u00edticas. \u00c9 importante verificar sempre os regulamentos de cada companhia a\u00e9rea antes de viajar para evitar surpresas no aeroporto.<\/p>\n\n\n\n<div style=\"height:23px\" aria-hidden=\"true\" class=\"wp-block-spacer\"><\/div>\n\n\n\n<h2>Quais s\u00e3o os tamanhos de bagagem de m\u00e3o para as diferentes companhias a\u00e9reas?<\/h2>\n\n\n\n<p>Cada companhia a\u00e9rea tem pol\u00edticas espec\u00edficas para a bagagem de m\u00e3o. A Ryanair permite malas at\u00e9 40x20x25 cm na sua tarifa b\u00e1sica, enquanto a Iberia permite at\u00e9 56x40x25 cm. A EasyJet, por outro lado, permite malas at\u00e9 56x45x25 cm, mas com um peso m\u00e1ximo de 15 kg. Embora as dimens\u00f5es variem, \u00e9 essencial verificar as restri\u00e7\u00f5es de peso e tamanho, uma vez que algumas companhias a\u00e9reas permitem mais espa\u00e7o se o peso estipulado n\u00e3o for excedido. \u00c9 sempre aconselh\u00e1vel verificar as condi\u00e7\u00f5es de cada companhia a\u00e9rea antes de viajar.<\/p>\n\n\n\n<div style=\"height:23px\" aria-hidden=\"true\" class=\"wp-block-spacer\"><\/div>\n\n\n\n<div class=\"wp-block-image\"><figure class=\"aligncenter size-full is-resized\"><a href=\"https:\/\/shopenzona.es\/pt\/maletas\/1009886-maleta-de-cabina-american-tourister-crosstrack-upright-55cm-55x40x20cm-2-ruedas-negro-y-gris-5400520065513.html\" target=\"_blank\" rel=\"noopener\"><img loading=\"lazy\" src=\"https:\/\/shopenzona.es\/blog\/wp-content\/uploads\/2024\/11\/maleta-de-cabina-american-tourister-crosstrack-upright-55cm-55x40x20cm-2-ruedas-negro-y-gris.jpg\" alt=\"\" class=\"wp-image-32230\" width=\"443\" height=\"443\"\/><\/a><\/figure><\/div>\n\n\n\n<div class=\"wp-container-1 wp-block-buttons\">\n<div class=\"wp-block-button aligncenter\"><a class=\"wp-block-button__link\" href=\"https:\/\/shopenzona.es\/pt\/maletas\/1009886-maleta-de-cabina-american-tourister-crosstrack-upright-55cm-55x40x20cm-2-ruedas-negro-y-gris-5400520065513.html\" target=\"_blank\" rel=\"noreferrer noopener\">American Tourister Crosstrack<\/a><\/div>\n<\/div>\n\n\n\n<div style=\"height:23px\" aria-hidden=\"true\" class=\"wp-block-spacer\"><\/div>\n\n\n\n<div style=\"height:23px\" aria-hidden=\"true\" class=\"wp-block-spacer\"><\/div>\n\n\n\n<div class=\"wp-block-image\"><figure class=\"aligncenter size-full is-resized\"><a href=\"https:\/\/shopenzona.es\/pt\/maletas\/215488-maleta-de-piloto-negra-8718475565611.html\" target=\"_blank\" rel=\"noopener\"><img loading=\"lazy\" src=\"https:\/\/shopenzona.es\/blog\/wp-content\/uploads\/2024\/11\/maleta-de-piloto-negra.jpg\" alt=\"\" class=\"wp-image-32234\" width=\"443\" height=\"443\"\/><\/a><\/figure><\/div>\n\n\n\n<div class=\"wp-container-2 wp-block-buttons\">\n<div class=\"wp-block-button aligncenter\"><a class=\"wp-block-button__link\" href=\"https:\/\/shopenzona.es\/pt\/maletas\/215488-maleta-de-piloto-negra-8718475565611.html\" target=\"_blank\" rel=\"noreferrer noopener\">Mala do piloto<\/a><\/div>\n<\/div>\n\n\n\n<div style=\"height:23px\" aria-hidden=\"true\" class=\"wp-block-spacer\"><\/div>\n\n\n\n<h2>Conselhos sobre como escolher a melhor mala de cabina para as suas medidas<\/h2>\n\n\n\n<p>Ao escolher uma mala de cabina, \u00e9 importante ter em conta n\u00e3o s\u00f3 as suas dimens\u00f5es, mas tamb\u00e9m o seu peso vazio. Opte por modelos leves que n\u00e3o prejudiquem a sua franquia de bagagem. Os compartimentos interiores devem ser pr\u00e1ticos, com bolsos suficientes para organizar os seus pertences e permitir um acesso f\u00e1cil. Al\u00e9m disso, certifique-se de que o material \u00e9 resistente, de prefer\u00eancia policarbonato ou nylon, para garantir a durabilidade e proteger os seus pertences durante a viagem. Uma mala bem equilibrada nestes aspectos ir\u00e1 melhorar a sua experi\u00eancia de voo.<\/p>\n\n\n\n<div style=\"height:23px\" aria-hidden=\"true\" class=\"wp-block-spacer\"><\/div>\n\n\n\n<div class=\"wp-block-image\"><figure class=\"aligncenter size-full is-resized\"><a href=\"https:\/\/shopenzona.es\/pt\/maletas\/215600-maleta-con-ruedas-trolley-rigida-rosa-dorado-abs-8719883562049.html\" target=\"_blank\" rel=\"noopener\"><img loading=\"lazy\" src=\"https:\/\/shopenzona.es\/blog\/wp-content\/uploads\/2024\/11\/maleta-con-ruedas-trolley-rigida-rosa-dorado-abs.jpg\" alt=\"\" class=\"wp-image-32231\" width=\"443\" height=\"443\"\/><\/a><\/figure><\/div>\n\n\n\n<div class=\"wp-container-3 wp-block-buttons\">\n<div class=\"wp-block-button aligncenter\"><a class=\"wp-block-button__link\" href=\"https:\/\/shopenzona.es\/pt\/maletas\/215600-maleta-con-ruedas-trolley-rigida-rosa-dorado-abs-8719883562049.html\" target=\"_blank\" rel=\"noreferrer noopener\">Mala trolley com rodas<\/a><\/div>\n<\/div>\n\n\n\n<div style=\"height:23px\" aria-hidden=\"true\" class=\"wp-block-spacer\"><\/div>\n\n\n\n<div class=\"wp-block-image\"><figure class=\"aligncenter size-full is-resized\"><a href=\"https:\/\/shopenzona.es\/pt\/maletas\/1009887-maleta-de-cabina-american-tourister-crosstrack-spinner-55cm-azul-5400520065582.html\" target=\"_blank\" rel=\"noopener\"><img loading=\"lazy\" src=\"https:\/\/shopenzona.es\/blog\/wp-content\/uploads\/2024\/11\/maleta-de-cabina-american-tourister-crosstrack-spinner-55cm-azul.jpg\" alt=\"\" class=\"wp-image-32232\" width=\"443\" height=\"443\"\/><\/a><\/figure><\/div>\n\n\n\n<div class=\"wp-container-4 wp-block-buttons\">\n<div class=\"wp-block-button aligncenter\"><a class=\"wp-block-button__link\" href=\"https:\/\/shopenzona.es\/pt\/maletas\/1009887-maleta-de-cabina-american-tourister-crosstrack-spinner-55cm-azul-5400520065582.html\" target=\"_blank\" rel=\"noreferrer noopener\">American Tourister Spinner<\/a><\/div>\n<\/div>\n\n\n\n<div style=\"height:23px\" aria-hidden=\"true\" class=\"wp-block-spacer\"><\/div>\n\n\n\n<h2>Como medir corretamente a sua mala de cabine<\/h2>\n\n\n\n<p>Para medir corretamente a sua mala de cabina, comece pelo tamanho total, medindo a altura, a largura e a profundidade a partir do ponto mais exterior. Inclua as rodas e as pegas, uma vez que fazem parte do tamanho total. Utilize uma fita m\u00e9trica e verifique cuidadosamente cada dimens\u00e3o. Algumas companhias a\u00e9reas permitem rodas, mas certifique-se de que n\u00e3o excedem o limite de medidas padr\u00e3o. Se necess\u00e1rio, me\u00e7a desde a base at\u00e9 ao topo das pegas para evitar surpresas no rastreio da bagagem.<\/p>\n\n\n\n<div style=\"height:23px\" aria-hidden=\"true\" class=\"wp-block-spacer\"><\/div>\n\n\n\n<h2>Precisa de uma mala nova?<\/h2>\n\n\n\n<p>A escolha da <a href=\"https:\/\/shopenzona.es\/pt\/4692-maletas\" target=\"_blank\" rel=\"noreferrer noopener\">mala certa<\/a> depende de uma s\u00e9rie de factores, como o tamanho, a durabilidade do material e a facilidade de transporte. \u00c9 crucial que esteja em conformidade com os regulamentos da companhia a\u00e9rea relativos \u00e0 bagagem de m\u00e3o e que ofere\u00e7a espa\u00e7o suficiente para os seus pertences. Tenha tamb\u00e9m em conta o peso da mala vazia e a qualidade das rodas. Se est\u00e1 \u00e0 procura da op\u00e7\u00e3o perfeita para a sua pr\u00f3xima viagem, explore a nossa categoria de malas e encontre a que melhor se adapta \u00e0s suas necessidades.<\/p>\n","protected":false},"excerpt":{"rendered":"<p>Saber o tamanho correto da mala de cabine \u00e9 crucial para evitar surpresas no embarque. As companhias a\u00e9reas t\u00eam pol\u00edticas vari\u00e1veis em mat\u00e9ria de tamanhos permitidos, e uma mala que parece adequada pode n\u00e3o o ser para um voo espec\u00edfico. \u00c9 essencial escolher uma mala que esteja em conformidade com as regras gerais, uma vez&hellip;<\/p>\n","protected":false},"author":28,"featured_media":32232,"comment_status":"closed","ping_status":"closed","sticky":false,"template":"","format":"standard","meta":{"inline_featured_image":false},"categories":[570],"tags":[],"yoast_head":"<!-- This site is optimized with the Yoast SEO plugin v19.13 - https:\/\/yoast.com\/wordpress\/plugins\/seo\/ -->\n<title>Saiba mais sobre as medidas da bagagem de cabina das companhias a\u00e9reas<\/title>\n<meta name=\"description\" content=\"Descubra as medidas exactas da bagagem de cabina para cada companhia a\u00e9rea. Certifique-se de que cumpre os regulamentos e viaje sem preocupa\u00e7\u00f5es.\" \/>\n<meta name=\"robots\" content=\"index, follow, max-snippet:-1, max-image-preview:large, max-video-preview:-1\" \/>\n<link rel=\"canonical\" href=\"https:\/\/shopenzona.es\/blogpt\/medidas-bagagem-de-cabina\/\" \/>\n<meta property=\"og:locale\" content=\"es_ES\" \/>\n<meta property=\"og:type\" content=\"article\" \/>\n<meta property=\"og:title\" content=\"Saiba mais sobre as medidas da bagagem de cabina das companhias a\u00e9reas\" \/>\n<meta property=\"og:description\" content=\"Descubra as medidas exactas da bagagem de cabina para cada companhia a\u00e9rea. Certifique-se de que cumpre os regulamentos e viaje sem preocupa\u00e7\u00f5es.\" \/>\n<meta property=\"og:url\" content=\"https:\/\/shopenzona.es\/blogpt\/medidas-bagagem-de-cabina\/\" \/>\n<meta property=\"og:site_name\" content=\"Allzone Portugal\" \/>\n<meta property=\"article:published_time\" content=\"2024-11-26T08:33:32+00:00\" \/>\n<meta property=\"article:modified_time\" content=\"2024-12-20T09:15:53+00:00\" \/>\n<meta property=\"og:image\" content=\"https:\/\/shopenzona.es\/blogpt\/wp-content\/uploads\/2024\/11\/PT-Portadas-blogs-corporativo-54.jpg\" \/>\n\t<meta property=\"og:image:width\" content=\"825\" \/>\n\t<meta property=\"og:image:height\" content=\"450\" \/>\n\t<meta property=\"og:image:type\" content=\"image\/jpeg\" \/>\n<meta name=\"author\" content=\"Mar\u00eda Serrano\" \/>\n<meta name=\"twitter:card\" content=\"summary_large_image\" \/>\n<meta name=\"twitter:label1\" content=\"Escrito por\" \/>\n\t<meta name=\"twitter:data1\" content=\"Mar\u00eda Serrano\" \/>\n\t<meta name=\"twitter:label2\" content=\"Tiempo de lectura\" \/>\n\t<meta name=\"twitter:data2\" content=\"4 minutos\" \/>\n<script type=\"application\/ld+json\" class=\"yoast-schema-graph\">{\"@context\":\"https:\/\/schema.org\",\"@graph\":[{\"@type\":\"WebPage\",\"@id\":\"https:\/\/shopenzona.es\/blogpt\/medidas-bagagem-de-cabina\/\",\"url\":\"https:\/\/shopenzona.es\/blogpt\/medidas-bagagem-de-cabina\/\",\"name\":\"Saiba mais sobre as medidas da bagagem de cabina das companhias a\u00e9reas\",\"isPartOf\":{\"@id\":\"https:\/\/shopenzona.es\/blogpt\/#website\"},\"datePublished\":\"2024-11-26T08:33:32+00:00\",\"dateModified\":\"2024-12-20T09:15:53+00:00\",\"author\":{\"@id\":\"https:\/\/shopenzona.es\/blogpt\/#\/schema\/person\/2ee505aa363575227da41c5b26bacb59\"},\"description\":\"Descubra as medidas exactas da bagagem de cabina para cada companhia a\u00e9rea. Certifique-se de que cumpre os regulamentos e viaje sem preocupa\u00e7\u00f5es.\",\"breadcrumb\":{\"@id\":\"https:\/\/shopenzona.es\/blogpt\/medidas-bagagem-de-cabina\/#breadcrumb\"},\"inLanguage\":\"es\",\"potentialAction\":[{\"@type\":\"ReadAction\",\"target\":[\"https:\/\/shopenzona.es\/blogpt\/medidas-bagagem-de-cabina\/\"]}]},{\"@type\":\"BreadcrumbList\",\"@id\":\"https:\/\/shopenzona.es\/blogpt\/medidas-bagagem-de-cabina\/#breadcrumb\",\"itemListElement\":[{\"@type\":\"ListItem\",\"position\":1,\"name\":\"Portada\",\"item\":\"https:\/\/shopenzona.es\/blogpt\/\"},{\"@type\":\"ListItem\",\"position\":2,\"name\":\"Medidas da bagagem de cabina: tudo o que precisa de saber para o seu pr\u00f3ximo voo\"}]},{\"@type\":\"WebSite\",\"@id\":\"https:\/\/shopenzona.es\/blogpt\/#website\",\"url\":\"https:\/\/shopenzona.es\/blogpt\/\",\"name\":\"Allzone Portugal\",\"description\":\"Blog de Allzone Portugal\",\"potentialAction\":[{\"@type\":\"SearchAction\",\"target\":{\"@type\":\"EntryPoint\",\"urlTemplate\":\"https:\/\/shopenzona.es\/blogpt\/?s={search_term_string}\"},\"query-input\":\"required name=search_term_string\"}],\"inLanguage\":\"es\"},{\"@type\":\"Person\",\"@id\":\"https:\/\/shopenzona.es\/blogpt\/#\/schema\/person\/2ee505aa363575227da41c5b26bacb59\",\"name\":\"Mar\u00eda Serrano\",\"image\":{\"@type\":\"ImageObject\",\"inLanguage\":\"es\",\"@id\":\"https:\/\/shopenzona.es\/blogpt\/#\/schema\/person\/image\/\",\"url\":\"https:\/\/secure.gravatar.com\/avatar\/2eb9088c847015acc2fed38026da9a2b?s=96&d=mm&r=g\",\"contentUrl\":\"https:\/\/secure.gravatar.com\/avatar\/2eb9088c847015acc2fed38026da9a2b?s=96&d=mm&r=g\",\"caption\":\"Mar\u00eda Serrano\"}}]}<\/script>\n<!-- \/ Yoast SEO plugin. -->","yoast_head_json":{"title":"Saiba mais sobre as medidas da bagagem de cabina das companhias a\u00e9reas","description":"Descubra as medidas exactas da bagagem de cabina para cada companhia a\u00e9rea. Certifique-se de que cumpre os regulamentos e viaje sem preocupa\u00e7\u00f5es.","robots":{"index":"index","follow":"follow","max-snippet":"max-snippet:-1","max-image-preview":"max-image-preview:large","max-video-preview":"max-video-preview:-1"},"canonical":"https:\/\/shopenzona.es\/blogpt\/medidas-bagagem-de-cabina\/","og_locale":"es_ES","og_type":"article","og_title":"Saiba mais sobre as medidas da bagagem de cabina das companhias a\u00e9reas","og_description":"Descubra as medidas exactas da bagagem de cabina para cada companhia a\u00e9rea. Certifique-se de que cumpre os regulamentos e viaje sem preocupa\u00e7\u00f5es.","og_url":"https:\/\/shopenzona.es\/blogpt\/medidas-bagagem-de-cabina\/","og_site_name":"Allzone Portugal","article_published_time":"2024-11-26T08:33:32+00:00","article_modified_time":"2024-12-20T09:15:53+00:00","og_image":[{"width":825,"height":450,"url":"https:\/\/shopenzona.es\/blogpt\/wp-content\/uploads\/2024\/11\/PT-Portadas-blogs-corporativo-54.jpg","type":"image\/jpeg"}],"author":"Mar\u00eda Serrano","twitter_card":"summary_large_image","twitter_misc":{"Escrito por":"Mar\u00eda Serrano","Tiempo de lectura":"4 minutos"},"schema":{"@context":"https:\/\/schema.org","@graph":[{"@type":"WebPage","@id":"https:\/\/shopenzona.es\/blogpt\/medidas-bagagem-de-cabina\/","url":"https:\/\/shopenzona.es\/blogpt\/medidas-bagagem-de-cabina\/","name":"Saiba mais sobre as medidas da bagagem de cabina das companhias a\u00e9reas","isPartOf":{"@id":"https:\/\/shopenzona.es\/blogpt\/#website"},"datePublished":"2024-11-26T08:33:32+00:00","dateModified":"2024-12-20T09:15:53+00:00","author":{"@id":"https:\/\/shopenzona.es\/blogpt\/#\/schema\/person\/2ee505aa363575227da41c5b26bacb59"},"description":"Descubra as medidas exactas da bagagem de cabina para cada companhia a\u00e9rea. Certifique-se de que cumpre os regulamentos e viaje sem preocupa\u00e7\u00f5es.","breadcrumb":{"@id":"https:\/\/shopenzona.es\/blogpt\/medidas-bagagem-de-cabina\/#breadcrumb"},"inLanguage":"es","potentialAction":[{"@type":"ReadAction","target":["https:\/\/shopenzona.es\/blogpt\/medidas-bagagem-de-cabina\/"]}]},{"@type":"BreadcrumbList","@id":"https:\/\/shopenzona.es\/blogpt\/medidas-bagagem-de-cabina\/#breadcrumb","itemListElement":[{"@type":"ListItem","position":1,"name":"Portada","item":"https:\/\/shopenzona.es\/blogpt\/"},{"@type":"ListItem","position":2,"name":"Medidas da bagagem de cabina: tudo o que precisa de saber para o seu pr\u00f3ximo voo"}]},{"@type":"WebSite","@id":"https:\/\/shopenzona.es\/blogpt\/#website","url":"https:\/\/shopenzona.es\/blogpt\/","name":"Allzone Portugal","description":"Blog de Allzone Portugal","potentialAction":[{"@type":"SearchAction","target":{"@type":"EntryPoint","urlTemplate":"https:\/\/shopenzona.es\/blogpt\/?s={search_term_string}"},"query-input":"required name=search_term_string"}],"inLanguage":"es"},{"@type":"Person","@id":"https:\/\/shopenzona.es\/blogpt\/#\/schema\/person\/2ee505aa363575227da41c5b26bacb59","name":"Mar\u00eda Serrano","image":{"@type":"ImageObject","inLanguage":"es","@id":"https:\/\/shopenzona.es\/blogpt\/#\/schema\/person\/image\/","url":"https:\/\/secure.gravatar.com\/avatar\/2eb9088c847015acc2fed38026da9a2b?s=96&d=mm&r=g","contentUrl":"https:\/\/secure.gravatar.com\/avatar\/2eb9088c847015acc2fed38026da9a2b?s=96&d=mm&r=g","caption":"Mar\u00eda Serrano"}}]}},"_links":{"self":[{"href":"https:\/\/shopenzona.es\/blogpt\/wp-json\/wp\/v2\/posts\/32227"}],"collection":[{"href":"https:\/\/shopenzona.es\/blogpt\/wp-json\/wp\/v2\/posts"}],"about":[{"href":"https:\/\/shopenzona.es\/blogpt\/wp-json\/wp\/v2\/types\/post"}],"author":[{"embeddable":true,"href":"https:\/\/shopenzona.es\/blogpt\/wp-json\/wp\/v2\/users\/28"}],"replies":[{"embeddable":true,"href":"https:\/\/shopenzona.es\/blogpt\/wp-json\/wp\/v2\/comments?post=32227"}],"version-history":[{"count":1,"href":"https:\/\/shopenzona.es\/blogpt\/wp-json\/wp\/v2\/posts\/32227\/revisions"}],"predecessor-version":[{"id":32233,"href":"https:\/\/shopenzona.es\/blogpt\/wp-json\/wp\/v2\/posts\/32227\/revisions\/32233"}],"wp:featuredmedia":[{"embeddable":true,"href":"https:\/\/shopenzona.es\/blogpt\/wp-json\/wp\/v2\/media\/32232"}],"wp:attachment":[{"href":"https:\/\/shopenzona.es\/blogpt\/wp-json\/wp\/v2\/media?parent=32227"}],"wp:term":[{"taxonomy":"category","embeddable":true,"href":"https:\/\/shopenzona.es\/blogpt\/wp-json\/wp\/v2\/categories?post=32227"},{"taxonomy":"post_tag","embeddable":true,"href":"https:\/\/shopenzona.es\/blogpt\/wp-json\/wp\/v2\/tags?post=32227"}],"curies":[{"name":"wp","href":"https:\/\/api.w.org\/{rel}","templated":true}]}}