{"id":32263,"date":"2024-11-29T09:19:22","date_gmt":"2024-11-29T08:19:22","guid":{"rendered":"https:\/\/allzone.es\/blog\/?p=32263"},"modified":"2024-12-20T10:18:39","modified_gmt":"2024-12-20T09:18:39","slug":"o-que-e-um-frigorifico-combinado-e-qual-comprar","status":"publish","type":"post","link":"https:\/\/shopenzona.es\/blogpt\/o-que-e-um-frigorifico-combinado-e-qual-comprar\/","title":{"rendered":"O que \u00e9 um frigor\u00edfico combinado e qual comprar?"},"content":{"rendered":"\n<p>Um frigor\u00edfico combinado \u00e9 um aparelho que combina o frigor\u00edfico e o congelador numa \u00fanica unidade. Geralmente, o espa\u00e7o de refrigera\u00e7\u00e3o ocupa a maior parte do aparelho, enquanto o congelador est\u00e1 localizado na parte superior ou inferior. Este tipo de <a href=\"https:\/\/shopenzona.es\/1748-frigorificos-y-congeladores\">frigor\u00edfico <\/a>\u00e9 ideal para as fam\u00edlias modernas, uma vez que oferece uma grande capacidade de armazenamento num formato compacto, optimizando a utiliza\u00e7\u00e3o do espa\u00e7o. O seu design vers\u00e1til torna-o uma escolha popular para quem procura comodidade, funcionalidade e efici\u00eancia energ\u00e9tica na sua cozinha.<\/p>\n\n\n\n<div style=\"height:23px\" aria-hidden=\"true\" class=\"wp-block-spacer\"><\/div>\n\n\n\n<h2>Principais carater\u00edsticas de um frigor\u00edfico combinado<\/h2>\n\n\n\n<p>Um frigor\u00edfico combinado \u00e9 composto por duas sec\u00e7\u00f5es: o frigor\u00edfico e o congelador. O frigor\u00edfico \u00e9 dedicado a manter os alimentos frescos, enquanto o congelador mant\u00e9m os produtos a temperaturas negativas. Ambos os compartimentos est\u00e3o ligados a um sistema de refrigera\u00e7\u00e3o comum, permitindo um funcionamento eficiente numa \u00fanica unidade. Ao contr\u00e1rio dos frigor\u00edficos de uma porta, que apenas disp\u00f5em de um espa\u00e7o de refrigera\u00e7\u00e3o, ou dos modelos americanos, que oferecem duas portas e mais capacidade, a combi equilibra de forma pr\u00e1tica a arruma\u00e7\u00e3o e a poupan\u00e7a de espa\u00e7o.<\/p>\n\n\n\n<div style=\"height:10px\" aria-hidden=\"true\" class=\"wp-block-spacer\"><\/div>\n\n\n\n<h3>Vantagens de ter um frigor\u00edfico com congelador em casa<\/h3>\n\n\n\n<p>Um <a href=\"https:\/\/shopenzona.es\/pt\/1748-frigorificos-y-congeladores\" target=\"_blank\" rel=\"noreferrer noopener\">frigor\u00edfico combinado<\/a> oferece uma s\u00e9rie de vantagens para o lar. O seu design eficiente permite uma utiliza\u00e7\u00e3o \u00f3ptima do espa\u00e7o, com compartimentos separados para refrigera\u00e7\u00e3o e congela\u00e7\u00e3o. Isto facilita a organiza\u00e7\u00e3o dos alimentos e melhora o acesso a cada tipo de produto. Al\u00e9m disso, muitos modelos s\u00e3o concebidos para serem energeticamente eficientes, o que ajuda a reduzir o consumo de eletricidade. Ao combinar duas fun\u00e7\u00f5es num s\u00f3 aparelho, obt\u00e9m-se tamb\u00e9m mais arruma\u00e7\u00e3o sem ocupar muito espa\u00e7o na cozinha.<\/p>\n\n\n\n<div style=\"height:23px\" aria-hidden=\"true\" class=\"wp-block-spacer\"><\/div>\n\n\n\n<h2>Algumas das nossas ofertas de frigor\u00edficos combinados<\/h2>\n\n\n\n<div style=\"height:10px\" aria-hidden=\"true\" class=\"wp-block-spacer\"><\/div>\n\n\n\n<h3>Frigor\u00edfico Multidoor TCL<\/h3>\n\n\n\n<p>O frigor\u00edfico TCL E 1.86m Multidoor \u00e9 uma escolha moderna e funcional para qualquer casa. O seu design elegante e contempor\u00e2neo adapta-se perfeitamente a diferentes estilos de cozinha, acrescentando um toque de sofistica\u00e7\u00e3o. Este modelo destaca-se pela sua grande capacidade de armazenamento, permitindo-lhe organizar uma grande quantidade de alimentos sem sacrificar o espa\u00e7o. Al\u00e9m disso, oferece um desempenho eficiente para manter os seus produtos frescos durante mais tempo. Com as suas carater\u00edsticas avan\u00e7adas, o frigor\u00edfico TCL Multidoor \u00e9 ideal para quem procura um aparelho de alto desempenho que combine estilo e funcionalidade na sua cozinha.<\/p>\n\n\n\n<div style=\"height:23px\" aria-hidden=\"true\" class=\"wp-block-spacer\"><\/div>\n\n\n\n<div class=\"wp-block-image\"><figure class=\"aligncenter size-full is-resized\"><a href=\"https:\/\/shopenzona.es\/pt\/frigorificos-multidoor\/900947-frigorifico-multidoor-tcl-e-186-rp466cse1-plata-8720568104867.html\" target=\"_blank\" rel=\"noopener\"><img loading=\"lazy\" src=\"https:\/\/shopenzona.es\/blog\/wp-content\/uploads\/2024\/11\/frigorifico-multidoor-tcl-e-186-rp466cse1-plata.jpg\" alt=\"\" class=\"wp-image-32264\" width=\"378\" height=\"378\"\/><\/a><\/figure><\/div>\n\n\n\n<div class=\"wp-container-1 wp-block-buttons\">\n<div class=\"wp-block-button aligncenter\"><a class=\"wp-block-button__link\" href=\"https:\/\/shopenzona.es\/pt\/frigorificos-multidoor\/900947-frigorifico-multidoor-tcl-e-186-rp466cse1-plata-8720568104867.html\" target=\"_blank\" rel=\"noreferrer noopener\">Frigor\u00edfico Multidoor TCL<\/a><\/div>\n<\/div>\n\n\n\n<div style=\"height:23px\" aria-hidden=\"true\" class=\"wp-block-spacer\"><\/div>\n\n\n\n<h3>Frigor\u00edfico LG F&nbsp;<\/h3>\n\n\n\n<p>Sinta a frescura com o frigor\u00edfico LG F 1,79 m em a\u00e7o inoxid\u00e1vel, que apresenta um controlo preciso da temperatura. A tecnologia LINEARCooling\u2122 mant\u00e9m os alimentos mais frescos durante mais tempo, enquanto o sistema DoorCooling+\u2122 faz cair ar em cascata a partir do topo para equilibrar a temperatura entre o interior e a porta. Este frigor\u00edfico arrefece 32% mais r\u00e1pido e de forma mais uniforme. O seu design especial com 83 cm de largura optimiza o espa\u00e7o e a tecnologia Pure N Fresh purifica o ar, reduzindo os odores. Al\u00e9m disso, possui ilumina\u00e7\u00e3o LED no interior.<\/p>\n\n\n\n<div style=\"height:23px\" aria-hidden=\"true\" class=\"wp-block-spacer\"><\/div>\n\n\n\n<div class=\"wp-block-image\"><figure class=\"aligncenter size-full is-resized\"><a href=\"https:\/\/shopenzona.es\/pt\/frigorificos-multidoor\/598653-frigorifico-lg-f-179m-gmb844pzfg-acero-inoxidable-8806091459077.html\" target=\"_blank\" rel=\"noopener\"><img loading=\"lazy\" src=\"https:\/\/shopenzona.es\/blog\/wp-content\/uploads\/2024\/11\/frigorifico-lg-f-179m-gmb844pzfg-acero-inoxidable-1.jpg\" alt=\"\" class=\"wp-image-32265\" width=\"386\" height=\"386\"\/><\/a><\/figure><\/div>\n\n\n\n<div class=\"wp-container-2 wp-block-buttons\">\n<div class=\"wp-block-button aligncenter\"><a class=\"wp-block-button__link\" href=\"https:\/\/shopenzona.es\/pt\/frigorificos-multidoor\/598653-frigorifico-lg-f-179m-gmb844pzfg-acero-inoxidable-8806091459077.html\" target=\"_blank\" rel=\"noreferrer noopener\">Frigor\u00edfico LG F&nbsp;<\/a><\/div>\n<\/div>\n\n\n\n<div style=\"height:23px\" aria-hidden=\"true\" class=\"wp-block-spacer\"><\/div>\n\n\n\n<h3>Frigor\u00edfico TEKA E&nbsp;<\/h3>\n\n\n\n<p>O frigor\u00edfico TEKA E 1,83m RFD 75850 em preto \u00e9 a escolha ideal para quem procura um aparelho que combine efici\u00eancia, design moderno e poupan\u00e7a de energia. Com uma altura de 1,83 metros, oferece um espa\u00e7o amplo, perfeito para fam\u00edlias numerosas ou entusiastas da cozinha. O seu sistema de refrigera\u00e7\u00e3o No Frost evita a acumula\u00e7\u00e3o de gelo, garantindo uma temperatura constante e facilitando a manuten\u00e7\u00e3o. Al\u00e9m disso, possui prateleiras regul\u00e1veis e gavetas especiais para frutas e legumes. Com uma classifica\u00e7\u00e3o energ\u00e9tica A, oferece um baixo consumo de eletricidade, ajudando a reduzir as contas de energia e a proteger o ambiente.<\/p>\n\n\n\n<div style=\"height:23px\" aria-hidden=\"true\" class=\"wp-block-spacer\"><\/div>\n\n\n\n<div class=\"wp-block-image\"><figure class=\"aligncenter size-full is-resized\"><a href=\"https:\/\/shopenzona.es\/pt\/frigorificos-multidoor\/1015405-frigorifico-teka-e-183m-rfd-75850-negro-8434778031164.html\" target=\"_blank\" rel=\"noopener\"><img loading=\"lazy\" src=\"https:\/\/shopenzona.es\/blog\/wp-content\/uploads\/2024\/11\/frigorifico-teka-e-183m-rfd-75850-negro.jpg\" alt=\"\" class=\"wp-image-32266\" width=\"386\" height=\"386\"\/><\/a><\/figure><\/div>\n\n\n\n<div class=\"wp-container-3 wp-block-buttons\">\n<div class=\"wp-block-button aligncenter\"><a class=\"wp-block-button__link\" href=\"https:\/\/shopenzona.es\/pt\/frigorificos-multidoor\/1015405-frigorifico-teka-e-183m-rfd-75850-negro-8434778031164.html\" target=\"_blank\" rel=\"noreferrer noopener\">Frigor\u00edfico TEKA E&nbsp;<\/a><\/div>\n<\/div>\n\n\n\n<div style=\"height:23px\" aria-hidden=\"true\" class=\"wp-block-spacer\"><\/div>\n\n\n\n<h3>Combi SAMSUNG E<\/h3>\n\n\n\n<p>A SAMSUNG E 1.85m Combi em branco \u00e9 a escolha ideal para quem procura um eletrodom\u00e9stico de grande capacidade e desempenho. O seu design elegante e funcional adapta-se a qualquer cozinha, enquanto a sua altura de 1,85 m oferece um amplo espa\u00e7o de arruma\u00e7\u00e3o, permitindo organizar uma grande quantidade de alimentos. Com m\u00faltiplas funcionalidades que optimizam a conserva\u00e7\u00e3o dos produtos, este frigor\u00edfico combina efici\u00eancia energ\u00e9tica e tecnologia avan\u00e7ada, garantindo frescura e poupan\u00e7a ao mesmo tempo. Um aliado perfeito para manter os seus alimentos em perfeitas condi\u00e7\u00f5es e reduzir o consumo de eletricidade.<\/p>\n\n\n\n<div style=\"height:23px\" aria-hidden=\"true\" class=\"wp-block-spacer\"><\/div>\n\n\n\n<div class=\"wp-block-image\"><figure class=\"aligncenter size-full is-resized\"><a href=\"https:\/\/shopenzona.es\/pt\/combi\/924207-combi-samsung-e-185m-rb34c602ewwef-blanco--8806095286013.html\" target=\"_blank\" rel=\"noopener\"><img loading=\"lazy\" src=\"https:\/\/shopenzona.es\/blog\/wp-content\/uploads\/2024\/11\/combi-samsung-e-185m-rb34c602ewwef-blanco-.jpg\" alt=\"\" class=\"wp-image-32267\" width=\"397\" height=\"397\"\/><\/a><\/figure><\/div>\n\n\n\n<div class=\"wp-container-4 wp-block-buttons\">\n<div class=\"wp-block-button aligncenter\"><a class=\"wp-block-button__link\" href=\"https:\/\/shopenzona.es\/pt\/combi\/924207-combi-samsung-e-185m-rb34c602ewwef-blanco--8806095286013.html\" target=\"_blank\" rel=\"noreferrer noopener\">Combi SAMSUNG E<\/a><\/div>\n<\/div>\n\n\n\n<div style=\"height:23px\" aria-hidden=\"true\" class=\"wp-block-spacer\"><\/div>\n\n\n\n<h2>Tipos de frigor\u00edficos combinados existentes no mercado<\/h2>\n\n\n\n<p>Existem v\u00e1rios tipos de frigor\u00edficos combinados, que se distinguem principalmente pelo seu tamanho e configura\u00e7\u00e3o interna. Os modelos mais pequenos, geralmente entre 1,60 e 1,80 metros, s\u00e3o ideais para fam\u00edlias com pouco espa\u00e7o ou para pessoas sozinhas. Os modelos maiores, at\u00e9 2 metros de altura, oferecem uma maior capacidade e s\u00e3o perfeitos para fam\u00edlias numerosas. Al\u00e9m disso, alguns frigor\u00edficos combinados t\u00eam gavetas adicionais para frutas e legumes ou compartimentos especializados para manter a temperatura mais est\u00e1vel. As configura\u00e7\u00f5es das prateleiras e os sistemas de refrigera\u00e7\u00e3o tamb\u00e9m variam, adaptando-se \u00e0s necessidades espec\u00edficas de cada agregado familiar.<\/p>\n\n\n\n<div style=\"height:23px\" aria-hidden=\"true\" class=\"wp-block-spacer\"><\/div>\n\n\n\n<h2>Que frigor\u00edfico combinado comprar de acordo com as suas necessidades<\/h2>\n\n\n\n<p>Ao escolher um frigor\u00edfico combinado, \u00e9 importante ter em conta o espa\u00e7o dispon\u00edvel na sua cozinha. Se o espa\u00e7o for limitado, opte por modelos entre 1,60 e 1,80 metros. Para as fam\u00edlias mais numerosas ou que necessitam de armazenar grandes quantidades de produtos, um modelo de maior capacidade, at\u00e9 2 metros de altura, \u00e9 o ideal. Al\u00e9m disso, n\u00e3o se esque\u00e7a da efici\u00eancia energ\u00e9tica; escolha os de classe A ou superior para poupar no consumo de eletricidade. Tenha tamb\u00e9m em conta a disposi\u00e7\u00e3o interna, garantindo que tem espa\u00e7o suficiente para organizar de forma pr\u00e1tica os alimentos frescos e congelados.<\/p>\n\n\n\n<div style=\"height:23px\" aria-hidden=\"true\" class=\"wp-block-spacer\"><\/div>\n\n\n\n<h2>Perguntas frequentes sobre frigor\u00edficos combinados<\/h2>\n\n\n\n<p>Ao escolher um <a href=\"https:\/\/shopenzona.es\/pt\/1748-frigorificos-y-congeladores\" target=\"_blank\" rel=\"noreferrer noopener\">frigor\u00edfico combinado<\/a>, a efici\u00eancia energ\u00e9tica depende principalmente da sua classifica\u00e7\u00e3o, sendo os modelos de classe A ou superior os mais recomendados. Ao contr\u00e1rio dos frigor\u00edficos convencionais, os frigor\u00edficos combinados t\u00eam compartimentos separados para os alimentos congelados e refrigerados, o que facilita a sua organiza\u00e7\u00e3o. Antes de comprar, \u00e9 importante ter em conta o tamanho, a capacidade de armazenamento e a disposi\u00e7\u00e3o interna para garantir que se adequa \u00e0s suas necessidades.<\/p>\n\n\n\n<p>Em caso de d\u00favida, explore as op\u00e7\u00f5es dispon\u00edveis e encontre o modelo perfeito para a sua casa na <a href=\"https:\/\/shopenzona.es\/pt\/\" target=\"_blank\" rel=\"noreferrer noopener\">Allzone<\/a>.<\/p>\n","protected":false},"excerpt":{"rendered":"<p>Um frigor\u00edfico combinado \u00e9 um aparelho que combina o frigor\u00edfico e o congelador numa \u00fanica unidade. Geralmente, o espa\u00e7o de refrigera\u00e7\u00e3o ocupa a maior parte do aparelho, enquanto o congelador est\u00e1 localizado na parte superior ou inferior. Este tipo de frigor\u00edfico \u00e9 ideal para as fam\u00edlias modernas, uma vez que oferece uma grande capacidade de&hellip;<\/p>\n","protected":false},"author":28,"featured_media":32524,"comment_status":"closed","ping_status":"closed","sticky":false,"template":"","format":"standard","meta":{"inline_featured_image":false},"categories":[559],"tags":[],"yoast_head":"<!-- This site is optimized with the Yoast SEO plugin v19.13 - https:\/\/yoast.com\/wordpress\/plugins\/seo\/ -->\n<title>O que \u00e9 um frigor\u00edfico combinado e qual comprar?<\/title>\n<meta name=\"description\" content=\"Descubra o que \u00e9 um frigor\u00edfico combinado e como escolher o modelo perfeito para a sua casa. Um guia completo com conselhos e recomenda\u00e7\u00f5es.\" \/>\n<meta name=\"robots\" content=\"index, follow, max-snippet:-1, max-image-preview:large, max-video-preview:-1\" \/>\n<link rel=\"canonical\" href=\"https:\/\/shopenzona.es\/blogpt\/o-que-e-um-frigorifico-combinado-e-qual-comprar\/\" \/>\n<meta property=\"og:locale\" content=\"es_ES\" \/>\n<meta property=\"og:type\" content=\"article\" \/>\n<meta property=\"og:title\" content=\"O que \u00e9 um frigor\u00edfico combinado e qual comprar?\" \/>\n<meta property=\"og:description\" content=\"Descubra o que \u00e9 um frigor\u00edfico combinado e como escolher o modelo perfeito para a sua casa. Um guia completo com conselhos e recomenda\u00e7\u00f5es.\" \/>\n<meta property=\"og:url\" content=\"https:\/\/shopenzona.es\/blogpt\/o-que-e-um-frigorifico-combinado-e-qual-comprar\/\" \/>\n<meta property=\"og:site_name\" content=\"Allzone Portugal\" \/>\n<meta property=\"article:published_time\" content=\"2024-11-29T08:19:22+00:00\" \/>\n<meta property=\"article:modified_time\" content=\"2024-12-20T09:18:39+00:00\" \/>\n<meta property=\"og:image\" content=\"https:\/\/shopenzona.es\/blogpt\/wp-content\/uploads\/2024\/11\/PT-Portadas-blogs-corporativo-55.jpg\" \/>\n\t<meta property=\"og:image:width\" content=\"825\" \/>\n\t<meta property=\"og:image:height\" content=\"450\" \/>\n\t<meta property=\"og:image:type\" content=\"image\/jpeg\" \/>\n<meta name=\"author\" content=\"Mar\u00eda Serrano\" \/>\n<meta name=\"twitter:card\" content=\"summary_large_image\" \/>\n<meta name=\"twitter:label1\" content=\"Escrito por\" \/>\n\t<meta name=\"twitter:data1\" content=\"Mar\u00eda Serrano\" \/>\n\t<meta name=\"twitter:label2\" content=\"Tiempo de lectura\" \/>\n\t<meta name=\"twitter:data2\" content=\"6 minutos\" \/>\n<script type=\"application\/ld+json\" class=\"yoast-schema-graph\">{\"@context\":\"https:\/\/schema.org\",\"@graph\":[{\"@type\":\"WebPage\",\"@id\":\"https:\/\/shopenzona.es\/blogpt\/o-que-e-um-frigorifico-combinado-e-qual-comprar\/\",\"url\":\"https:\/\/shopenzona.es\/blogpt\/o-que-e-um-frigorifico-combinado-e-qual-comprar\/\",\"name\":\"O que \u00e9 um frigor\u00edfico combinado e qual comprar?\",\"isPartOf\":{\"@id\":\"https:\/\/shopenzona.es\/blogpt\/#website\"},\"datePublished\":\"2024-11-29T08:19:22+00:00\",\"dateModified\":\"2024-12-20T09:18:39+00:00\",\"author\":{\"@id\":\"https:\/\/shopenzona.es\/blogpt\/#\/schema\/person\/2ee505aa363575227da41c5b26bacb59\"},\"description\":\"Descubra o que \u00e9 um frigor\u00edfico combinado e como escolher o modelo perfeito para a sua casa. Um guia completo com conselhos e recomenda\u00e7\u00f5es.\",\"breadcrumb\":{\"@id\":\"https:\/\/shopenzona.es\/blogpt\/o-que-e-um-frigorifico-combinado-e-qual-comprar\/#breadcrumb\"},\"inLanguage\":\"es\",\"potentialAction\":[{\"@type\":\"ReadAction\",\"target\":[\"https:\/\/shopenzona.es\/blogpt\/o-que-e-um-frigorifico-combinado-e-qual-comprar\/\"]}]},{\"@type\":\"BreadcrumbList\",\"@id\":\"https:\/\/shopenzona.es\/blogpt\/o-que-e-um-frigorifico-combinado-e-qual-comprar\/#breadcrumb\",\"itemListElement\":[{\"@type\":\"ListItem\",\"position\":1,\"name\":\"Portada\",\"item\":\"https:\/\/shopenzona.es\/blogpt\/\"},{\"@type\":\"ListItem\",\"position\":2,\"name\":\"O que \u00e9 um frigor\u00edfico combinado e qual comprar?\"}]},{\"@type\":\"WebSite\",\"@id\":\"https:\/\/shopenzona.es\/blogpt\/#website\",\"url\":\"https:\/\/shopenzona.es\/blogpt\/\",\"name\":\"Allzone Portugal\",\"description\":\"Blog de Allzone Portugal\",\"potentialAction\":[{\"@type\":\"SearchAction\",\"target\":{\"@type\":\"EntryPoint\",\"urlTemplate\":\"https:\/\/shopenzona.es\/blogpt\/?s={search_term_string}\"},\"query-input\":\"required name=search_term_string\"}],\"inLanguage\":\"es\"},{\"@type\":\"Person\",\"@id\":\"https:\/\/shopenzona.es\/blogpt\/#\/schema\/person\/2ee505aa363575227da41c5b26bacb59\",\"name\":\"Mar\u00eda Serrano\",\"image\":{\"@type\":\"ImageObject\",\"inLanguage\":\"es\",\"@id\":\"https:\/\/shopenzona.es\/blogpt\/#\/schema\/person\/image\/\",\"url\":\"https:\/\/secure.gravatar.com\/avatar\/2eb9088c847015acc2fed38026da9a2b?s=96&d=mm&r=g\",\"contentUrl\":\"https:\/\/secure.gravatar.com\/avatar\/2eb9088c847015acc2fed38026da9a2b?s=96&d=mm&r=g\",\"caption\":\"Mar\u00eda Serrano\"}}]}<\/script>\n<!-- \/ Yoast SEO plugin. -->","yoast_head_json":{"title":"O que \u00e9 um frigor\u00edfico combinado e qual comprar?","description":"Descubra o que \u00e9 um frigor\u00edfico combinado e como escolher o modelo perfeito para a sua casa. Um guia completo com conselhos e recomenda\u00e7\u00f5es.","robots":{"index":"index","follow":"follow","max-snippet":"max-snippet:-1","max-image-preview":"max-image-preview:large","max-video-preview":"max-video-preview:-1"},"canonical":"https:\/\/shopenzona.es\/blogpt\/o-que-e-um-frigorifico-combinado-e-qual-comprar\/","og_locale":"es_ES","og_type":"article","og_title":"O que \u00e9 um frigor\u00edfico combinado e qual comprar?","og_description":"Descubra o que \u00e9 um frigor\u00edfico combinado e como escolher o modelo perfeito para a sua casa. Um guia completo com conselhos e recomenda\u00e7\u00f5es.","og_url":"https:\/\/shopenzona.es\/blogpt\/o-que-e-um-frigorifico-combinado-e-qual-comprar\/","og_site_name":"Allzone Portugal","article_published_time":"2024-11-29T08:19:22+00:00","article_modified_time":"2024-12-20T09:18:39+00:00","og_image":[{"width":825,"height":450,"url":"https:\/\/shopenzona.es\/blogpt\/wp-content\/uploads\/2024\/11\/PT-Portadas-blogs-corporativo-55.jpg","type":"image\/jpeg"}],"author":"Mar\u00eda Serrano","twitter_card":"summary_large_image","twitter_misc":{"Escrito por":"Mar\u00eda Serrano","Tiempo de lectura":"6 minutos"},"schema":{"@context":"https:\/\/schema.org","@graph":[{"@type":"WebPage","@id":"https:\/\/shopenzona.es\/blogpt\/o-que-e-um-frigorifico-combinado-e-qual-comprar\/","url":"https:\/\/shopenzona.es\/blogpt\/o-que-e-um-frigorifico-combinado-e-qual-comprar\/","name":"O que \u00e9 um frigor\u00edfico combinado e qual comprar?","isPartOf":{"@id":"https:\/\/shopenzona.es\/blogpt\/#website"},"datePublished":"2024-11-29T08:19:22+00:00","dateModified":"2024-12-20T09:18:39+00:00","author":{"@id":"https:\/\/shopenzona.es\/blogpt\/#\/schema\/person\/2ee505aa363575227da41c5b26bacb59"},"description":"Descubra o que \u00e9 um frigor\u00edfico combinado e como escolher o modelo perfeito para a sua casa. Um guia completo com conselhos e recomenda\u00e7\u00f5es.","breadcrumb":{"@id":"https:\/\/shopenzona.es\/blogpt\/o-que-e-um-frigorifico-combinado-e-qual-comprar\/#breadcrumb"},"inLanguage":"es","potentialAction":[{"@type":"ReadAction","target":["https:\/\/shopenzona.es\/blogpt\/o-que-e-um-frigorifico-combinado-e-qual-comprar\/"]}]},{"@type":"BreadcrumbList","@id":"https:\/\/shopenzona.es\/blogpt\/o-que-e-um-frigorifico-combinado-e-qual-comprar\/#breadcrumb","itemListElement":[{"@type":"ListItem","position":1,"name":"Portada","item":"https:\/\/shopenzona.es\/blogpt\/"},{"@type":"ListItem","position":2,"name":"O que \u00e9 um frigor\u00edfico combinado e qual comprar?"}]},{"@type":"WebSite","@id":"https:\/\/shopenzona.es\/blogpt\/#website","url":"https:\/\/shopenzona.es\/blogpt\/","name":"Allzone Portugal","description":"Blog de Allzone Portugal","potentialAction":[{"@type":"SearchAction","target":{"@type":"EntryPoint","urlTemplate":"https:\/\/shopenzona.es\/blogpt\/?s={search_term_string}"},"query-input":"required name=search_term_string"}],"inLanguage":"es"},{"@type":"Person","@id":"https:\/\/shopenzona.es\/blogpt\/#\/schema\/person\/2ee505aa363575227da41c5b26bacb59","name":"Mar\u00eda Serrano","image":{"@type":"ImageObject","inLanguage":"es","@id":"https:\/\/shopenzona.es\/blogpt\/#\/schema\/person\/image\/","url":"https:\/\/secure.gravatar.com\/avatar\/2eb9088c847015acc2fed38026da9a2b?s=96&d=mm&r=g","contentUrl":"https:\/\/secure.gravatar.com\/avatar\/2eb9088c847015acc2fed38026da9a2b?s=96&d=mm&r=g","caption":"Mar\u00eda Serrano"}}]}},"_links":{"self":[{"href":"https:\/\/shopenzona.es\/blogpt\/wp-json\/wp\/v2\/posts\/32263"}],"collection":[{"href":"https:\/\/shopenzona.es\/blogpt\/wp-json\/wp\/v2\/posts"}],"about":[{"href":"https:\/\/shopenzona.es\/blogpt\/wp-json\/wp\/v2\/types\/post"}],"author":[{"embeddable":true,"href":"https:\/\/shopenzona.es\/blogpt\/wp-json\/wp\/v2\/users\/28"}],"replies":[{"embeddable":true,"href":"https:\/\/shopenzona.es\/blogpt\/wp-json\/wp\/v2\/comments?post=32263"}],"version-history":[{"count":2,"href":"https:\/\/shopenzona.es\/blogpt\/wp-json\/wp\/v2\/posts\/32263\/revisions"}],"predecessor-version":[{"id":33021,"href":"https:\/\/shopenzona.es\/blogpt\/wp-json\/wp\/v2\/posts\/32263\/revisions\/33021"}],"wp:featuredmedia":[{"embeddable":true,"href":"https:\/\/shopenzona.es\/blogpt\/wp-json\/wp\/v2\/media\/32524"}],"wp:attachment":[{"href":"https:\/\/shopenzona.es\/blogpt\/wp-json\/wp\/v2\/media?parent=32263"}],"wp:term":[{"taxonomy":"category","embeddable":true,"href":"https:\/\/shopenzona.es\/blogpt\/wp-json\/wp\/v2\/categories?post=32263"},{"taxonomy":"post_tag","embeddable":true,"href":"https:\/\/shopenzona.es\/blogpt\/wp-json\/wp\/v2\/tags?post=32263"}],"curies":[{"name":"wp","href":"https:\/\/api.w.org\/{rel}","templated":true}]}}