{"id":33821,"date":"2025-01-21T09:28:17","date_gmt":"2025-01-21T08:28:17","guid":{"rendered":"https:\/\/allzone.es\/blog\/?p=33821"},"modified":"2025-01-21T09:28:18","modified_gmt":"2025-01-21T08:28:18","slug":"como-decorar-salones-pequenos","status":"publish","type":"post","link":"https:\/\/shopenzona.es\/blogpt\/como-decorar-salones-pequenos\/","title":{"rendered":"Como decorar salas de estar pequenas com cores e ilumina\u00e7\u00e3o"},"content":{"rendered":"\n<p>Decorar salas de estar pequenas pode ser um desafio, mas um planeamento adequado da cor e da ilumina\u00e7\u00e3o pode fazer maravilhas. Os tons claros, como os brancos, os cinzentos e os past\u00e9is, aumentam visualmente o espa\u00e7o, enquanto as cores escuras podem criar uma atmosfera mais \u00edntima e acolhedora. A ilumina\u00e7\u00e3o desempenha um papel essencial, uma vez que a luz bem distribu\u00edda pode fazer com que uma divis\u00e3o pequena pare\u00e7a maior e mais luminosa. Al\u00e9m disso, a combina\u00e7\u00e3o de diferentes fontes de luz, como candeeiros de p\u00e9 e candeeiros de parede, permite-lhe adaptar o ambiente a diferentes alturas do dia.<\/p>\n\n\n\n<div style=\"height:23px\" aria-hidden=\"true\" class=\"wp-block-spacer\"><\/div>\n\n\n\n<h2>A import\u00e2ncia das cores para as salas de estar pequenas<\/h2>\n\n\n\n<div style=\"height:10px\" aria-hidden=\"true\" class=\"wp-block-spacer\"><\/div>\n\n\n\n<h3>Cores claras para maximizar a sensa\u00e7\u00e3o de espa\u00e7o<\/h3>\n\n\n\n<p>As cores claras, como o branco, o bege ou os tons pastel, s\u00e3o ideais para<a href=\"https:\/\/shopenzona.es\/pt\/4625-salon-y-comedor\" target=\"_blank\" rel=\"noreferrer noopener\"> salas de estar <\/a>pequenas porque reflectem mais luz, criando uma sensa\u00e7\u00e3o de espa\u00e7o. Estas cores criam um ambiente arejado e luminoso, fazendo com que o espa\u00e7o pare\u00e7a menos desorganizado. Tamb\u00e9m ajudam a equilibrar a luz natural dispon\u00edvel e fazem com que os elementos da divis\u00e3o se integrem de forma mais harmoniosa, evitando a sensa\u00e7\u00e3o de sobrecarga visual. A escolha destes tons pode transformar um espa\u00e7o pequeno num local acolhedor, sem sacrificar a amplitude.<\/p>\n\n\n\n<div style=\"height:23px\" aria-hidden=\"true\" class=\"wp-block-spacer\"><\/div>\n\n\n\n<h3>Toques de cor para dar personalidade<\/h3>\n\n\n\n<p>Incorporar toques de cor em elementos decorativos, como almofadas, tapetes ou quadros, \u00e9 uma \u00f3ptima forma de dar personalidade a uma sala de estar pequena sem a sobrecarregar. Os toques de cor podem real\u00e7ar e acrescentar vibra\u00e7\u00e3o ao espa\u00e7o, criando uma atmosfera mais quente e convidativa. \u00c9 aconselh\u00e1vel optar por tons vibrantes ou contrastantes em pequenos pormenores, como tecidos ou obras de arte, para gerar interesse visual sem perder a sensa\u00e7\u00e3o de amplitude. Estes pequenos detalhes permitem dar um car\u00e1cter \u00fanico \u00e0 decora\u00e7\u00e3o sem comprometer a frescura e a luminosidade do ambiente.<\/p>\n\n\n\n<div style=\"height:23px\" aria-hidden=\"true\" class=\"wp-block-spacer\"><\/div>\n\n\n\n<h3>Combinar cores para obter um equil\u00edbrio visual<\/h3>\n\n\n\n<p>Para conseguir um equil\u00edbrio visual numa sala de estar pequena, \u00e9 essencial combinar harmoniosamente as cores nas paredes, nos m\u00f3veis e nos acess\u00f3rios. Pode escolher-se uma paleta de cores neutras para as paredes e grandes superf\u00edcies, facilitando a integra\u00e7\u00e3o de elementos mais coloridos. O mobili\u00e1rio deve seguir um tom complementar ou mais suave para evitar que o espa\u00e7o fique sobrecarregado. Os acess\u00f3rios, como almofadas e cortinas, podem introduzir toques de cor sem perder a coer\u00eancia do conjunto. A chave \u00e9 a modera\u00e7\u00e3o: escolher duas ou tr\u00eas cores principais e combin\u00e1-las de forma equilibrada garantir\u00e1 que a sala de estar mantenha um ambiente descontra\u00eddo e esteticamente agrad\u00e1vel.<\/p>\n\n\n\n<div style=\"height:23px\" aria-hidden=\"true\" class=\"wp-block-spacer\"><\/div>\n\n\n\n<h2>Os melhores artigos para salas de estar pequenas<\/h2>\n\n\n\n<div style=\"height:23px\" aria-hidden=\"true\" class=\"wp-block-spacer\"><\/div>\n\n\n\n<h3>Mesa bistro de madera<\/h3>\n\n\n\n<p>Esta mesa de bistr\u00f4 caracteriza-se por um aspeto simples mas elegante e ser\u00e1 um complemento atraente para a sua casa. Tamb\u00e9m pode ser utilizada como mesa de jantar. O design elegante desta mesa de bar alta torna-a um acess\u00f3rio intemporal para a sua casa. A constru\u00e7\u00e3o em contraplacado torna a mesa de bar muito dur\u00e1vel, est\u00e1vel e f\u00e1cil de limpar. A mesa de bistr\u00f4 \u00e9 f\u00e1cil de montar.<\/p>\n\n\n\n<div style=\"height:23px\" aria-hidden=\"true\" class=\"wp-block-spacer\"><\/div>\n\n\n\n<div class=\"wp-block-image\"><figure class=\"aligncenter size-full is-resized\"><a href=\"https:\/\/shopenzona.es\/pt\/mesas-de-comedor-y-cocina\/300370-mesa-de-bistro-de-madera-contrachapada-blanco-60x60x75-cm-8719883915883.html?\" target=\"_blank\" rel=\"noopener\"><img loading=\"lazy\" src=\"https:\/\/shopenzona.es\/blog\/wp-content\/uploads\/2025\/01\/mesa-de-bistro-de-madera-contrachapada-blanco-60x60x75-cm.jpg\" alt=\"\" class=\"wp-image-33822\" width=\"424\" height=\"424\"\/><\/a><\/figure><\/div>\n\n\n\n<div class=\"wp-container-1 wp-block-buttons\">\n<div class=\"wp-block-button aligncenter\"><a class=\"wp-block-button__link\" href=\"https:\/\/shopenzona.es\/pt\/mesas-de-comedor-y-cocina\/300370-mesa-de-bistro-de-madera-contrachapada-blanco-60x60x75-cm-8719883915883.html?\" target=\"_blank\" rel=\"noreferrer noopener\">Mesa bistro de madera<\/a><\/div>\n<\/div>\n\n\n\n<div style=\"height:23px\" aria-hidden=\"true\" class=\"wp-block-spacer\"><\/div>\n\n\n\n<h3>Suporte de TV branco<\/h3>\n\n\n\n<p>Com um design moderno e pr\u00e1tico, esta robusta mesa de TV ser\u00e1 definitivamente um atrativo na sua sala. Esta mesa de TV de estilo cl\u00e1ssico, feita de contraplacado, ser\u00e1 uma adi\u00e7\u00e3o intemporal \u00e0 sua casa. Tem 1 compartimento aberto onde pode guardar todo o tipo de objectos e colocar dispositivos multim\u00e9dia, consolas de jogos de v\u00eddeo ou revistas. A mesa de TV \u00e9 f\u00e1cil de limpar com um simples pano h\u00famido. A mesa de TV \u00e9 f\u00e1cil de montar com os materiais de montagem inclu\u00eddos.<\/p>\n\n\n\n<div style=\"height:23px\" aria-hidden=\"true\" class=\"wp-block-spacer\"><\/div>\n\n\n\n<div class=\"wp-block-image\"><figure class=\"aligncenter size-full is-resized\"><a href=\"https:\/\/shopenzona.es\/pt\/muebles-para-tv\/215138-mueble-para-tv-madera-contrachapada-blanco-100x40x40-cm-8719883672069.html\" target=\"_blank\" rel=\"noopener\"><img loading=\"lazy\" src=\"https:\/\/shopenzona.es\/blog\/wp-content\/uploads\/2025\/01\/mueble-para-tv-madera-contrachapada-blanco-100x40x40-cm.jpg\" alt=\"\" class=\"wp-image-33823\" width=\"424\" height=\"424\"\/><\/a><\/figure><\/div>\n\n\n\n<div class=\"wp-container-2 wp-block-buttons\">\n<div class=\"wp-block-button aligncenter\"><a class=\"wp-block-button__link\" href=\"https:\/\/shopenzona.es\/pt\/muebles-para-tv\/215138-mueble-para-tv-madera-contrachapada-blanco-100x40x40-cm-8719883672069.html\" target=\"_blank\" rel=\"noreferrer noopener\">Suporte de TV branco<\/a><\/div>\n<\/div>\n\n\n\n<div style=\"height:23px\" aria-hidden=\"true\" class=\"wp-block-spacer\"><\/div>\n\n\n\n<h3>Sof\u00e1 de 2 lugares com almofadas em creme<\/h3>\n\n\n\n<p>Este sof\u00e1 de 2 lugares \u00e9 perfeito para desfrutar de momentos de conversa, leitura, ver televis\u00e3o ou simplesmente relaxar. Concebido para ser um ponto de destaque na sua casa, combina estilo e funcionalidade. O seu tecido de veludo proporciona uma superf\u00edcie macia e sedosa, oferecendo uma sensa\u00e7\u00e3o agrad\u00e1vel, calor e conforto. A estrutura met\u00e1lica assegura uma base robusta e est\u00e1vel, enquanto os assentos, os apoios de bra\u00e7os e as almofadas das costas densamente acolchoados proporcionam uma experi\u00eancia de assento confort\u00e1vel e de qualidade. Al\u00e9m disso, as capas das almofadas s\u00e3o amov\u00edveis gra\u00e7as ao fecho de correr, tornando-as f\u00e1ceis de limpar quando necess\u00e1rio.<\/p>\n\n\n\n<div style=\"height:23px\" aria-hidden=\"true\" class=\"wp-block-spacer\"><\/div>\n\n\n\n<div class=\"wp-block-image\"><figure class=\"aligncenter size-full is-resized\"><a href=\"https:\/\/shopenzona.es\/pt\/sofas-2-plazas\/1079727-sofa-de-2-plazas-con-cojines-terciopelo-color-crema-140-cm-8721102602184.html\" target=\"_blank\" rel=\"noopener\"><img loading=\"lazy\" src=\"https:\/\/shopenzona.es\/blog\/wp-content\/uploads\/2025\/01\/sofa-de-2-plazas-con-cojines-terciopelo-color-crema-140-cm.jpg\" alt=\"\" class=\"wp-image-33824\" width=\"424\" height=\"424\"\/><\/a><\/figure><\/div>\n\n\n\n<div class=\"wp-container-3 wp-block-buttons\">\n<div class=\"wp-block-button aligncenter\"><a class=\"wp-block-button__link\" href=\"https:\/\/shopenzona.es\/pt\/sofas-2-plazas\/1079727-sofa-de-2-plazas-con-cojines-terciopelo-color-crema-140-cm-8721102602184.html\" target=\"_blank\" rel=\"noreferrer noopener\">Sof\u00e1 de 2 n\u00edveis em creme<\/a><\/div>\n<\/div>\n\n\n\n<div style=\"height:23px\" aria-hidden=\"true\" class=\"wp-block-spacer\"><\/div>\n\n\n\n<h3>L\u00e1mpara LED regulable<\/h3>\n\n\n\n<p>Com um design elegante e moderno, este candeeiro de p\u00e9 oferece uma forma simples e elegante de iluminar e melhorar qualquer divis\u00e3o. Equipado com tecnologia LED e reguladores de intensidade duplos, \u00e9 muito f\u00e1cil de regular e \u00e9 perfeito para qualquer espa\u00e7o que necessite de uma boa ilumina\u00e7\u00e3o. A sua estrutura inclui um candeeiro vertical e um candeeiro de leitura, permitindo satisfazer duas necessidades de ilumina\u00e7\u00e3o em simult\u00e2neo. Al\u00e9m disso, gra\u00e7as ao seu baixo consumo de energia, contribui para poupar na fatura da eletricidade. A luz branca quente que emite cria um ambiente relaxante e acolhedor. Fabricado com materiais de alta qualidade, este candeeiro de p\u00e9 LED \u00e9 dur\u00e1vel e resistente.<\/p>\n\n\n\n<div style=\"height:23px\" aria-hidden=\"true\" class=\"wp-block-spacer\"><\/div>\n\n\n\n<div class=\"wp-block-image\"><figure class=\"aligncenter size-full is-resized\"><a href=\"https:\/\/shopenzona.es\/pt\/lamparas-de-pie\/198079-lampara-led-de-pie-regulable-23-w-8718475961734.html\" target=\"_blank\" rel=\"noopener\"><img loading=\"lazy\" src=\"https:\/\/shopenzona.es\/blog\/wp-content\/uploads\/2025\/01\/lampara-led-de-pie-regulable-23-w.jpg\" alt=\"\" class=\"wp-image-33825\" width=\"424\" height=\"424\"\/><\/a><\/figure><\/div>\n\n\n\n<div class=\"wp-container-4 wp-block-buttons\">\n<div class=\"wp-block-button aligncenter\"><a class=\"wp-block-button__link\" href=\"https:\/\/shopenzona.es\/pt\/lamparas-de-pie\/198079-lampara-led-de-pie-regulable-23-w-8718475961734.html\" target=\"_blank\" rel=\"noreferrer noopener\">L\u00e1mpara LED de pie&nbsp;<\/a><\/div>\n<\/div>\n\n\n\n<div style=\"height:23px\" aria-hidden=\"true\" class=\"wp-block-spacer\"><\/div>\n\n\n\n<h3>Papel pintado 3D beige<\/h3>\n\n\n\n<p>Transforme a sua divis\u00e3o em estilo com papel de parede! N\u00e3o s\u00f3 dar\u00e1 um toque \u00fanico, como tamb\u00e9m cobrir\u00e1 eficazmente os defeitos da parede, como fissuras, lascas e riscos. Feito de tecido n\u00e3o tecido, este papel de parede \u00e9 respir\u00e1vel, dur\u00e1vel e resistente ao desgaste. A sua textura espessa oferece um excelente isolamento ac\u00fastico e t\u00e9rmico. Al\u00e9m disso, pode cort\u00e1-lo facilmente em qualquer tamanho ou forma que se adeq\u00fae \u00e0s suas necessidades. Ideal para uma grande variedade de aplica\u00e7\u00f5es, este papel de parede \u00e9 perfeito para salas de estar, quartos, caf\u00e9s e restaurantes. Necessitar\u00e1 de cola ou adesivo de papel de parede para aplicar o papel de parede, uma vez que n\u00e3o h\u00e1 adesivo inclu\u00eddo. Embora n\u00e3o seja \u00e0 prova de \u00e1gua, pode ser limpo com um pano h\u00famido. Para evitar varia\u00e7\u00f5es de cor, recomenda-se que compre o suficiente numa \u00fanica compra.<\/p>\n\n\n\n<div style=\"height:23px\" aria-hidden=\"true\" class=\"wp-block-spacer\"><\/div>\n\n\n\n<div class=\"wp-block-image\"><figure class=\"aligncenter size-full is-resized\"><a href=\"https:\/\/shopenzona.es\/pt\/papel-pintado\/853493-papel-pintado-de-pared-3d-beige-liso-8720845943059.html\" target=\"_blank\" rel=\"noopener\"><img loading=\"lazy\" src=\"https:\/\/shopenzona.es\/blog\/wp-content\/uploads\/2025\/01\/papel-pintado-de-pared-3d-beige-liso.jpg\" alt=\"\" class=\"wp-image-33826\" width=\"433\" height=\"433\"\/><\/a><\/figure><\/div>\n\n\n\n<div class=\"wp-container-5 wp-block-buttons\">\n<div class=\"wp-block-button aligncenter\"><a class=\"wp-block-button__link\" href=\"https:\/\/shopenzona.es\/pt\/papel-pintado\/853493-papel-pintado-de-pared-3d-beige-liso-8720845943059.html\" target=\"_blank\" rel=\"noreferrer noopener\">Papel pintado Beige<\/a><\/div>\n<\/div>\n\n\n\n<div style=\"height:23px\" aria-hidden=\"true\" class=\"wp-block-spacer\"><\/div>\n\n\n\n<h3>Espelho de vidro 70&#215;40 cm<\/h3>\n\n\n\n<p>D\u00ea um toque de est\u00e9tica minimalista ao seu quarto, sala de estar ou quarto de vestir com o nosso pr\u00e1tico espelho de parede. Fabricado em vidro de alta qualidade, este espelho \u00e9 duradouro e oferece uma excelente refletividade, criando uma sensa\u00e7\u00e3o de espa\u00e7o na divis\u00e3o. O seu design simples e sem moldura torna-o numa pe\u00e7a vers\u00e1til que combina com qualquer estilo de decora\u00e7\u00e3o, melhorando o brilho e a amplitude do ambiente. Tenha em aten\u00e7\u00e3o que a entrega inclui apenas o espelho; a moldura preta n\u00e3o est\u00e1 inclu\u00edda.<\/p>\n\n\n\n<div style=\"height:23px\" aria-hidden=\"true\" class=\"wp-block-spacer\"><\/div>\n\n\n\n<div class=\"wp-block-image\"><figure class=\"aligncenter size-full is-resized\"><a href=\"https:\/\/shopenzona.es\/pt\/espejos\/853389-espejo-70x40-cm-vidrio-8720286320563.html\" target=\"_blank\" rel=\"noopener\"><img loading=\"lazy\" src=\"https:\/\/shopenzona.es\/blog\/wp-content\/uploads\/2025\/01\/espejo-70x40-cm-vidrio.jpg\" alt=\"\" class=\"wp-image-33827\" width=\"442\" height=\"442\"\/><\/a><\/figure><\/div>\n\n\n\n<div class=\"wp-container-6 wp-block-buttons\">\n<div class=\"wp-block-button aligncenter\"><a class=\"wp-block-button__link\" href=\"https:\/\/shopenzona.es\/pt\/espejos\/853389-espejo-70x40-cm-vidrio-8720286320563.html\" target=\"_blank\" rel=\"noreferrer noopener\">Espelho 70&#215;40 cm<\/a><\/div>\n<\/div>\n\n\n\n<div style=\"height:23px\" aria-hidden=\"true\" class=\"wp-block-spacer\"><\/div>\n\n\n\n<h2>Ilumina\u00e7\u00e3o para divis\u00f5es pequenas: como utiliz\u00e1-la estrategicamente<\/h2>\n\n\n\n<div style=\"height:10px\" aria-hidden=\"true\" class=\"wp-block-spacer\"><\/div>\n\n\n\n<h3><strong>Luz natural: tu mejor aliada<\/strong><\/h3>\n\n\n\n<p>Maximizar a luz natural numa <a href=\"https:\/\/shopenzona.es\/pt\/4625-sala-de-estar-e-de-jantar\" target=\"_blank\" rel=\"noreferrer noopener\">sala de estar<\/a> pequena pode fazer com que o espa\u00e7o pare\u00e7a maior e mais luminoso. Opte por cortinas claras ou estores transl\u00facidos para permitir que a luz flua sem obstru\u00e7\u00f5es. Al\u00e9m disso, colocar espelhos estrategicamente, especialmente perto de janelas, ajudar\u00e1 a refletir a luz e a distribu\u00ed-la por toda a divis\u00e3o, aumentando a sensa\u00e7\u00e3o de espa\u00e7o e criando uma atmosfera mais fresca e acolhedora.<\/p>\n\n\n\n<div style=\"height:23px\" aria-hidden=\"true\" class=\"wp-block-spacer\"><\/div>\n\n\n\n<h3>Ilumina\u00e7\u00e3o artificial: camadas para criar um ambiente<\/h3>\n\n\n\n<p>Para criar um ambiente acolhedor e funcional, \u00e9 essencial utilizar diferentes tipos de ilumina\u00e7\u00e3o em camadas. Comece com um candeeiro de teto para fornecer luz geral, depois incorpore arandelas de parede ou luzes de leitura perto dos assentos para focar a luz em \u00e1reas espec\u00edficas. Os candeeiros de p\u00e9 s\u00e3o tamb\u00e9m uma excelente op\u00e7\u00e3o para dar um toque extra de calor. Esta abordagem permitir-lhe-\u00e1 ajustar a intensidade da luz de acordo com a ocasi\u00e3o, desde uma luz brilhante a uma luz mais suave para relaxar.<\/p>\n\n\n\n<div style=\"height:23px\" aria-hidden=\"true\" class=\"wp-block-spacer\"><\/div>\n\n\n\n<h3>Luzes LED: econ\u00f3micas e vers\u00e1teis<\/h3>\n\n\n\n<p>As l\u00e2mpadas LED s\u00e3o uma escolha ideal para divis\u00f5es pequenas, oferecendo efici\u00eancia energ\u00e9tica e versatilidade. O seu baixo consumo de energia contribui para a poupan\u00e7a na fatura da eletricidade e a sua variedade de estilos permite a sua adapta\u00e7\u00e3o a qualquer decora\u00e7\u00e3o. Desde l\u00e2mpadas LED para candeeiros de mesa a fitas LED para real\u00e7ar determinados elementos da divis\u00e3o, estas luzes oferecem funcionalidade e est\u00e9tica, melhorando a luminosidade e o ambiente sem comprometer o espa\u00e7o.<\/p>\n\n\n\n<div style=\"height:23px\" aria-hidden=\"true\" class=\"wp-block-spacer\"><\/div>\n\n\n\n<h2>Ideias pr\u00e1ticas para decorar salas de estar pequenas<\/h2>\n\n\n\n<div style=\"height:10px\" aria-hidden=\"true\" class=\"wp-block-spacer\"><\/div>\n\n\n\n<h3>Utiliza\u00e7\u00e3o de tapetes para delimitar os espa\u00e7os<\/h3>\n\n\n\n<p>Em salas de estar pequenas, um tapete bem escolhido pode ser a chave para criar zonas definidas sem perder a sensa\u00e7\u00e3o de espa\u00e7o. Ao colocar um tapete por baixo do mobili\u00e1rio da sala de estar, pode demarcar a \u00e1rea de estar ou de entretenimento. Os tapetes tamb\u00e9m ajudam a adicionar textura e cor, melhorando a est\u00e9tica do espa\u00e7o. Escolha tapetes de tamanhos adequados para n\u00e3o sobrecarregar a divis\u00e3o e certifique-se de que o design complementa as cores e o estilo da divis\u00e3o.<\/p>\n\n\n\n<div style=\"height:23px\" aria-hidden=\"true\" class=\"wp-block-spacer\"><\/div>\n\n\n\n<h3>Decora\u00e7\u00e3o vertical para otimizar o espa\u00e7o<\/h3>\n\n\n\n<p>Tirar partido do espa\u00e7o vertical \u00e9 uma excelente estrat\u00e9gia para manter o ch\u00e3o livre e otimizar a utiliza\u00e7\u00e3o de uma divis\u00e3o pequena. A instala\u00e7\u00e3o de prateleiras nas paredes n\u00e3o s\u00f3 proporciona arruma\u00e7\u00e3o adicional, como tamb\u00e9m permite exibir elementos decorativos. Quadros, prateleiras flutuantes e plantas suspensas s\u00e3o perfeitos para acrescentar interesse visual sem ocupar espa\u00e7o no ch\u00e3o. Com estas solu\u00e7\u00f5es, pode manter a \u00e1rea mais organizada e visualmente mais espa\u00e7osa.<\/p>\n\n\n\n<div style=\"height:23px\" aria-hidden=\"true\" class=\"wp-block-spacer\"><\/div>\n\n\n\n<h3>Espa\u00e7os integrados: sala de estar e sala de jantar numa s\u00f3<\/h3>\n\n\n\n<p>Quando o espa\u00e7o \u00e9 limitado, integrar a <a href=\"https:\/\/shopenzona.es\/pt\/4625-sala-de-estar-e-de-jantar\" target=\"_blank\" rel=\"noreferrer noopener\">sala de estar<\/a> e a sala de jantar numa \u00fanica \u00e1rea compacta pode ser uma op\u00e7\u00e3o funcional e elegante. Utilize mobili\u00e1rio modular que possa ser adaptado a diferentes necessidades, como sof\u00e1s com arruma\u00e7\u00e3o ou mesas extens\u00edveis. Organize as \u00e1reas de modo a que permane\u00e7am definidas, mas sem barreiras f\u00edsicas, para incentivar a fluidez entre as duas fun\u00e7\u00f5es. O mobili\u00e1rio multifuncional e o design minimalista ajudar\u00e3o a manter o equil\u00edbrio entre conforto e organiza\u00e7\u00e3o neste tipo de espa\u00e7o integrado.<\/p>\n\n\n\n<div style=\"height:23px\" aria-hidden=\"true\" class=\"wp-block-spacer\"><\/div>\n\n\n\n<h2>Dicas finais para transformar salas de estar pequenas<\/h2>\n\n\n\n<p>Para transformar a sua pequena sala de estar num espa\u00e7o funcional e acolhedor, \u00e9 fundamental mant\u00ea-la organizada. Utilize m\u00f3veis com arruma\u00e7\u00e3o oculta para reduzir a desarruma\u00e7\u00e3o e evitar a acumula\u00e7\u00e3o de objectos desnecess\u00e1rios. Escolha pe\u00e7as que n\u00e3o sobrecarreguem o espa\u00e7o, optando por m\u00f3veis compactos e vers\u00e1teis. A chave \u00e9 combinar est\u00e9tica e funcionalidade, dando prioridade a cores claras, boa ilumina\u00e7\u00e3o e m\u00f3veis que sejam simultaneamente elegantes e pr\u00e1ticos. N\u00e3o se esque\u00e7a de que uma sala de estar pequena pode ser confort\u00e1vel e atractiva se gerir bem os detalhes.<\/p>\n\n\n\n<p>Se est\u00e1 \u00e0 procura de mais ideias para decorar a sua sala de estar, a <a href=\"https:\/\/shopenzona.es\/pt\/\" target=\"_blank\" rel=\"noreferrer noopener\">Allzone <\/a>tem tudo o que precisa para tornar a sua<a href=\"https:\/\/shopenzona.es\/pt\/4625-sala-de-estar-e-de-jantar\" target=\"_blank\" rel=\"noreferrer noopener\"> casa \u00fanica.<\/a><\/p>\n","protected":false},"excerpt":{"rendered":"<p>Decorar salas de estar pequenas pode ser um desafio, mas um planeamento adequado da cor e da ilumina\u00e7\u00e3o pode fazer maravilhas. Os tons claros, como os brancos, os cinzentos e os past\u00e9is, aumentam visualmente o espa\u00e7o, enquanto as cores escuras podem criar uma atmosfera mais \u00edntima e acolhedora. A ilumina\u00e7\u00e3o desempenha um papel essencial, uma&hellip;<\/p>\n","protected":false},"author":28,"featured_media":33822,"comment_status":"closed","ping_status":"closed","sticky":false,"template":"","format":"standard","meta":{"inline_featured_image":false},"categories":[571],"tags":[],"yoast_head":"<!-- This site is optimized with the Yoast SEO plugin v19.13 - https:\/\/yoast.com\/wordpress\/plugins\/seo\/ -->\n<title>Como decorar salas de estar pequenas: dicas e sugest\u00f5es<\/title>\n<meta name=\"description\" content=\"Descubra como decorar salas de estar pequenas com estilo e funcionalidade. Ideias pr\u00e1ticas e dicas para tirar o m\u00e1ximo partido de cada canto do seu espa\u00e7o.\" \/>\n<meta name=\"robots\" content=\"index, follow, max-snippet:-1, max-image-preview:large, max-video-preview:-1\" \/>\n<link rel=\"canonical\" href=\"https:\/\/shopenzona.es\/blogpt\/como-decorar-salones-pequenos\/\" \/>\n<meta property=\"og:locale\" content=\"es_ES\" \/>\n<meta property=\"og:type\" content=\"article\" \/>\n<meta property=\"og:title\" content=\"Como decorar salas de estar pequenas: dicas e sugest\u00f5es\" \/>\n<meta property=\"og:description\" content=\"Descubra como decorar salas de estar pequenas com estilo e funcionalidade. Ideias pr\u00e1ticas e dicas para tirar o m\u00e1ximo partido de cada canto do seu espa\u00e7o.\" \/>\n<meta property=\"og:url\" content=\"https:\/\/shopenzona.es\/blogpt\/como-decorar-salones-pequenos\/\" \/>\n<meta property=\"og:site_name\" content=\"Allzone Portugal\" \/>\n<meta property=\"article:published_time\" content=\"2025-01-21T08:28:17+00:00\" \/>\n<meta property=\"article:modified_time\" content=\"2025-01-21T08:28:18+00:00\" \/>\n<meta property=\"og:image\" content=\"https:\/\/shopenzona.es\/blogpt\/wp-content\/uploads\/2025\/01\/PT-Portadas-blogs-corporativo-73.jpg\" \/>\n\t<meta property=\"og:image:width\" content=\"825\" \/>\n\t<meta property=\"og:image:height\" content=\"450\" \/>\n\t<meta property=\"og:image:type\" content=\"image\/jpeg\" \/>\n<meta name=\"author\" content=\"Mar\u00eda Serrano\" \/>\n<meta name=\"twitter:card\" content=\"summary_large_image\" \/>\n<meta name=\"twitter:label1\" content=\"Escrito por\" \/>\n\t<meta name=\"twitter:data1\" content=\"Mar\u00eda Serrano\" \/>\n<script type=\"application\/ld+json\" class=\"yoast-schema-graph\">{\"@context\":\"https:\/\/schema.org\",\"@graph\":[{\"@type\":\"WebPage\",\"@id\":\"https:\/\/shopenzona.es\/blogpt\/como-decorar-salones-pequenos\/\",\"url\":\"https:\/\/shopenzona.es\/blogpt\/como-decorar-salones-pequenos\/\",\"name\":\"Como decorar salas de estar pequenas: dicas e sugest\u00f5es\",\"isPartOf\":{\"@id\":\"https:\/\/shopenzona.es\/blogpt\/#website\"},\"datePublished\":\"2025-01-21T08:28:17+00:00\",\"dateModified\":\"2025-01-21T08:28:18+00:00\",\"author\":{\"@id\":\"https:\/\/shopenzona.es\/blogpt\/#\/schema\/person\/2ee505aa363575227da41c5b26bacb59\"},\"description\":\"Descubra como decorar salas de estar pequenas com estilo e funcionalidade. Ideias pr\u00e1ticas e dicas para tirar o m\u00e1ximo partido de cada canto do seu espa\u00e7o.\",\"breadcrumb\":{\"@id\":\"https:\/\/shopenzona.es\/blogpt\/como-decorar-salones-pequenos\/#breadcrumb\"},\"inLanguage\":\"es\",\"potentialAction\":[{\"@type\":\"ReadAction\",\"target\":[\"https:\/\/shopenzona.es\/blogpt\/como-decorar-salones-pequenos\/\"]}]},{\"@type\":\"BreadcrumbList\",\"@id\":\"https:\/\/shopenzona.es\/blogpt\/como-decorar-salones-pequenos\/#breadcrumb\",\"itemListElement\":[{\"@type\":\"ListItem\",\"position\":1,\"name\":\"Portada\",\"item\":\"https:\/\/shopenzona.es\/blogpt\/\"},{\"@type\":\"ListItem\",\"position\":2,\"name\":\"Como decorar salas de estar pequenas com cores e ilumina\u00e7\u00e3o\"}]},{\"@type\":\"WebSite\",\"@id\":\"https:\/\/shopenzona.es\/blogpt\/#website\",\"url\":\"https:\/\/shopenzona.es\/blogpt\/\",\"name\":\"Allzone Portugal\",\"description\":\"Blog de Allzone Portugal\",\"potentialAction\":[{\"@type\":\"SearchAction\",\"target\":{\"@type\":\"EntryPoint\",\"urlTemplate\":\"https:\/\/shopenzona.es\/blogpt\/?s={search_term_string}\"},\"query-input\":\"required name=search_term_string\"}],\"inLanguage\":\"es\"},{\"@type\":\"Person\",\"@id\":\"https:\/\/shopenzona.es\/blogpt\/#\/schema\/person\/2ee505aa363575227da41c5b26bacb59\",\"name\":\"Mar\u00eda Serrano\",\"image\":{\"@type\":\"ImageObject\",\"inLanguage\":\"es\",\"@id\":\"https:\/\/shopenzona.es\/blogpt\/#\/schema\/person\/image\/\",\"url\":\"https:\/\/secure.gravatar.com\/avatar\/2eb9088c847015acc2fed38026da9a2b?s=96&d=mm&r=g\",\"contentUrl\":\"https:\/\/secure.gravatar.com\/avatar\/2eb9088c847015acc2fed38026da9a2b?s=96&d=mm&r=g\",\"caption\":\"Mar\u00eda Serrano\"}}]}<\/script>\n<!-- \/ Yoast SEO plugin. -->","yoast_head_json":{"title":"Como decorar salas de estar pequenas: dicas e sugest\u00f5es","description":"Descubra como decorar salas de estar pequenas com estilo e funcionalidade. Ideias pr\u00e1ticas e dicas para tirar o m\u00e1ximo partido de cada canto do seu espa\u00e7o.","robots":{"index":"index","follow":"follow","max-snippet":"max-snippet:-1","max-image-preview":"max-image-preview:large","max-video-preview":"max-video-preview:-1"},"canonical":"https:\/\/shopenzona.es\/blogpt\/como-decorar-salones-pequenos\/","og_locale":"es_ES","og_type":"article","og_title":"Como decorar salas de estar pequenas: dicas e sugest\u00f5es","og_description":"Descubra como decorar salas de estar pequenas com estilo e funcionalidade. Ideias pr\u00e1ticas e dicas para tirar o m\u00e1ximo partido de cada canto do seu espa\u00e7o.","og_url":"https:\/\/shopenzona.es\/blogpt\/como-decorar-salones-pequenos\/","og_site_name":"Allzone Portugal","article_published_time":"2025-01-21T08:28:17+00:00","article_modified_time":"2025-01-21T08:28:18+00:00","og_image":[{"width":825,"height":450,"url":"https:\/\/shopenzona.es\/blogpt\/wp-content\/uploads\/2025\/01\/PT-Portadas-blogs-corporativo-73.jpg","type":"image\/jpeg"}],"author":"Mar\u00eda Serrano","twitter_card":"summary_large_image","twitter_misc":{"Escrito por":"Mar\u00eda Serrano"},"schema":{"@context":"https:\/\/schema.org","@graph":[{"@type":"WebPage","@id":"https:\/\/shopenzona.es\/blogpt\/como-decorar-salones-pequenos\/","url":"https:\/\/shopenzona.es\/blogpt\/como-decorar-salones-pequenos\/","name":"Como decorar salas de estar pequenas: dicas e sugest\u00f5es","isPartOf":{"@id":"https:\/\/shopenzona.es\/blogpt\/#website"},"datePublished":"2025-01-21T08:28:17+00:00","dateModified":"2025-01-21T08:28:18+00:00","author":{"@id":"https:\/\/shopenzona.es\/blogpt\/#\/schema\/person\/2ee505aa363575227da41c5b26bacb59"},"description":"Descubra como decorar salas de estar pequenas com estilo e funcionalidade. Ideias pr\u00e1ticas e dicas para tirar o m\u00e1ximo partido de cada canto do seu espa\u00e7o.","breadcrumb":{"@id":"https:\/\/shopenzona.es\/blogpt\/como-decorar-salones-pequenos\/#breadcrumb"},"inLanguage":"es","potentialAction":[{"@type":"ReadAction","target":["https:\/\/shopenzona.es\/blogpt\/como-decorar-salones-pequenos\/"]}]},{"@type":"BreadcrumbList","@id":"https:\/\/shopenzona.es\/blogpt\/como-decorar-salones-pequenos\/#breadcrumb","itemListElement":[{"@type":"ListItem","position":1,"name":"Portada","item":"https:\/\/shopenzona.es\/blogpt\/"},{"@type":"ListItem","position":2,"name":"Como decorar salas de estar pequenas com cores e ilumina\u00e7\u00e3o"}]},{"@type":"WebSite","@id":"https:\/\/shopenzona.es\/blogpt\/#website","url":"https:\/\/shopenzona.es\/blogpt\/","name":"Allzone Portugal","description":"Blog de Allzone Portugal","potentialAction":[{"@type":"SearchAction","target":{"@type":"EntryPoint","urlTemplate":"https:\/\/shopenzona.es\/blogpt\/?s={search_term_string}"},"query-input":"required name=search_term_string"}],"inLanguage":"es"},{"@type":"Person","@id":"https:\/\/shopenzona.es\/blogpt\/#\/schema\/person\/2ee505aa363575227da41c5b26bacb59","name":"Mar\u00eda Serrano","image":{"@type":"ImageObject","inLanguage":"es","@id":"https:\/\/shopenzona.es\/blogpt\/#\/schema\/person\/image\/","url":"https:\/\/secure.gravatar.com\/avatar\/2eb9088c847015acc2fed38026da9a2b?s=96&d=mm&r=g","contentUrl":"https:\/\/secure.gravatar.com\/avatar\/2eb9088c847015acc2fed38026da9a2b?s=96&d=mm&r=g","caption":"Mar\u00eda Serrano"}}]}},"_links":{"self":[{"href":"https:\/\/shopenzona.es\/blogpt\/wp-json\/wp\/v2\/posts\/33821"}],"collection":[{"href":"https:\/\/shopenzona.es\/blogpt\/wp-json\/wp\/v2\/posts"}],"about":[{"href":"https:\/\/shopenzona.es\/blogpt\/wp-json\/wp\/v2\/types\/post"}],"author":[{"embeddable":true,"href":"https:\/\/shopenzona.es\/blogpt\/wp-json\/wp\/v2\/users\/28"}],"replies":[{"embeddable":true,"href":"https:\/\/shopenzona.es\/blogpt\/wp-json\/wp\/v2\/comments?post=33821"}],"version-history":[{"count":1,"href":"https:\/\/shopenzona.es\/blogpt\/wp-json\/wp\/v2\/posts\/33821\/revisions"}],"predecessor-version":[{"id":33823,"href":"https:\/\/shopenzona.es\/blogpt\/wp-json\/wp\/v2\/posts\/33821\/revisions\/33823"}],"wp:featuredmedia":[{"embeddable":true,"href":"https:\/\/shopenzona.es\/blogpt\/wp-json\/wp\/v2\/media\/33822"}],"wp:attachment":[{"href":"https:\/\/shopenzona.es\/blogpt\/wp-json\/wp\/v2\/media?parent=33821"}],"wp:term":[{"taxonomy":"category","embeddable":true,"href":"https:\/\/shopenzona.es\/blogpt\/wp-json\/wp\/v2\/categories?post=33821"},{"taxonomy":"post_tag","embeddable":true,"href":"https:\/\/shopenzona.es\/blogpt\/wp-json\/wp\/v2\/tags?post=33821"}],"curies":[{"name":"wp","href":"https:\/\/api.w.org\/{rel}","templated":true}]}}