{"id":34769,"date":"2025-03-13T16:21:08","date_gmt":"2025-03-13T15:21:08","guid":{"rendered":"https:\/\/allzone.es\/blog\/?p=34769"},"modified":"2025-03-13T16:22:04","modified_gmt":"2025-03-13T15:22:04","slug":"comemore-st-patricks-day-com-nossas-ofertas-flash","status":"publish","type":"post","link":"https:\/\/shopenzona.es\/blogpt\/comemore-st-patricks-day-com-nossas-ofertas-flash\/","title":{"rendered":"Comemore St Patrick&#8217;s Day com as nossas Ofertas Flash!"},"content":{"rendered":"\n<p>Fa\u00e7a do<strong> St Patrick&#8217;s Day<\/strong> uma celebra\u00e7\u00e3o \u00fanica com a Allzone! Aproveite as nossas Ofertas Flash <strong>de 14 a 18 de mar\u00e7o de 2025<\/strong> e desfrute de <strong>descontos at\u00e9 55%<\/strong> em moda, tecnologia, artigos para a casa e muito mais. Celebre este dia com a sorte do seu lado e obtenha o que precisa a pre\u00e7os irresist\u00edveis. N\u00e3o perca esta oportunidade de poupar e desfrutar do esp\u00edrito do Dia de S\u00e3o Patr\u00edcio!<\/p>\n\n\n\n<div style=\"height:23px\" aria-hidden=\"true\" class=\"wp-block-spacer\"><\/div>\n\n\n\n<h2>Qual \u00e9 a origem do St. Patrick&#8217;s Day?<\/h2>\n\n\n\n<p>O St. Patrick&#8217;s Day tem as suas origens na rica hist\u00f3ria e tradi\u00e7\u00e3o da Irlanda. O feriado come\u00e7ou como uma homenagem religiosa a S\u00e3o Patr\u00edcio, o santo padroeiro do pa\u00eds. Com o tempo, o que come\u00e7ou como uma celebra\u00e7\u00e3o espiritual evoluiu para um grande evento popular.<\/p>\n\n\n\n<p>Atualmente, o St. Patrick&#8217;s Day \u00e9 muito mais do que uma comemora\u00e7\u00e3o religiosa. \u00c9 uma celebra\u00e7\u00e3o que honra a vida e o legado de S\u00e3o Patr\u00edcio e a vibrante cultura irlandesa. Dos desfiles coloridos \u00e0 m\u00fasica folcl\u00f3rica tradicional, passando pela ic\u00f3nica cor verde, o feriado tornou-se um tributo ao esp\u00edrito alegre e \u00e0s tradi\u00e7\u00f5es que definem a Irlanda.<\/p>\n\n\n\n<div style=\"height:23px\" aria-hidden=\"true\" class=\"wp-block-spacer\"><\/div>\n\n\n\n<h2>N\u00e3o perca as incr\u00edveis Ofertas Flash<\/h2>\n\n\n\n<p>Na Allzone gostamos de nos relacionar com todos e queremos que celebre o Dia de S\u00e3o Patr\u00edcio de uma forma \u00fanica! \u00c9 por isso que reunimos uma sele\u00e7\u00e3o exclusiva de produtos premium com descontos irresist\u00edveis. Desde as \u00faltimas novidades em tecnologia at\u00e9 \u00e0 moda e artigos para a casa, encontrar\u00e1 tudo o que precisa para desfrutar do feriado ao verdadeiro estilo irland\u00eas.<\/p>\n\n\n\n<p>\u00c9 a altura ideal para p\u00f4r as m\u00e3os naquilo que tanto desejava! Com a sorte do seu lado, n\u00e3o perca a oportunidade de aproveitar as nossas ofertas para o St Patrick&#8217;s Day. Visite o <a href=\"https:\/\/shopenzona.es\/pt\/\" target=\"_blank\" rel=\"noreferrer noopener\">nosso site <\/a>e encontre tudo o que prepar\u00e1mos para si, mas apresse-se, \u00e9 por tempo limitado!<\/p>\n\n\n\n<div style=\"height:23px\" aria-hidden=\"true\" class=\"wp-block-spacer\"><\/div>\n\n\n\n<div class=\"wp-block-image\"><figure class=\"aligncenter size-large is-resized\"><a href=\"https:\/\/shopenzona.es\/pt\/\"><img loading=\"lazy\" src=\"https:\/\/shopenzona.es\/blogpt\/wp-content\/uploads\/2025\/03\/Imagen-de-WhatsApp-2025-03-07-a-las-17.44.19_27b39171-1024x624.jpg\" alt=\"\" class=\"wp-image-34771\" width=\"878\" height=\"535\" srcset=\"https:\/\/shopenzona.es\/blogpt\/wp-content\/uploads\/2025\/03\/Imagen-de-WhatsApp-2025-03-07-a-las-17.44.19_27b39171-1024x624.jpg 1024w, https:\/\/shopenzona.es\/blogpt\/wp-content\/uploads\/2025\/03\/Imagen-de-WhatsApp-2025-03-07-a-las-17.44.19_27b39171-300x183.jpg 300w, https:\/\/shopenzona.es\/blogpt\/wp-content\/uploads\/2025\/03\/Imagen-de-WhatsApp-2025-03-07-a-las-17.44.19_27b39171-768x468.jpg 768w, https:\/\/shopenzona.es\/blogpt\/wp-content\/uploads\/2025\/03\/Imagen-de-WhatsApp-2025-03-07-a-las-17.44.19_27b39171.jpg 1149w\" sizes=\"(max-width: 878px) 100vw, 878px\" \/><\/a><\/figure><\/div>\n\n\n\n<div style=\"height:23px\" aria-hidden=\"true\" class=\"wp-block-spacer\"><\/div>\n\n\n\n<h2>N\u00e3o perca as nossas ofertas exclusivas para o St. Patrick&#8217;s Day!<\/h2>\n\n\n\n<p>De <strong>14 a 18 de mar\u00e7o de 2025<\/strong>, beneficie de<strong> descontos at\u00e9 55%<\/strong> numa sele\u00e7\u00e3o de produtos, al\u00e9m de<strong> portes gratuitos <\/strong>em todas as suas compras durante estes dias. Al\u00e9m disso, aproveite os portes de envio gratuitos em todas as suas compras durante estes dias &#8211; \u00e9 a altura ideal para fazer compras com a sorte do seu lado!<\/p>\n","protected":false},"excerpt":{"rendered":"<p>Fa\u00e7a do St Patrick&#8217;s Day uma celebra\u00e7\u00e3o \u00fanica com a Allzone! Aproveite as nossas Ofertas Flash de 14 a 18 de mar\u00e7o de 2025 e desfrute de descontos at\u00e9 55% em moda, tecnologia, artigos para a casa e muito mais. Celebre este dia com a sorte do seu lado e obtenha o que precisa a&hellip;<\/p>\n","protected":false},"author":28,"featured_media":34783,"comment_status":"closed","ping_status":"closed","sticky":false,"template":"","format":"standard","meta":{"inline_featured_image":false},"categories":[558],"tags":[],"yoast_head":"<!-- This site is optimized with the Yoast SEO plugin v19.13 - https:\/\/yoast.com\/wordpress\/plugins\/seo\/ -->\n<title>Comemore o St Patrick&#039;s Day com as nossas Ofertas Flash!<\/title>\n<meta name=\"description\" content=\"De 14 a 18 de mar\u00e7o, oferecemos-lhe a oportunidade perfeita para comprar as nossas irresist\u00edveis Ofertas Flash do St Patrick&#039;s Day.\" \/>\n<meta name=\"robots\" content=\"index, follow, max-snippet:-1, max-image-preview:large, max-video-preview:-1\" \/>\n<link rel=\"canonical\" href=\"https:\/\/shopenzona.es\/blogpt\/comemore-st-patricks-day-com-nossas-ofertas-flash\/\" \/>\n<meta property=\"og:locale\" content=\"es_ES\" \/>\n<meta property=\"og:type\" content=\"article\" \/>\n<meta property=\"og:title\" content=\"Comemore o St Patrick&#039;s Day com as nossas Ofertas Flash!\" \/>\n<meta property=\"og:description\" content=\"De 14 a 18 de mar\u00e7o, oferecemos-lhe a oportunidade perfeita para comprar as nossas irresist\u00edveis Ofertas Flash do St Patrick&#039;s Day.\" \/>\n<meta property=\"og:url\" content=\"https:\/\/shopenzona.es\/blogpt\/comemore-st-patricks-day-com-nossas-ofertas-flash\/\" \/>\n<meta property=\"og:site_name\" content=\"Allzone Portugal\" \/>\n<meta property=\"article:published_time\" content=\"2025-03-13T15:21:08+00:00\" \/>\n<meta property=\"article:modified_time\" content=\"2025-03-13T15:22:04+00:00\" \/>\n<meta property=\"og:image\" content=\"https:\/\/shopenzona.es\/blogpt\/wp-content\/uploads\/2025\/03\/PT.STPATRICK.blogging.jpg\" \/>\n\t<meta property=\"og:image:width\" content=\"825\" \/>\n\t<meta property=\"og:image:height\" content=\"450\" \/>\n\t<meta property=\"og:image:type\" content=\"image\/jpeg\" \/>\n<meta name=\"author\" content=\"Mar\u00eda Serrano\" \/>\n<meta name=\"twitter:card\" content=\"summary_large_image\" \/>\n<meta name=\"twitter:label1\" content=\"Escrito por\" \/>\n\t<meta name=\"twitter:data1\" content=\"Mar\u00eda Serrano\" \/>\n\t<meta name=\"twitter:label2\" content=\"Tiempo de lectura\" \/>\n\t<meta name=\"twitter:data2\" content=\"2 minutos\" \/>\n<script type=\"application\/ld+json\" class=\"yoast-schema-graph\">{\"@context\":\"https:\/\/schema.org\",\"@graph\":[{\"@type\":\"WebPage\",\"@id\":\"https:\/\/shopenzona.es\/blogpt\/comemore-st-patricks-day-com-nossas-ofertas-flash\/\",\"url\":\"https:\/\/shopenzona.es\/blogpt\/comemore-st-patricks-day-com-nossas-ofertas-flash\/\",\"name\":\"Comemore o St Patrick's Day com as nossas Ofertas Flash!\",\"isPartOf\":{\"@id\":\"https:\/\/shopenzona.es\/blogpt\/#website\"},\"datePublished\":\"2025-03-13T15:21:08+00:00\",\"dateModified\":\"2025-03-13T15:22:04+00:00\",\"author\":{\"@id\":\"https:\/\/shopenzona.es\/blogpt\/#\/schema\/person\/2ee505aa363575227da41c5b26bacb59\"},\"description\":\"De 14 a 18 de mar\u00e7o, oferecemos-lhe a oportunidade perfeita para comprar as nossas irresist\u00edveis Ofertas Flash do St Patrick's Day.\",\"breadcrumb\":{\"@id\":\"https:\/\/shopenzona.es\/blogpt\/comemore-st-patricks-day-com-nossas-ofertas-flash\/#breadcrumb\"},\"inLanguage\":\"es\",\"potentialAction\":[{\"@type\":\"ReadAction\",\"target\":[\"https:\/\/shopenzona.es\/blogpt\/comemore-st-patricks-day-com-nossas-ofertas-flash\/\"]}]},{\"@type\":\"BreadcrumbList\",\"@id\":\"https:\/\/shopenzona.es\/blogpt\/comemore-st-patricks-day-com-nossas-ofertas-flash\/#breadcrumb\",\"itemListElement\":[{\"@type\":\"ListItem\",\"position\":1,\"name\":\"Portada\",\"item\":\"https:\/\/shopenzona.es\/blogpt\/\"},{\"@type\":\"ListItem\",\"position\":2,\"name\":\"Comemore St Patrick&#8217;s Day com as nossas Ofertas Flash!\"}]},{\"@type\":\"WebSite\",\"@id\":\"https:\/\/shopenzona.es\/blogpt\/#website\",\"url\":\"https:\/\/shopenzona.es\/blogpt\/\",\"name\":\"Allzone Portugal\",\"description\":\"Blog de Allzone Portugal\",\"potentialAction\":[{\"@type\":\"SearchAction\",\"target\":{\"@type\":\"EntryPoint\",\"urlTemplate\":\"https:\/\/shopenzona.es\/blogpt\/?s={search_term_string}\"},\"query-input\":\"required name=search_term_string\"}],\"inLanguage\":\"es\"},{\"@type\":\"Person\",\"@id\":\"https:\/\/shopenzona.es\/blogpt\/#\/schema\/person\/2ee505aa363575227da41c5b26bacb59\",\"name\":\"Mar\u00eda Serrano\",\"image\":{\"@type\":\"ImageObject\",\"inLanguage\":\"es\",\"@id\":\"https:\/\/shopenzona.es\/blogpt\/#\/schema\/person\/image\/\",\"url\":\"https:\/\/secure.gravatar.com\/avatar\/2eb9088c847015acc2fed38026da9a2b?s=96&d=mm&r=g\",\"contentUrl\":\"https:\/\/secure.gravatar.com\/avatar\/2eb9088c847015acc2fed38026da9a2b?s=96&d=mm&r=g\",\"caption\":\"Mar\u00eda Serrano\"}}]}<\/script>\n<!-- \/ Yoast SEO plugin. -->","yoast_head_json":{"title":"Comemore o St Patrick's Day com as nossas Ofertas Flash!","description":"De 14 a 18 de mar\u00e7o, oferecemos-lhe a oportunidade perfeita para comprar as nossas irresist\u00edveis Ofertas Flash do St Patrick's Day.","robots":{"index":"index","follow":"follow","max-snippet":"max-snippet:-1","max-image-preview":"max-image-preview:large","max-video-preview":"max-video-preview:-1"},"canonical":"https:\/\/shopenzona.es\/blogpt\/comemore-st-patricks-day-com-nossas-ofertas-flash\/","og_locale":"es_ES","og_type":"article","og_title":"Comemore o St Patrick's Day com as nossas Ofertas Flash!","og_description":"De 14 a 18 de mar\u00e7o, oferecemos-lhe a oportunidade perfeita para comprar as nossas irresist\u00edveis Ofertas Flash do St Patrick's Day.","og_url":"https:\/\/shopenzona.es\/blogpt\/comemore-st-patricks-day-com-nossas-ofertas-flash\/","og_site_name":"Allzone Portugal","article_published_time":"2025-03-13T15:21:08+00:00","article_modified_time":"2025-03-13T15:22:04+00:00","og_image":[{"width":825,"height":450,"url":"https:\/\/shopenzona.es\/blogpt\/wp-content\/uploads\/2025\/03\/PT.STPATRICK.blogging.jpg","type":"image\/jpeg"}],"author":"Mar\u00eda Serrano","twitter_card":"summary_large_image","twitter_misc":{"Escrito por":"Mar\u00eda Serrano","Tiempo de lectura":"2 minutos"},"schema":{"@context":"https:\/\/schema.org","@graph":[{"@type":"WebPage","@id":"https:\/\/shopenzona.es\/blogpt\/comemore-st-patricks-day-com-nossas-ofertas-flash\/","url":"https:\/\/shopenzona.es\/blogpt\/comemore-st-patricks-day-com-nossas-ofertas-flash\/","name":"Comemore o St Patrick's Day com as nossas Ofertas Flash!","isPartOf":{"@id":"https:\/\/shopenzona.es\/blogpt\/#website"},"datePublished":"2025-03-13T15:21:08+00:00","dateModified":"2025-03-13T15:22:04+00:00","author":{"@id":"https:\/\/shopenzona.es\/blogpt\/#\/schema\/person\/2ee505aa363575227da41c5b26bacb59"},"description":"De 14 a 18 de mar\u00e7o, oferecemos-lhe a oportunidade perfeita para comprar as nossas irresist\u00edveis Ofertas Flash do St Patrick's Day.","breadcrumb":{"@id":"https:\/\/shopenzona.es\/blogpt\/comemore-st-patricks-day-com-nossas-ofertas-flash\/#breadcrumb"},"inLanguage":"es","potentialAction":[{"@type":"ReadAction","target":["https:\/\/shopenzona.es\/blogpt\/comemore-st-patricks-day-com-nossas-ofertas-flash\/"]}]},{"@type":"BreadcrumbList","@id":"https:\/\/shopenzona.es\/blogpt\/comemore-st-patricks-day-com-nossas-ofertas-flash\/#breadcrumb","itemListElement":[{"@type":"ListItem","position":1,"name":"Portada","item":"https:\/\/shopenzona.es\/blogpt\/"},{"@type":"ListItem","position":2,"name":"Comemore St Patrick&#8217;s Day com as nossas Ofertas Flash!"}]},{"@type":"WebSite","@id":"https:\/\/shopenzona.es\/blogpt\/#website","url":"https:\/\/shopenzona.es\/blogpt\/","name":"Allzone Portugal","description":"Blog de Allzone Portugal","potentialAction":[{"@type":"SearchAction","target":{"@type":"EntryPoint","urlTemplate":"https:\/\/shopenzona.es\/blogpt\/?s={search_term_string}"},"query-input":"required name=search_term_string"}],"inLanguage":"es"},{"@type":"Person","@id":"https:\/\/shopenzona.es\/blogpt\/#\/schema\/person\/2ee505aa363575227da41c5b26bacb59","name":"Mar\u00eda Serrano","image":{"@type":"ImageObject","inLanguage":"es","@id":"https:\/\/shopenzona.es\/blogpt\/#\/schema\/person\/image\/","url":"https:\/\/secure.gravatar.com\/avatar\/2eb9088c847015acc2fed38026da9a2b?s=96&d=mm&r=g","contentUrl":"https:\/\/secure.gravatar.com\/avatar\/2eb9088c847015acc2fed38026da9a2b?s=96&d=mm&r=g","caption":"Mar\u00eda Serrano"}}]}},"_links":{"self":[{"href":"https:\/\/shopenzona.es\/blogpt\/wp-json\/wp\/v2\/posts\/34769"}],"collection":[{"href":"https:\/\/shopenzona.es\/blogpt\/wp-json\/wp\/v2\/posts"}],"about":[{"href":"https:\/\/shopenzona.es\/blogpt\/wp-json\/wp\/v2\/types\/post"}],"author":[{"embeddable":true,"href":"https:\/\/shopenzona.es\/blogpt\/wp-json\/wp\/v2\/users\/28"}],"replies":[{"embeddable":true,"href":"https:\/\/shopenzona.es\/blogpt\/wp-json\/wp\/v2\/comments?post=34769"}],"version-history":[{"count":4,"href":"https:\/\/shopenzona.es\/blogpt\/wp-json\/wp\/v2\/posts\/34769\/revisions"}],"predecessor-version":[{"id":34784,"href":"https:\/\/shopenzona.es\/blogpt\/wp-json\/wp\/v2\/posts\/34769\/revisions\/34784"}],"wp:featuredmedia":[{"embeddable":true,"href":"https:\/\/shopenzona.es\/blogpt\/wp-json\/wp\/v2\/media\/34783"}],"wp:attachment":[{"href":"https:\/\/shopenzona.es\/blogpt\/wp-json\/wp\/v2\/media?parent=34769"}],"wp:term":[{"taxonomy":"category","embeddable":true,"href":"https:\/\/shopenzona.es\/blogpt\/wp-json\/wp\/v2\/categories?post=34769"},{"taxonomy":"post_tag","embeddable":true,"href":"https:\/\/shopenzona.es\/blogpt\/wp-json\/wp\/v2\/tags?post=34769"}],"curies":[{"name":"wp","href":"https:\/\/api.w.org\/{rel}","templated":true}]}}